{"id":1387,"date":"2024-03-17T18:12:00","date_gmt":"2024-03-17T17:12:00","guid":{"rendered":"https:\/\/ihc-grenchen.ch\/wordpress\/?p=1387"},"modified":"2024-05-05T18:39:38","modified_gmt":"2024-05-05T17:39:38","slug":"spieltag-1-ihc-grenchen-vs-aire-la-ville-ii","status":"publish","type":"post","link":"https:\/\/ihc-grenchen.ch\/wordpress\/index.php\/2024\/03\/17\/spieltag-1-ihc-grenchen-vs-aire-la-ville-ii\/","title":{"rendered":"Spieltag 1: IHC Grenchen vs. Aire-la-Ville II"},"content":{"rendered":"\n<p class=\"wp-block-paragraph\">Saisonstart gelungen: Souver\u00e4ner Sieg gegen <a href=\"https:\/\/www.instagram.com\/ihcalv\/\">@ihcalv<\/a> 2<br><br>In ihrem ersten Auftritt der Saison 2024 trafen wir auf einen neuen Gegner: den IHC Aire-la-Ville 2, der in der letzten Saison im Mittelfeld der Tabelle auf dem sechsten Platz landete. Es war ungewiss, was uns erwarten w\u00fcrde, aber wir waren fest entschlossen, uns nicht davon beeindrucken zu lassen.<br><br>Nun zum Spielgeschehen. Wir zeigten von Anfang an, dass wir den Sieg im Visier hatten. Bereits nach drei Minuten gingen wir in F\u00fchrung und konnten in der 11. Minute noch einen Treffer nachlegen, um mit zwei Toren in F\u00fchrung zu gehen. Wir beherrschten das Spiel im ersten Drittel sehr gut, sowohl defensiv durch diszipliniertes Verhalten als auch als geschlossene Einheit auf dem Feld.<br><br>Im zweiten Drittel setzten wir genau dort an, wo wir aufgeh\u00f6rt hatten. Bereits nach einer Minute konnten wir erneut jubeln und auf 3:0 erh\u00f6hen. Nach 30 Minuten stand es bereits 6:0 f\u00fcr uns, und wir erzielten sogar ein Unterzahltor. Dann gelang Aire-la-Ville zwar ein Treffer in \u00dcberzahl, aber wir lie\u00dfen uns davon nicht aus der Ruhe bringen und konnten in der 36. Minute erneut punkten. Das Spiel wurde etwas hitziger, was auch zu Strafen f\u00fchrte und Aire-la-Ville die Chance zum Torerfolg gab.<br><br>Im dritten Drittel legten wir einen furiosen Start hin. Nach nur 47 Sekunden erh\u00f6hten wir auf 8:2. Doch Aire-la-Ville konnte noch einmal verk\u00fcrzen. Danach kam von ihnen jedoch nicht mehr viel. Wir konzentrierten uns diszipliniert weiter auf unser Spiel und konnten bis zum 10:3 erh\u00f6hen und damit den Sieg einfahren.<br><br>Ein \u00e4u\u00dferst gelungener Start in die Saison, auch wenn es noch einige Details gibt, die verbessert werden m\u00fcssen. Nun gilt es, diesen Schwung mit in die n\u00e4chsten Spiele zu nehmen.<\/p>\n","protected":false},"excerpt":{"rendered":"<p>Saisonstart gelungen: Souver\u00e4ner Sieg gegen @ihcalv 2 In ihrem ersten Auftritt der Saison 2024 trafen wir auf einen neuen Gegner: den IHC Aire-la-Ville 2, der in der letzten Saison im Mittelfeld der Tabelle auf dem sechsten Platz landete. Es war ungewiss, was uns erwarten w\u00fcrde, aber wir waren fest entschlossen, uns nicht davon beeindrucken zu [&hellip;]<\/p>\n","protected":false},"author":1,"featured_media":0,"comment_status":"closed","ping_status":"closed","sticky":false,"template":"","format":"standard","meta":{"om_disable_all_campaigns":false,"_monsterinsights_skip_tracking":false,"footnotes":""},"categories":[65,63],"tags":[],"class_list":["post-1387","post","type-post","status-publish","format-standard","hentry","category-meisterschaft-saison-2024","category-saison-2024"],"yoast_head":"<!-- This site is optimized with the Yoast SEO plugin v28.3 - https:\/\/yoast.com\/product\/yoast-seo-wordpress\/ -->\n<title>Spieltag 1: IHC Grenchen vs. Aire-la-Ville II - IHC Grenchen<\/title>\n<meta name=\"description\" content=\"Saisonstart gelungen: Souver\u00e4ner Sieg gegen @ihcalv 2In ihrem ersten Auftritt der Saison 2024 trafen wir auf einen neuen Gegner: den IHC Aire-la-Ville 2,\" \/>\n<meta name=\"robots\" content=\"index, follow, max-snippet:-1, max-image-preview:large, max-video-preview:-1\" \/>\n<link rel=\"canonical\" href=\"https:\/\/ihc-grenchen.ch\/wordpress\/index.php\/2024\/03\/17\/spieltag-1-ihc-grenchen-vs-aire-la-ville-ii\/\" \/>\n<meta property=\"og:locale\" content=\"de_DE\" \/>\n<meta property=\"og:type\" content=\"article\" \/>\n<meta property=\"og:title\" content=\"Spieltag 1: IHC Grenchen vs. Aire-la-Ville II - IHC Grenchen\" \/>\n<meta property=\"og:description\" content=\"Saisonstart gelungen: Souver\u00e4ner Sieg gegen @ihcalv 2In ihrem ersten Auftritt der Saison 2024 trafen wir auf einen neuen Gegner: den IHC Aire-la-Ville 2,\" \/>\n<meta property=\"og:url\" content=\"https:\/\/ihc-grenchen.ch\/wordpress\/index.php\/2024\/03\/17\/spieltag-1-ihc-grenchen-vs-aire-la-ville-ii\/\" \/>\n<meta property=\"og:site_name\" content=\"IHC Grenchen\" \/>\n<meta property=\"article:publisher\" content=\"https:\/\/www.facebook.com\/ihcgrenchen\/\" \/>\n<meta property=\"article:published_time\" content=\"2024-03-17T17:12:00+00:00\" \/>\n<meta property=\"article:modified_time\" content=\"2024-05-05T17:39:38+00:00\" \/>\n<meta name=\"author\" content=\"Nils Sterchi\" \/>\n<meta name=\"twitter:card\" content=\"summary_large_image\" \/>\n<meta name=\"twitter:label1\" content=\"Verfasst von\" \/>\n\t<meta name=\"twitter:data1\" content=\"Nils Sterchi\" \/>\n\t<meta name=\"twitter:label2\" content=\"Gesch\u00e4tzte Lesezeit\" \/>\n\t<meta name=\"twitter:data2\" content=\"2\u00a0Minuten\" \/>\n<script type=\"application\/ld+json\" class=\"yoast-schema-graph\">{\"@context\":\"https:\\\/\\\/schema.org\",\"@graph\":[{\"@type\":\"Article\",\"@id\":\"https:\\\/\\\/ihc-grenchen.ch\\\/wordpress\\\/index.php\\\/2024\\\/03\\\/17\\\/spieltag-1-ihc-grenchen-vs-aire-la-ville-ii\\\/#article\",\"isPartOf\":{\"@id\":\"https:\\\/\\\/ihc-grenchen.ch\\\/wordpress\\\/index.php\\\/2024\\\/03\\\/17\\\/spieltag-1-ihc-grenchen-vs-aire-la-ville-ii\\\/\"},\"author\":{\"name\":\"Nils Sterchi\",\"@id\":\"https:\\\/\\\/ihc-grenchen.ch\\\/wordpress\\\/#\\\/schema\\\/person\\\/7506e61e7c8314d00626de5c2ad0c96c\"},\"headline\":\"Spieltag 1: IHC Grenchen vs. Aire-la-Ville II\",\"datePublished\":\"2024-03-17T17:12:00+00:00\",\"dateModified\":\"2024-05-05T17:39:38+00:00\",\"mainEntityOfPage\":{\"@id\":\"https:\\\/\\\/ihc-grenchen.ch\\\/wordpress\\\/index.php\\\/2024\\\/03\\\/17\\\/spieltag-1-ihc-grenchen-vs-aire-la-ville-ii\\\/\"},\"wordCount\":291,\"publisher\":{\"@id\":\"https:\\\/\\\/ihc-grenchen.ch\\\/wordpress\\\/#organization\"},\"articleSection\":[\"Meisterschaft\",\"Saison 2024\"],\"inLanguage\":\"de-CH\"},{\"@type\":\"WebPage\",\"@id\":\"https:\\\/\\\/ihc-grenchen.ch\\\/wordpress\\\/index.php\\\/2024\\\/03\\\/17\\\/spieltag-1-ihc-grenchen-vs-aire-la-ville-ii\\\/\",\"url\":\"https:\\\/\\\/ihc-grenchen.ch\\\/wordpress\\\/index.php\\\/2024\\\/03\\\/17\\\/spieltag-1-ihc-grenchen-vs-aire-la-ville-ii\\\/\",\"name\":\"Spieltag 1: IHC Grenchen vs. Aire-la-Ville II - IHC Grenchen\",\"isPartOf\":{\"@id\":\"https:\\\/\\\/ihc-grenchen.ch\\\/wordpress\\\/#website\"},\"datePublished\":\"2024-03-17T17:12:00+00:00\",\"dateModified\":\"2024-05-05T17:39:38+00:00\",\"description\":\"Saisonstart gelungen: Souver\u00e4ner Sieg gegen @ihcalv 2In ihrem ersten Auftritt der Saison 2024 trafen wir auf einen neuen Gegner: den IHC Aire-la-Ville 2,\",\"breadcrumb\":{\"@id\":\"https:\\\/\\\/ihc-grenchen.ch\\\/wordpress\\\/index.php\\\/2024\\\/03\\\/17\\\/spieltag-1-ihc-grenchen-vs-aire-la-ville-ii\\\/#breadcrumb\"},\"inLanguage\":\"de-CH\",\"potentialAction\":[{\"@type\":\"ReadAction\",\"target\":[\"https:\\\/\\\/ihc-grenchen.ch\\\/wordpress\\\/index.php\\\/2024\\\/03\\\/17\\\/spieltag-1-ihc-grenchen-vs-aire-la-ville-ii\\\/\"]}]},{\"@type\":\"BreadcrumbList\",\"@id\":\"https:\\\/\\\/ihc-grenchen.ch\\\/wordpress\\\/index.php\\\/2024\\\/03\\\/17\\\/spieltag-1-ihc-grenchen-vs-aire-la-ville-ii\\\/#breadcrumb\",\"itemListElement\":[{\"@type\":\"ListItem\",\"position\":1,\"name\":\"Startseite\",\"item\":\"https:\\\/\\\/ihc-grenchen.ch\\\/wordpress\\\/\"},{\"@type\":\"ListItem\",\"position\":2,\"name\":\"Spieltag 1: IHC Grenchen vs. Aire-la-Ville II\"}]},{\"@type\":\"WebSite\",\"@id\":\"https:\\\/\\\/ihc-grenchen.ch\\\/wordpress\\\/#website\",\"url\":\"https:\\\/\\\/ihc-grenchen.ch\\\/wordpress\\\/\",\"name\":\"IHC Grenchen\",\"description\":\"Inlinehockey Verein aus Grenchen\",\"publisher\":{\"@id\":\"https:\\\/\\\/ihc-grenchen.ch\\\/wordpress\\\/#organization\"},\"potentialAction\":[{\"@type\":\"SearchAction\",\"target\":{\"@type\":\"EntryPoint\",\"urlTemplate\":\"https:\\\/\\\/ihc-grenchen.ch\\\/wordpress\\\/?s={search_term_string}\"},\"query-input\":{\"@type\":\"PropertyValueSpecification\",\"valueRequired\":true,\"valueName\":\"search_term_string\"}}],\"inLanguage\":\"de-CH\"},{\"@type\":\"Organization\",\"@id\":\"https:\\\/\\\/ihc-grenchen.ch\\\/wordpress\\\/#organization\",\"name\":\"IHC Grenchen\",\"url\":\"https:\\\/\\\/ihc-grenchen.ch\\\/wordpress\\\/\",\"logo\":{\"@type\":\"ImageObject\",\"inLanguage\":\"de-CH\",\"@id\":\"https:\\\/\\\/ihc-grenchen.ch\\\/wordpress\\\/#\\\/schema\\\/logo\\\/image\\\/\",\"url\":\"https:\\\/\\\/ihc-grenchen.ch\\\/wordpress\\\/wp-content\\\/uploads\\\/2023\\\/12\\\/grenchen-58d05f5f593cf-1.jpg\",\"contentUrl\":\"https:\\\/\\\/ihc-grenchen.ch\\\/wordpress\\\/wp-content\\\/uploads\\\/2023\\\/12\\\/grenchen-58d05f5f593cf-1.jpg\",\"width\":200,\"height\":200,\"caption\":\"IHC Grenchen\"},\"image\":{\"@id\":\"https:\\\/\\\/ihc-grenchen.ch\\\/wordpress\\\/#\\\/schema\\\/logo\\\/image\\\/\"},\"sameAs\":[\"https:\\\/\\\/www.facebook.com\\\/ihcgrenchen\\\/\",\"https:\\\/\\\/www.instagram.com\\\/ihc_grenchen\\\/\"]},{\"@type\":\"Person\",\"@id\":\"https:\\\/\\\/ihc-grenchen.ch\\\/wordpress\\\/#\\\/schema\\\/person\\\/7506e61e7c8314d00626de5c2ad0c96c\",\"name\":\"Nils Sterchi\",\"image\":{\"@type\":\"ImageObject\",\"inLanguage\":\"de-CH\",\"@id\":\"https:\\\/\\\/secure.gravatar.com\\\/avatar\\\/9d2a4825f9663654cea9fa5415f0dbaa59575f8e1bc60c4b7ef45c473f56e9e3?s=96&d=mm&r=g\",\"url\":\"https:\\\/\\\/secure.gravatar.com\\\/avatar\\\/9d2a4825f9663654cea9fa5415f0dbaa59575f8e1bc60c4b7ef45c473f56e9e3?s=96&d=mm&r=g\",\"contentUrl\":\"https:\\\/\\\/secure.gravatar.com\\\/avatar\\\/9d2a4825f9663654cea9fa5415f0dbaa59575f8e1bc60c4b7ef45c473f56e9e3?s=96&d=mm&r=g\",\"caption\":\"Nils Sterchi\"},\"sameAs\":[\"https:\\\/\\\/ihc-grenchen.ch\\\/wordpress\"],\"url\":\"https:\\\/\\\/ihc-grenchen.ch\\\/wordpress\\\/index.php\\\/author\\\/nsterchi_lustzd0w\\\/\"}]}<\/script>\n<!-- \/ Yoast SEO plugin. -->","yoast_head_json":{"title":"Spieltag 1: IHC Grenchen vs. Aire-la-Ville II - IHC Grenchen","description":"Saisonstart gelungen: Souver\u00e4ner Sieg gegen @ihcalv 2In ihrem ersten Auftritt der Saison 2024 trafen wir auf einen neuen Gegner: den IHC Aire-la-Ville 2,","robots":{"index":"index","follow":"follow","max-snippet":"max-snippet:-1","max-image-preview":"max-image-preview:large","max-video-preview":"max-video-preview:-1"},"canonical":"https:\/\/ihc-grenchen.ch\/wordpress\/index.php\/2024\/03\/17\/spieltag-1-ihc-grenchen-vs-aire-la-ville-ii\/","og_locale":"de_DE","og_type":"article","og_title":"Spieltag 1: IHC Grenchen vs. Aire-la-Ville II - IHC Grenchen","og_description":"Saisonstart gelungen: Souver\u00e4ner Sieg gegen @ihcalv 2In ihrem ersten Auftritt der Saison 2024 trafen wir auf einen neuen Gegner: den IHC Aire-la-Ville 2,","og_url":"https:\/\/ihc-grenchen.ch\/wordpress\/index.php\/2024\/03\/17\/spieltag-1-ihc-grenchen-vs-aire-la-ville-ii\/","og_site_name":"IHC Grenchen","article_publisher":"https:\/\/www.facebook.com\/ihcgrenchen\/","article_published_time":"2024-03-17T17:12:00+00:00","article_modified_time":"2024-05-05T17:39:38+00:00","author":"Nils Sterchi","twitter_card":"summary_large_image","twitter_misc":{"Verfasst von":"Nils Sterchi","Gesch\u00e4tzte Lesezeit":"2\u00a0Minuten"},"schema":{"@context":"https:\/\/schema.org","@graph":[{"@type":"Article","@id":"https:\/\/ihc-grenchen.ch\/wordpress\/index.php\/2024\/03\/17\/spieltag-1-ihc-grenchen-vs-aire-la-ville-ii\/#article","isPartOf":{"@id":"https:\/\/ihc-grenchen.ch\/wordpress\/index.php\/2024\/03\/17\/spieltag-1-ihc-grenchen-vs-aire-la-ville-ii\/"},"author":{"name":"Nils Sterchi","@id":"https:\/\/ihc-grenchen.ch\/wordpress\/#\/schema\/person\/7506e61e7c8314d00626de5c2ad0c96c"},"headline":"Spieltag 1: IHC Grenchen vs. Aire-la-Ville II","datePublished":"2024-03-17T17:12:00+00:00","dateModified":"2024-05-05T17:39:38+00:00","mainEntityOfPage":{"@id":"https:\/\/ihc-grenchen.ch\/wordpress\/index.php\/2024\/03\/17\/spieltag-1-ihc-grenchen-vs-aire-la-ville-ii\/"},"wordCount":291,"publisher":{"@id":"https:\/\/ihc-grenchen.ch\/wordpress\/#organization"},"articleSection":["Meisterschaft","Saison 2024"],"inLanguage":"de-CH"},{"@type":"WebPage","@id":"https:\/\/ihc-grenchen.ch\/wordpress\/index.php\/2024\/03\/17\/spieltag-1-ihc-grenchen-vs-aire-la-ville-ii\/","url":"https:\/\/ihc-grenchen.ch\/wordpress\/index.php\/2024\/03\/17\/spieltag-1-ihc-grenchen-vs-aire-la-ville-ii\/","name":"Spieltag 1: IHC Grenchen vs. Aire-la-Ville II - IHC Grenchen","isPartOf":{"@id":"https:\/\/ihc-grenchen.ch\/wordpress\/#website"},"datePublished":"2024-03-17T17:12:00+00:00","dateModified":"2024-05-05T17:39:38+00:00","description":"Saisonstart gelungen: Souver\u00e4ner Sieg gegen @ihcalv 2In ihrem ersten Auftritt der Saison 2024 trafen wir auf einen neuen Gegner: den IHC Aire-la-Ville 2,","breadcrumb":{"@id":"https:\/\/ihc-grenchen.ch\/wordpress\/index.php\/2024\/03\/17\/spieltag-1-ihc-grenchen-vs-aire-la-ville-ii\/#breadcrumb"},"inLanguage":"de-CH","potentialAction":[{"@type":"ReadAction","target":["https:\/\/ihc-grenchen.ch\/wordpress\/index.php\/2024\/03\/17\/spieltag-1-ihc-grenchen-vs-aire-la-ville-ii\/"]}]},{"@type":"BreadcrumbList","@id":"https:\/\/ihc-grenchen.ch\/wordpress\/index.php\/2024\/03\/17\/spieltag-1-ihc-grenchen-vs-aire-la-ville-ii\/#breadcrumb","itemListElement":[{"@type":"ListItem","position":1,"name":"Startseite","item":"https:\/\/ihc-grenchen.ch\/wordpress\/"},{"@type":"ListItem","position":2,"name":"Spieltag 1: IHC Grenchen vs. Aire-la-Ville II"}]},{"@type":"WebSite","@id":"https:\/\/ihc-grenchen.ch\/wordpress\/#website","url":"https:\/\/ihc-grenchen.ch\/wordpress\/","name":"IHC Grenchen","description":"Inlinehockey Verein aus Grenchen","publisher":{"@id":"https:\/\/ihc-grenchen.ch\/wordpress\/#organization"},"potentialAction":[{"@type":"SearchAction","target":{"@type":"EntryPoint","urlTemplate":"https:\/\/ihc-grenchen.ch\/wordpress\/?s={search_term_string}"},"query-input":{"@type":"PropertyValueSpecification","valueRequired":true,"valueName":"search_term_string"}}],"inLanguage":"de-CH"},{"@type":"Organization","@id":"https:\/\/ihc-grenchen.ch\/wordpress\/#organization","name":"IHC Grenchen","url":"https:\/\/ihc-grenchen.ch\/wordpress\/","logo":{"@type":"ImageObject","inLanguage":"de-CH","@id":"https:\/\/ihc-grenchen.ch\/wordpress\/#\/schema\/logo\/image\/","url":"https:\/\/ihc-grenchen.ch\/wordpress\/wp-content\/uploads\/2023\/12\/grenchen-58d05f5f593cf-1.jpg","contentUrl":"https:\/\/ihc-grenchen.ch\/wordpress\/wp-content\/uploads\/2023\/12\/grenchen-58d05f5f593cf-1.jpg","width":200,"height":200,"caption":"IHC Grenchen"},"image":{"@id":"https:\/\/ihc-grenchen.ch\/wordpress\/#\/schema\/logo\/image\/"},"sameAs":["https:\/\/www.facebook.com\/ihcgrenchen\/","https:\/\/www.instagram.com\/ihc_grenchen\/"]},{"@type":"Person","@id":"https:\/\/ihc-grenchen.ch\/wordpress\/#\/schema\/person\/7506e61e7c8314d00626de5c2ad0c96c","name":"Nils Sterchi","image":{"@type":"ImageObject","inLanguage":"de-CH","@id":"https:\/\/secure.gravatar.com\/avatar\/9d2a4825f9663654cea9fa5415f0dbaa59575f8e1bc60c4b7ef45c473f56e9e3?s=96&d=mm&r=g","url":"https:\/\/secure.gravatar.com\/avatar\/9d2a4825f9663654cea9fa5415f0dbaa59575f8e1bc60c4b7ef45c473f56e9e3?s=96&d=mm&r=g","contentUrl":"https:\/\/secure.gravatar.com\/avatar\/9d2a4825f9663654cea9fa5415f0dbaa59575f8e1bc60c4b7ef45c473f56e9e3?s=96&d=mm&r=g","caption":"Nils Sterchi"},"sameAs":["https:\/\/ihc-grenchen.ch\/wordpress"],"url":"https:\/\/ihc-grenchen.ch\/wordpress\/index.php\/author\/nsterchi_lustzd0w\/"}]}},"jetpack_featured_media_url":"","_links":{"self":[{"href":"https:\/\/ihc-grenchen.ch\/wordpress\/index.php\/wp-json\/wp\/v2\/posts\/1387","targetHints":{"allow":["GET"]}}],"collection":[{"href":"https:\/\/ihc-grenchen.ch\/wordpress\/index.php\/wp-json\/wp\/v2\/posts"}],"about":[{"href":"https:\/\/ihc-grenchen.ch\/wordpress\/index.php\/wp-json\/wp\/v2\/types\/post"}],"author":[{"embeddable":true,"href":"https:\/\/ihc-grenchen.ch\/wordpress\/index.php\/wp-json\/wp\/v2\/users\/1"}],"replies":[{"embeddable":true,"href":"https:\/\/ihc-grenchen.ch\/wordpress\/index.php\/wp-json\/wp\/v2\/comments?post=1387"}],"version-history":[{"count":1,"href":"https:\/\/ihc-grenchen.ch\/wordpress\/index.php\/wp-json\/wp\/v2\/posts\/1387\/revisions"}],"predecessor-version":[{"id":1388,"href":"https:\/\/ihc-grenchen.ch\/wordpress\/index.php\/wp-json\/wp\/v2\/posts\/1387\/revisions\/1388"}],"wp:attachment":[{"href":"https:\/\/ihc-grenchen.ch\/wordpress\/index.php\/wp-json\/wp\/v2\/media?parent=1387"}],"wp:term":[{"taxonomy":"category","embeddable":true,"href":"https:\/\/ihc-grenchen.ch\/wordpress\/index.php\/wp-json\/wp\/v2\/categories?post=1387"},{"taxonomy":"post_tag","embeddable":true,"href":"https:\/\/ihc-grenchen.ch\/wordpress\/index.php\/wp-json\/wp\/v2\/tags?post=1387"}],"curies":[{"name":"wp","href":"https:\/\/api.w.org\/{rel}","templated":true}]}}