{"id":1415,"date":"2024-04-24T10:31:28","date_gmt":"2024-04-24T09:31:28","guid":{"rendered":"https:\/\/ihc-grenchen.ch\/wordpress\/?p=1415"},"modified":"2024-05-05T18:39:38","modified_gmt":"2024-05-05T17:39:38","slug":"spieltag-3-ihc-bienne-vs-ihc-grenchen","status":"publish","type":"post","link":"https:\/\/ihc-grenchen.ch\/wordpress\/index.php\/2024\/04\/24\/spieltag-3-ihc-bienne-vs-ihc-grenchen\/","title":{"rendered":"Spieltag 3: IHC Bienne vs. IHC Grenchen"},"content":{"rendered":"\n<p class=\"wp-block-paragraph\">Hart umk\u00e4mpfter Sieg gegen Bienne &#8211; Vorbereitung auf das Cup-Spiel beginnt<br><br>Am Freitag, dem 12.04.2024, gelang uns ausw\u00e4rts gegen den damaligen Tabellenletzten <a href=\"https:\/\/www.instagram.com\/ihcbienne\/\">@ihcbienne<\/a> nur ein knapper 8:5 Sieg. Es war schwer zu sagen, ob es an zu viel Selbstvertrauen, \u00dcbermut oder \u00dcberheblichkeit lag, dass wir nicht wie gewohnt dominierten.<br><br>Von Anfang an zeigte sich, dass der Gegner tief stand und auf Konter lauerte. Das beeinflusste auch unser Spiel. Wir wirkten zu sorglos, als w\u00fcrden die Siege automatisch kommen, wie in den vorherigen Spielen. Doch das wurde uns schnell zum Verh\u00e4ngnis. Bereits nach 8 Minuten ging Bienne in F\u00fchrung, nachdem sie den Ball in unserer Vorw\u00e4rtsbewegung eroberten. In der 15. Minute erh\u00f6hten sie sogar auf 2:0. Es war ein Weckruf f\u00fcr uns. Erst in der 20. Minute gelang uns der erste Treffer zum 1:2, bevor es in die Pause ging.<br><br>Im zweiten Drittel kehrten wir entschlossener auf das Feld zur\u00fcck und glichen innerhalb von 8 Minuten aus, gingen sogar mit 5:2 in F\u00fchrung. Doch danach liessen wir das Tempo wieder nach und verwalteten das Ergebnis. Trotz einiger vergebener Chancen gingen wir nur mit 6:3 in die zweite Pause.<br><br>Im letzten Drittel zeigte Bienne, dass sie noch nicht aufgegeben hatten und den Sieg immer noch erreichen wollten. Wir waren darauf bedacht, das Ergebnis \u00fcber die Zeit zu bringen. Wir erzielten noch ein weiteres Tor, bevor Bienne wieder auf 7:5 herankam. Letztendlich gelang uns noch ein Treffer ins leere Tor, der den 8:5 Sieg sicherte.<br><br>Insgesamt war es sicherlich keine gute Leistung von uns, aber am Ende bleiben wir in dieser Saison unbesiegt und haben weitere 3 Punkte in der Tabelle gesichert.<br><br>Nun steht am 20.04.2024 um 14:00 Uhr ein Ausw\u00e4rtsspiel gegen den <a href=\"https:\/\/www.instagram.com\/hclaroche\/\">@hclaroche<\/a> bevor. Ein Gegner, den wir nicht untersch\u00e4tzen d\u00fcrfen und gegen den wir eine bessere Leistung als gegen Bienne zeigen m\u00fcssen.<br><br>Am Sonntag, dem 21.04.2024, steht dann das Cup-Kracher-Duell gegen den NLA-Vertreter <a href=\"https:\/\/www.instagram.com\/ihc_latour\/\">@ihc_latour<\/a> an. Der Anpfiff ist um 18:00 Uhr. Kommt alle vorbei und unterst\u00fctzt uns. F\u00fcr diejenigen, die lieber im Trockenen sitzen, bieten wir wieder einen Livestream an, besonders angesichts des vorhergesagten Wetters.<\/p>\n","protected":false},"excerpt":{"rendered":"<p>Hart umk\u00e4mpfter Sieg gegen Bienne &#8211; Vorbereitung auf das Cup-Spiel beginnt Am Freitag, dem 12.04.2024, gelang uns ausw\u00e4rts gegen den damaligen Tabellenletzten @ihcbienne nur ein knapper 8:5 Sieg. Es war schwer zu sagen, ob es an zu viel Selbstvertrauen, \u00dcbermut oder \u00dcberheblichkeit lag, dass wir nicht wie gewohnt dominierten. Von Anfang an zeigte sich, dass [&hellip;]<\/p>\n","protected":false},"author":1,"featured_media":0,"comment_status":"closed","ping_status":"closed","sticky":false,"template":"","format":"standard","meta":{"om_disable_all_campaigns":false,"_monsterinsights_skip_tracking":false,"footnotes":""},"categories":[65,63],"tags":[],"class_list":["post-1415","post","type-post","status-publish","format-standard","hentry","category-meisterschaft-saison-2024","category-saison-2024"],"yoast_head":"<!-- This site is optimized with the Yoast SEO plugin v28.3 - https:\/\/yoast.com\/product\/yoast-seo-wordpress\/ -->\n<title>Spieltag 3: IHC Bienne vs. IHC Grenchen - IHC Grenchen<\/title>\n<meta name=\"description\" content=\"Hart umk\u00e4mpfter Sieg gegen Bienne - Vorbereitung auf das Cup-Spiel beginntAm Freitag, dem 12.04.2024, gelang uns ausw\u00e4rts gegen den damaligen\" \/>\n<meta name=\"robots\" content=\"index, follow, max-snippet:-1, max-image-preview:large, max-video-preview:-1\" \/>\n<link rel=\"canonical\" href=\"https:\/\/ihc-grenchen.ch\/wordpress\/index.php\/2024\/04\/24\/spieltag-3-ihc-bienne-vs-ihc-grenchen\/\" \/>\n<meta property=\"og:locale\" content=\"de_DE\" \/>\n<meta property=\"og:type\" content=\"article\" \/>\n<meta property=\"og:title\" content=\"Spieltag 3: IHC Bienne vs. IHC Grenchen - IHC Grenchen\" \/>\n<meta property=\"og:description\" content=\"Hart umk\u00e4mpfter Sieg gegen Bienne - Vorbereitung auf das Cup-Spiel beginntAm Freitag, dem 12.04.2024, gelang uns ausw\u00e4rts gegen den damaligen\" \/>\n<meta property=\"og:url\" content=\"https:\/\/ihc-grenchen.ch\/wordpress\/index.php\/2024\/04\/24\/spieltag-3-ihc-bienne-vs-ihc-grenchen\/\" \/>\n<meta property=\"og:site_name\" content=\"IHC Grenchen\" \/>\n<meta property=\"article:publisher\" content=\"https:\/\/www.facebook.com\/ihcgrenchen\/\" \/>\n<meta property=\"article:published_time\" content=\"2024-04-24T09:31:28+00:00\" \/>\n<meta property=\"article:modified_time\" content=\"2024-05-05T17:39:38+00:00\" \/>\n<meta name=\"author\" content=\"Nils Sterchi\" \/>\n<meta name=\"twitter:card\" content=\"summary_large_image\" \/>\n<meta name=\"twitter:label1\" content=\"Verfasst von\" \/>\n\t<meta name=\"twitter:data1\" content=\"Nils Sterchi\" \/>\n\t<meta name=\"twitter:label2\" content=\"Gesch\u00e4tzte Lesezeit\" \/>\n\t<meta name=\"twitter:data2\" content=\"2\u00a0Minuten\" \/>\n<script type=\"application\/ld+json\" class=\"yoast-schema-graph\">{\"@context\":\"https:\\\/\\\/schema.org\",\"@graph\":[{\"@type\":\"Article\",\"@id\":\"https:\\\/\\\/ihc-grenchen.ch\\\/wordpress\\\/index.php\\\/2024\\\/04\\\/24\\\/spieltag-3-ihc-bienne-vs-ihc-grenchen\\\/#article\",\"isPartOf\":{\"@id\":\"https:\\\/\\\/ihc-grenchen.ch\\\/wordpress\\\/index.php\\\/2024\\\/04\\\/24\\\/spieltag-3-ihc-bienne-vs-ihc-grenchen\\\/\"},\"author\":{\"name\":\"Nils Sterchi\",\"@id\":\"https:\\\/\\\/ihc-grenchen.ch\\\/wordpress\\\/#\\\/schema\\\/person\\\/7506e61e7c8314d00626de5c2ad0c96c\"},\"headline\":\"Spieltag 3: IHC Bienne vs. IHC Grenchen\",\"datePublished\":\"2024-04-24T09:31:28+00:00\",\"dateModified\":\"2024-05-05T17:39:38+00:00\",\"mainEntityOfPage\":{\"@id\":\"https:\\\/\\\/ihc-grenchen.ch\\\/wordpress\\\/index.php\\\/2024\\\/04\\\/24\\\/spieltag-3-ihc-bienne-vs-ihc-grenchen\\\/\"},\"wordCount\":350,\"publisher\":{\"@id\":\"https:\\\/\\\/ihc-grenchen.ch\\\/wordpress\\\/#organization\"},\"articleSection\":[\"Meisterschaft\",\"Saison 2024\"],\"inLanguage\":\"de-CH\"},{\"@type\":\"WebPage\",\"@id\":\"https:\\\/\\\/ihc-grenchen.ch\\\/wordpress\\\/index.php\\\/2024\\\/04\\\/24\\\/spieltag-3-ihc-bienne-vs-ihc-grenchen\\\/\",\"url\":\"https:\\\/\\\/ihc-grenchen.ch\\\/wordpress\\\/index.php\\\/2024\\\/04\\\/24\\\/spieltag-3-ihc-bienne-vs-ihc-grenchen\\\/\",\"name\":\"Spieltag 3: IHC Bienne vs. IHC Grenchen - IHC Grenchen\",\"isPartOf\":{\"@id\":\"https:\\\/\\\/ihc-grenchen.ch\\\/wordpress\\\/#website\"},\"datePublished\":\"2024-04-24T09:31:28+00:00\",\"dateModified\":\"2024-05-05T17:39:38+00:00\",\"description\":\"Hart umk\u00e4mpfter Sieg gegen Bienne - Vorbereitung auf das Cup-Spiel beginntAm Freitag, dem 12.04.2024, gelang uns ausw\u00e4rts gegen den damaligen\",\"breadcrumb\":{\"@id\":\"https:\\\/\\\/ihc-grenchen.ch\\\/wordpress\\\/index.php\\\/2024\\\/04\\\/24\\\/spieltag-3-ihc-bienne-vs-ihc-grenchen\\\/#breadcrumb\"},\"inLanguage\":\"de-CH\",\"potentialAction\":[{\"@type\":\"ReadAction\",\"target\":[\"https:\\\/\\\/ihc-grenchen.ch\\\/wordpress\\\/index.php\\\/2024\\\/04\\\/24\\\/spieltag-3-ihc-bienne-vs-ihc-grenchen\\\/\"]}]},{\"@type\":\"BreadcrumbList\",\"@id\":\"https:\\\/\\\/ihc-grenchen.ch\\\/wordpress\\\/index.php\\\/2024\\\/04\\\/24\\\/spieltag-3-ihc-bienne-vs-ihc-grenchen\\\/#breadcrumb\",\"itemListElement\":[{\"@type\":\"ListItem\",\"position\":1,\"name\":\"Startseite\",\"item\":\"https:\\\/\\\/ihc-grenchen.ch\\\/wordpress\\\/\"},{\"@type\":\"ListItem\",\"position\":2,\"name\":\"Spieltag 3: IHC Bienne vs. IHC Grenchen\"}]},{\"@type\":\"WebSite\",\"@id\":\"https:\\\/\\\/ihc-grenchen.ch\\\/wordpress\\\/#website\",\"url\":\"https:\\\/\\\/ihc-grenchen.ch\\\/wordpress\\\/\",\"name\":\"IHC Grenchen\",\"description\":\"Inlinehockey Verein aus Grenchen\",\"publisher\":{\"@id\":\"https:\\\/\\\/ihc-grenchen.ch\\\/wordpress\\\/#organization\"},\"potentialAction\":[{\"@type\":\"SearchAction\",\"target\":{\"@type\":\"EntryPoint\",\"urlTemplate\":\"https:\\\/\\\/ihc-grenchen.ch\\\/wordpress\\\/?s={search_term_string}\"},\"query-input\":{\"@type\":\"PropertyValueSpecification\",\"valueRequired\":true,\"valueName\":\"search_term_string\"}}],\"inLanguage\":\"de-CH\"},{\"@type\":\"Organization\",\"@id\":\"https:\\\/\\\/ihc-grenchen.ch\\\/wordpress\\\/#organization\",\"name\":\"IHC Grenchen\",\"url\":\"https:\\\/\\\/ihc-grenchen.ch\\\/wordpress\\\/\",\"logo\":{\"@type\":\"ImageObject\",\"inLanguage\":\"de-CH\",\"@id\":\"https:\\\/\\\/ihc-grenchen.ch\\\/wordpress\\\/#\\\/schema\\\/logo\\\/image\\\/\",\"url\":\"https:\\\/\\\/ihc-grenchen.ch\\\/wordpress\\\/wp-content\\\/uploads\\\/2023\\\/12\\\/grenchen-58d05f5f593cf-1.jpg\",\"contentUrl\":\"https:\\\/\\\/ihc-grenchen.ch\\\/wordpress\\\/wp-content\\\/uploads\\\/2023\\\/12\\\/grenchen-58d05f5f593cf-1.jpg\",\"width\":200,\"height\":200,\"caption\":\"IHC Grenchen\"},\"image\":{\"@id\":\"https:\\\/\\\/ihc-grenchen.ch\\\/wordpress\\\/#\\\/schema\\\/logo\\\/image\\\/\"},\"sameAs\":[\"https:\\\/\\\/www.facebook.com\\\/ihcgrenchen\\\/\",\"https:\\\/\\\/www.instagram.com\\\/ihc_grenchen\\\/\"]},{\"@type\":\"Person\",\"@id\":\"https:\\\/\\\/ihc-grenchen.ch\\\/wordpress\\\/#\\\/schema\\\/person\\\/7506e61e7c8314d00626de5c2ad0c96c\",\"name\":\"Nils Sterchi\",\"image\":{\"@type\":\"ImageObject\",\"inLanguage\":\"de-CH\",\"@id\":\"https:\\\/\\\/secure.gravatar.com\\\/avatar\\\/9d2a4825f9663654cea9fa5415f0dbaa59575f8e1bc60c4b7ef45c473f56e9e3?s=96&d=mm&r=g\",\"url\":\"https:\\\/\\\/secure.gravatar.com\\\/avatar\\\/9d2a4825f9663654cea9fa5415f0dbaa59575f8e1bc60c4b7ef45c473f56e9e3?s=96&d=mm&r=g\",\"contentUrl\":\"https:\\\/\\\/secure.gravatar.com\\\/avatar\\\/9d2a4825f9663654cea9fa5415f0dbaa59575f8e1bc60c4b7ef45c473f56e9e3?s=96&d=mm&r=g\",\"caption\":\"Nils Sterchi\"},\"sameAs\":[\"https:\\\/\\\/ihc-grenchen.ch\\\/wordpress\"],\"url\":\"https:\\\/\\\/ihc-grenchen.ch\\\/wordpress\\\/index.php\\\/author\\\/nsterchi_lustzd0w\\\/\"}]}<\/script>\n<!-- \/ Yoast SEO plugin. -->","yoast_head_json":{"title":"Spieltag 3: IHC Bienne vs. IHC Grenchen - IHC Grenchen","description":"Hart umk\u00e4mpfter Sieg gegen Bienne - Vorbereitung auf das Cup-Spiel beginntAm Freitag, dem 12.04.2024, gelang uns ausw\u00e4rts gegen den damaligen","robots":{"index":"index","follow":"follow","max-snippet":"max-snippet:-1","max-image-preview":"max-image-preview:large","max-video-preview":"max-video-preview:-1"},"canonical":"https:\/\/ihc-grenchen.ch\/wordpress\/index.php\/2024\/04\/24\/spieltag-3-ihc-bienne-vs-ihc-grenchen\/","og_locale":"de_DE","og_type":"article","og_title":"Spieltag 3: IHC Bienne vs. IHC Grenchen - IHC Grenchen","og_description":"Hart umk\u00e4mpfter Sieg gegen Bienne - Vorbereitung auf das Cup-Spiel beginntAm Freitag, dem 12.04.2024, gelang uns ausw\u00e4rts gegen den damaligen","og_url":"https:\/\/ihc-grenchen.ch\/wordpress\/index.php\/2024\/04\/24\/spieltag-3-ihc-bienne-vs-ihc-grenchen\/","og_site_name":"IHC Grenchen","article_publisher":"https:\/\/www.facebook.com\/ihcgrenchen\/","article_published_time":"2024-04-24T09:31:28+00:00","article_modified_time":"2024-05-05T17:39:38+00:00","author":"Nils Sterchi","twitter_card":"summary_large_image","twitter_misc":{"Verfasst von":"Nils Sterchi","Gesch\u00e4tzte Lesezeit":"2\u00a0Minuten"},"schema":{"@context":"https:\/\/schema.org","@graph":[{"@type":"Article","@id":"https:\/\/ihc-grenchen.ch\/wordpress\/index.php\/2024\/04\/24\/spieltag-3-ihc-bienne-vs-ihc-grenchen\/#article","isPartOf":{"@id":"https:\/\/ihc-grenchen.ch\/wordpress\/index.php\/2024\/04\/24\/spieltag-3-ihc-bienne-vs-ihc-grenchen\/"},"author":{"name":"Nils Sterchi","@id":"https:\/\/ihc-grenchen.ch\/wordpress\/#\/schema\/person\/7506e61e7c8314d00626de5c2ad0c96c"},"headline":"Spieltag 3: IHC Bienne vs. IHC Grenchen","datePublished":"2024-04-24T09:31:28+00:00","dateModified":"2024-05-05T17:39:38+00:00","mainEntityOfPage":{"@id":"https:\/\/ihc-grenchen.ch\/wordpress\/index.php\/2024\/04\/24\/spieltag-3-ihc-bienne-vs-ihc-grenchen\/"},"wordCount":350,"publisher":{"@id":"https:\/\/ihc-grenchen.ch\/wordpress\/#organization"},"articleSection":["Meisterschaft","Saison 2024"],"inLanguage":"de-CH"},{"@type":"WebPage","@id":"https:\/\/ihc-grenchen.ch\/wordpress\/index.php\/2024\/04\/24\/spieltag-3-ihc-bienne-vs-ihc-grenchen\/","url":"https:\/\/ihc-grenchen.ch\/wordpress\/index.php\/2024\/04\/24\/spieltag-3-ihc-bienne-vs-ihc-grenchen\/","name":"Spieltag 3: IHC Bienne vs. IHC Grenchen - IHC Grenchen","isPartOf":{"@id":"https:\/\/ihc-grenchen.ch\/wordpress\/#website"},"datePublished":"2024-04-24T09:31:28+00:00","dateModified":"2024-05-05T17:39:38+00:00","description":"Hart umk\u00e4mpfter Sieg gegen Bienne - Vorbereitung auf das Cup-Spiel beginntAm Freitag, dem 12.04.2024, gelang uns ausw\u00e4rts gegen den damaligen","breadcrumb":{"@id":"https:\/\/ihc-grenchen.ch\/wordpress\/index.php\/2024\/04\/24\/spieltag-3-ihc-bienne-vs-ihc-grenchen\/#breadcrumb"},"inLanguage":"de-CH","potentialAction":[{"@type":"ReadAction","target":["https:\/\/ihc-grenchen.ch\/wordpress\/index.php\/2024\/04\/24\/spieltag-3-ihc-bienne-vs-ihc-grenchen\/"]}]},{"@type":"BreadcrumbList","@id":"https:\/\/ihc-grenchen.ch\/wordpress\/index.php\/2024\/04\/24\/spieltag-3-ihc-bienne-vs-ihc-grenchen\/#breadcrumb","itemListElement":[{"@type":"ListItem","position":1,"name":"Startseite","item":"https:\/\/ihc-grenchen.ch\/wordpress\/"},{"@type":"ListItem","position":2,"name":"Spieltag 3: IHC Bienne vs. IHC Grenchen"}]},{"@type":"WebSite","@id":"https:\/\/ihc-grenchen.ch\/wordpress\/#website","url":"https:\/\/ihc-grenchen.ch\/wordpress\/","name":"IHC Grenchen","description":"Inlinehockey Verein aus Grenchen","publisher":{"@id":"https:\/\/ihc-grenchen.ch\/wordpress\/#organization"},"potentialAction":[{"@type":"SearchAction","target":{"@type":"EntryPoint","urlTemplate":"https:\/\/ihc-grenchen.ch\/wordpress\/?s={search_term_string}"},"query-input":{"@type":"PropertyValueSpecification","valueRequired":true,"valueName":"search_term_string"}}],"inLanguage":"de-CH"},{"@type":"Organization","@id":"https:\/\/ihc-grenchen.ch\/wordpress\/#organization","name":"IHC Grenchen","url":"https:\/\/ihc-grenchen.ch\/wordpress\/","logo":{"@type":"ImageObject","inLanguage":"de-CH","@id":"https:\/\/ihc-grenchen.ch\/wordpress\/#\/schema\/logo\/image\/","url":"https:\/\/ihc-grenchen.ch\/wordpress\/wp-content\/uploads\/2023\/12\/grenchen-58d05f5f593cf-1.jpg","contentUrl":"https:\/\/ihc-grenchen.ch\/wordpress\/wp-content\/uploads\/2023\/12\/grenchen-58d05f5f593cf-1.jpg","width":200,"height":200,"caption":"IHC Grenchen"},"image":{"@id":"https:\/\/ihc-grenchen.ch\/wordpress\/#\/schema\/logo\/image\/"},"sameAs":["https:\/\/www.facebook.com\/ihcgrenchen\/","https:\/\/www.instagram.com\/ihc_grenchen\/"]},{"@type":"Person","@id":"https:\/\/ihc-grenchen.ch\/wordpress\/#\/schema\/person\/7506e61e7c8314d00626de5c2ad0c96c","name":"Nils Sterchi","image":{"@type":"ImageObject","inLanguage":"de-CH","@id":"https:\/\/secure.gravatar.com\/avatar\/9d2a4825f9663654cea9fa5415f0dbaa59575f8e1bc60c4b7ef45c473f56e9e3?s=96&d=mm&r=g","url":"https:\/\/secure.gravatar.com\/avatar\/9d2a4825f9663654cea9fa5415f0dbaa59575f8e1bc60c4b7ef45c473f56e9e3?s=96&d=mm&r=g","contentUrl":"https:\/\/secure.gravatar.com\/avatar\/9d2a4825f9663654cea9fa5415f0dbaa59575f8e1bc60c4b7ef45c473f56e9e3?s=96&d=mm&r=g","caption":"Nils Sterchi"},"sameAs":["https:\/\/ihc-grenchen.ch\/wordpress"],"url":"https:\/\/ihc-grenchen.ch\/wordpress\/index.php\/author\/nsterchi_lustzd0w\/"}]}},"jetpack_featured_media_url":"","_links":{"self":[{"href":"https:\/\/ihc-grenchen.ch\/wordpress\/index.php\/wp-json\/wp\/v2\/posts\/1415","targetHints":{"allow":["GET"]}}],"collection":[{"href":"https:\/\/ihc-grenchen.ch\/wordpress\/index.php\/wp-json\/wp\/v2\/posts"}],"about":[{"href":"https:\/\/ihc-grenchen.ch\/wordpress\/index.php\/wp-json\/wp\/v2\/types\/post"}],"author":[{"embeddable":true,"href":"https:\/\/ihc-grenchen.ch\/wordpress\/index.php\/wp-json\/wp\/v2\/users\/1"}],"replies":[{"embeddable":true,"href":"https:\/\/ihc-grenchen.ch\/wordpress\/index.php\/wp-json\/wp\/v2\/comments?post=1415"}],"version-history":[{"count":1,"href":"https:\/\/ihc-grenchen.ch\/wordpress\/index.php\/wp-json\/wp\/v2\/posts\/1415\/revisions"}],"predecessor-version":[{"id":1416,"href":"https:\/\/ihc-grenchen.ch\/wordpress\/index.php\/wp-json\/wp\/v2\/posts\/1415\/revisions\/1416"}],"wp:attachment":[{"href":"https:\/\/ihc-grenchen.ch\/wordpress\/index.php\/wp-json\/wp\/v2\/media?parent=1415"}],"wp:term":[{"taxonomy":"category","embeddable":true,"href":"https:\/\/ihc-grenchen.ch\/wordpress\/index.php\/wp-json\/wp\/v2\/categories?post=1415"},{"taxonomy":"post_tag","embeddable":true,"href":"https:\/\/ihc-grenchen.ch\/wordpress\/index.php\/wp-json\/wp\/v2\/tags?post=1415"}],"curies":[{"name":"wp","href":"https:\/\/api.w.org\/{rel}","templated":true}]}}