{"id":1427,"date":"2024-05-05T18:23:24","date_gmt":"2024-05-05T17:23:24","guid":{"rendered":"https:\/\/ihc-grenchen.ch\/wordpress\/?p=1427"},"modified":"2024-05-05T18:39:37","modified_gmt":"2024-05-05T17:39:37","slug":"spieltag-7-ihc-la-broye-vs-ihc-grenchen","status":"publish","type":"post","link":"https:\/\/ihc-grenchen.ch\/wordpress\/index.php\/2024\/05\/05\/spieltag-7-ihc-la-broye-vs-ihc-grenchen\/","title":{"rendered":"Spieltag 7: IHC La Broye vs. IHC Grenchen"},"content":{"rendered":"\n<p class=\"wp-block-paragraph\">\ud835\udc12\ud835\udc1a\ud835\udc22\ud835\udc2c\ud835\udc28\ud835\udc27\ud835\udc2b\ud835\udc2e\u0308\ud835\udc1c\ud835\udc24\ud835\udc2c\ud835\udc1c\ud835\udc21\ud835\udc25\ud835\udc1a\ud835\udc20 \ud835\udc20\ud835\udc1e\ud835\udc20\ud835\udc1e\ud835\udc27 \ud835\udc1d\ud835\udc1e\ud835\udc27 \ud835\udc13\ud835\udc1a\ud835\udc1b\ud835\udc1e\ud835\udc25\ud835\udc25\ud835\udc1e\ud835\udc27\ud835\udc25\ud835\udc1e\ud835\udc2d\ud835\udc33\ud835\udc2d\ud835\udc1e\ud835\udc27<\/p>\n\n\n\n<p class=\"wp-block-paragraph\">Am Samstag, den 04.05.2024, reisten wir nach Payerne, um gegen den Tabellenletzten @ihc_la_broye anzutreten. Unser Ziel war es, drei weitere Punkte zu holen und unsere Siegesserie fortzusetzen. Leider lief es an diesem Tag nicht nach Plan, und wir mussten eine deutliche 13:8-Niederlage hinnehmen.<\/p>\n\n\n\n<p class=\"wp-block-paragraph\">\ud835\udc12\ud835\udc1c\ud835\udc21\ud835\udc30\ud835\udc1a\ud835\udc1c\ud835\udc21\ud835\udc1e\ud835\udc2b \ud835\udc12\ud835\udc2d\ud835\udc1a\ud835\udc2b\ud835\udc2d, \ud835\udc1a\ud835\udc1b\ud835\udc1e\ud835\udc2b \ud835\udc00\ud835\udc2e\ud835\udc1f\ud835\udc21\ud835\udc28\ud835\udc25\ud835\udc23\ud835\udc1a\ud835\udc20\ud835\udc1d<\/p>\n\n\n\n<p class=\"wp-block-paragraph\">Wir erwischten einen schlechten Start und lagen nach 3 Minuten bereits mit 2:0 zur\u00fcck. In der 8. Minute konnten wir jedoch den Anschluss herstellen. Doch La Broye erwies sich als das effizientere Team und baute den Vorsprung kurz darauf wieder auf 2 Tore aus. Kurz vor der Pause drehten wir dann aber auf und konnten innerhalb von 74 Sekunden den Ausgleich erzielen. Sogar die F\u00fchrung konnten wir noch vor der Pause \u00fcbernehmen.<\/p>\n\n\n\n<p class=\"wp-block-paragraph\">\ud835\udc15\ud835\udc1e\ud835\udc2b\ud835\udc29\ud835\udc1a\ud835\udc2c\ud835\udc2c\ud835\udc2d\ud835\udc1e \ud835\udc02\ud835\udc21\ud835\udc1a\ud835\udc27\ud835\udc1c\ud835\udc1e\ud835\udc27 \ud835\udc22\ud835\udc26 \ud835\udc33\ud835\udc30\ud835\udc1e\ud835\udc22\ud835\udc2d\ud835\udc1e\ud835\udc27 \ud835\udc03\ud835\udc2b\ud835\udc22\ud835\udc2d\ud835\udc2d\ud835\udc1e\ud835\udc25<\/p>\n\n\n\n<p class=\"wp-block-paragraph\">Im zweiten Drittel zeigten wir, dass wir den Sieg unbedingt wollten. Im Powerplay konnten wir unseren Vorsprung sogar auf 2 Tore ausbauen. Leider liessen wir in der Folge zahlreiche Chancen ungenutzt, was La Broye eiskalt bestrafte und noch vor der zweiten Pause den Ausgleich erzielte.<\/p>\n\n\n\n<p class=\"wp-block-paragraph\">\ud835\udc04\ud835\udc1f\ud835\udc1f\ud835\udc22\ud835\udc33\ud835\udc22\ud835\udc1e\ud835\udc27\ud835\udc2d\ud835\udc1e \ud835\udc06\ud835\udc1a\ud835\udc2c\ud835\udc2d\ud835\udc20\ud835\udc1e\ud835\udc1b\ud835\udc1e\ud835\udc2b \ud835\udc1e\ud835\udc27\ud835\udc2d\ud835\udc2c\ud835\udc1c\ud835\udc21\ud835\udc1e\ud835\udc22\ud835\udc1d\ud835\udc1e\ud835\udc27 \ud835\udc1d\ud835\udc22\ud835\udc1e \ud835\udc0f\ud835\udc1a\ud835\udc2b\ud835\udc2d\ud835\udc22\ud835\udc1e<\/p>\n\n\n\n<p class=\"wp-block-paragraph\">Im letzten Drittel ging es in \u00e4hnlicher Manier weiter. Wir erspielten uns Chance um Chance, konnten diese aber nicht in Tore umm\u00fcnzen. La Broye hingegen nutzte seine M\u00f6glichkeiten eiskalt aus und zog bis zur 53. Minute auf 10:6 davon. In der Schlussphase profitierten die Gastgeber dann auch noch von einer 4-Minuten-Strafe, die sie doppelt ausnutzten.<\/p>\n\n\n\n<p class=\"wp-block-paragraph\">\ud835\udc05\ud835\udc1a\ud835\udc33\ud835\udc22\ud835\udc2d<\/p>\n\n\n\n<p class=\"wp-block-paragraph\">Zusammengefasst war dies ein Spiel, das das Sprichwort &#171;Wer vorne nicht trifft, bekommt es hinten rein&#187; perfekt widerspiegelte. So mussten wir ausgerechnet gegen den Tabellenletzten unsere erste Saisonniederlage hinnehmen. Trotzdem sind wir immer noch Erster. Nun haben wir zwei Wochen Pause, bevor es am 25.05.2024 um 14:00 Uhr zuhause gegen die L\u00e9chelles Coyotes weitergeht. Seid dabei, wenn wir wieder auf die Erfolgsspur zur\u00fcckkehren wollen!<\/p>\n","protected":false},"excerpt":{"rendered":"<p>\ud835\udc12\ud835\udc1a\ud835\udc22\ud835\udc2c\ud835\udc28\ud835\udc27\ud835\udc2b\ud835\udc2e\u0308\ud835\udc1c\ud835\udc24\ud835\udc2c\ud835\udc1c\ud835\udc21\ud835\udc25\ud835\udc1a\ud835\udc20 \ud835\udc20\ud835\udc1e\ud835\udc20\ud835\udc1e\ud835\udc27 \ud835\udc1d\ud835\udc1e\ud835\udc27 \ud835\udc13\ud835\udc1a\ud835\udc1b\ud835\udc1e\ud835\udc25\ud835\udc25\ud835\udc1e\ud835\udc27\ud835\udc25\ud835\udc1e\ud835\udc2d\ud835\udc33\ud835\udc2d\ud835\udc1e\ud835\udc27 Am Samstag, den 04.05.2024, reisten wir nach Payerne, um gegen den Tabellenletzten @ihc_la_broye anzutreten. Unser Ziel war es, drei weitere Punkte zu holen und unsere Siegesserie fortzusetzen. Leider lief es an diesem Tag nicht nach Plan, und wir mussten eine deutliche 13:8-Niederlage hinnehmen. \ud835\udc12\ud835\udc1c\ud835\udc21\ud835\udc30\ud835\udc1a\ud835\udc1c\ud835\udc21\ud835\udc1e\ud835\udc2b \ud835\udc12\ud835\udc2d\ud835\udc1a\ud835\udc2b\ud835\udc2d, \ud835\udc1a\ud835\udc1b\ud835\udc1e\ud835\udc2b \ud835\udc00\ud835\udc2e\ud835\udc1f\ud835\udc21\ud835\udc28\ud835\udc25\ud835\udc23\ud835\udc1a\ud835\udc20\ud835\udc1d Wir erwischten einen schlechten [&hellip;]<\/p>\n","protected":false},"author":1,"featured_media":0,"comment_status":"closed","ping_status":"closed","sticky":false,"template":"","format":"standard","meta":{"om_disable_all_campaigns":false,"_monsterinsights_skip_tracking":false,"footnotes":""},"categories":[65,63],"tags":[],"class_list":["post-1427","post","type-post","status-publish","format-standard","hentry","category-meisterschaft-saison-2024","category-saison-2024"],"yoast_head":"<!-- This site is optimized with the Yoast SEO plugin v28.3 - https:\/\/yoast.com\/product\/yoast-seo-wordpress\/ -->\n<title>Spieltag 7: IHC La Broye vs. IHC Grenchen - IHC Grenchen<\/title>\n<meta name=\"description\" content=\"\ud835\udc12\ud835\udc1a\ud835\udc22\ud835\udc2c\ud835\udc28\ud835\udc27\ud835\udc2b\ud835\udc2e\u0308\ud835\udc1c\ud835\udc24\ud835\udc2c\ud835\udc1c\ud835\udc21\ud835\udc25\ud835\udc1a\ud835\udc20 \ud835\udc20\ud835\udc1e\ud835\udc20\ud835\udc1e\ud835\udc27 \ud835\udc1d\ud835\udc1e\ud835\udc27 \ud835\udc13\ud835\udc1a\ud835\udc1b\ud835\udc1e\ud835\udc25\ud835\udc25\ud835\udc1e\ud835\udc27\ud835\udc25\ud835\udc1e\ud835\udc2d\ud835\udc33\ud835\udc2d\ud835\udc1e\ud835\udc27 Am Samstag, den 04.05.2024, reisten wir nach Payerne, um gegen den Tabellenletzten @ihc_la_broye anzutreten.\" \/>\n<meta name=\"robots\" content=\"index, follow, max-snippet:-1, max-image-preview:large, max-video-preview:-1\" \/>\n<link rel=\"canonical\" href=\"https:\/\/ihc-grenchen.ch\/wordpress\/index.php\/2024\/05\/05\/spieltag-7-ihc-la-broye-vs-ihc-grenchen\/\" \/>\n<meta property=\"og:locale\" content=\"de_DE\" \/>\n<meta property=\"og:type\" content=\"article\" \/>\n<meta property=\"og:title\" content=\"Spieltag 7: IHC La Broye vs. IHC Grenchen - IHC Grenchen\" \/>\n<meta property=\"og:description\" content=\"\ud835\udc12\ud835\udc1a\ud835\udc22\ud835\udc2c\ud835\udc28\ud835\udc27\ud835\udc2b\ud835\udc2e\u0308\ud835\udc1c\ud835\udc24\ud835\udc2c\ud835\udc1c\ud835\udc21\ud835\udc25\ud835\udc1a\ud835\udc20 \ud835\udc20\ud835\udc1e\ud835\udc20\ud835\udc1e\ud835\udc27 \ud835\udc1d\ud835\udc1e\ud835\udc27 \ud835\udc13\ud835\udc1a\ud835\udc1b\ud835\udc1e\ud835\udc25\ud835\udc25\ud835\udc1e\ud835\udc27\ud835\udc25\ud835\udc1e\ud835\udc2d\ud835\udc33\ud835\udc2d\ud835\udc1e\ud835\udc27 Am Samstag, den 04.05.2024, reisten wir nach Payerne, um gegen den Tabellenletzten @ihc_la_broye anzutreten.\" \/>\n<meta property=\"og:url\" content=\"https:\/\/ihc-grenchen.ch\/wordpress\/index.php\/2024\/05\/05\/spieltag-7-ihc-la-broye-vs-ihc-grenchen\/\" \/>\n<meta property=\"og:site_name\" content=\"IHC Grenchen\" \/>\n<meta property=\"article:publisher\" content=\"https:\/\/www.facebook.com\/ihcgrenchen\/\" \/>\n<meta property=\"article:published_time\" content=\"2024-05-05T17:23:24+00:00\" \/>\n<meta property=\"article:modified_time\" content=\"2024-05-05T17:39:37+00:00\" \/>\n<meta name=\"author\" content=\"Nils Sterchi\" \/>\n<meta name=\"twitter:card\" content=\"summary_large_image\" \/>\n<meta name=\"twitter:label1\" content=\"Verfasst von\" \/>\n\t<meta name=\"twitter:data1\" content=\"Nils Sterchi\" \/>\n\t<meta name=\"twitter:label2\" content=\"Gesch\u00e4tzte Lesezeit\" \/>\n\t<meta name=\"twitter:data2\" content=\"2\u00a0Minuten\" \/>\n<script type=\"application\/ld+json\" class=\"yoast-schema-graph\">{\"@context\":\"https:\\\/\\\/schema.org\",\"@graph\":[{\"@type\":\"Article\",\"@id\":\"https:\\\/\\\/ihc-grenchen.ch\\\/wordpress\\\/index.php\\\/2024\\\/05\\\/05\\\/spieltag-7-ihc-la-broye-vs-ihc-grenchen\\\/#article\",\"isPartOf\":{\"@id\":\"https:\\\/\\\/ihc-grenchen.ch\\\/wordpress\\\/index.php\\\/2024\\\/05\\\/05\\\/spieltag-7-ihc-la-broye-vs-ihc-grenchen\\\/\"},\"author\":{\"name\":\"Nils Sterchi\",\"@id\":\"https:\\\/\\\/ihc-grenchen.ch\\\/wordpress\\\/#\\\/schema\\\/person\\\/7506e61e7c8314d00626de5c2ad0c96c\"},\"headline\":\"Spieltag 7: IHC La Broye vs. IHC Grenchen\",\"datePublished\":\"2024-05-05T17:23:24+00:00\",\"dateModified\":\"2024-05-05T17:39:37+00:00\",\"mainEntityOfPage\":{\"@id\":\"https:\\\/\\\/ihc-grenchen.ch\\\/wordpress\\\/index.php\\\/2024\\\/05\\\/05\\\/spieltag-7-ihc-la-broye-vs-ihc-grenchen\\\/\"},\"wordCount\":283,\"publisher\":{\"@id\":\"https:\\\/\\\/ihc-grenchen.ch\\\/wordpress\\\/#organization\"},\"articleSection\":[\"Meisterschaft\",\"Saison 2024\"],\"inLanguage\":\"de-CH\"},{\"@type\":\"WebPage\",\"@id\":\"https:\\\/\\\/ihc-grenchen.ch\\\/wordpress\\\/index.php\\\/2024\\\/05\\\/05\\\/spieltag-7-ihc-la-broye-vs-ihc-grenchen\\\/\",\"url\":\"https:\\\/\\\/ihc-grenchen.ch\\\/wordpress\\\/index.php\\\/2024\\\/05\\\/05\\\/spieltag-7-ihc-la-broye-vs-ihc-grenchen\\\/\",\"name\":\"Spieltag 7: IHC La Broye vs. IHC Grenchen - IHC Grenchen\",\"isPartOf\":{\"@id\":\"https:\\\/\\\/ihc-grenchen.ch\\\/wordpress\\\/#website\"},\"datePublished\":\"2024-05-05T17:23:24+00:00\",\"dateModified\":\"2024-05-05T17:39:37+00:00\",\"description\":\"\ud835\udc12\ud835\udc1a\ud835\udc22\ud835\udc2c\ud835\udc28\ud835\udc27\ud835\udc2b\ud835\udc2e\u0308\ud835\udc1c\ud835\udc24\ud835\udc2c\ud835\udc1c\ud835\udc21\ud835\udc25\ud835\udc1a\ud835\udc20 \ud835\udc20\ud835\udc1e\ud835\udc20\ud835\udc1e\ud835\udc27 \ud835\udc1d\ud835\udc1e\ud835\udc27 \ud835\udc13\ud835\udc1a\ud835\udc1b\ud835\udc1e\ud835\udc25\ud835\udc25\ud835\udc1e\ud835\udc27\ud835\udc25\ud835\udc1e\ud835\udc2d\ud835\udc33\ud835\udc2d\ud835\udc1e\ud835\udc27 Am Samstag, den 04.05.2024, reisten wir nach Payerne, um gegen den Tabellenletzten @ihc_la_broye anzutreten.\",\"breadcrumb\":{\"@id\":\"https:\\\/\\\/ihc-grenchen.ch\\\/wordpress\\\/index.php\\\/2024\\\/05\\\/05\\\/spieltag-7-ihc-la-broye-vs-ihc-grenchen\\\/#breadcrumb\"},\"inLanguage\":\"de-CH\",\"potentialAction\":[{\"@type\":\"ReadAction\",\"target\":[\"https:\\\/\\\/ihc-grenchen.ch\\\/wordpress\\\/index.php\\\/2024\\\/05\\\/05\\\/spieltag-7-ihc-la-broye-vs-ihc-grenchen\\\/\"]}]},{\"@type\":\"BreadcrumbList\",\"@id\":\"https:\\\/\\\/ihc-grenchen.ch\\\/wordpress\\\/index.php\\\/2024\\\/05\\\/05\\\/spieltag-7-ihc-la-broye-vs-ihc-grenchen\\\/#breadcrumb\",\"itemListElement\":[{\"@type\":\"ListItem\",\"position\":1,\"name\":\"Startseite\",\"item\":\"https:\\\/\\\/ihc-grenchen.ch\\\/wordpress\\\/\"},{\"@type\":\"ListItem\",\"position\":2,\"name\":\"Spieltag 7: IHC La Broye vs. IHC Grenchen\"}]},{\"@type\":\"WebSite\",\"@id\":\"https:\\\/\\\/ihc-grenchen.ch\\\/wordpress\\\/#website\",\"url\":\"https:\\\/\\\/ihc-grenchen.ch\\\/wordpress\\\/\",\"name\":\"IHC Grenchen\",\"description\":\"Inlinehockey Verein aus Grenchen\",\"publisher\":{\"@id\":\"https:\\\/\\\/ihc-grenchen.ch\\\/wordpress\\\/#organization\"},\"potentialAction\":[{\"@type\":\"SearchAction\",\"target\":{\"@type\":\"EntryPoint\",\"urlTemplate\":\"https:\\\/\\\/ihc-grenchen.ch\\\/wordpress\\\/?s={search_term_string}\"},\"query-input\":{\"@type\":\"PropertyValueSpecification\",\"valueRequired\":true,\"valueName\":\"search_term_string\"}}],\"inLanguage\":\"de-CH\"},{\"@type\":\"Organization\",\"@id\":\"https:\\\/\\\/ihc-grenchen.ch\\\/wordpress\\\/#organization\",\"name\":\"IHC Grenchen\",\"url\":\"https:\\\/\\\/ihc-grenchen.ch\\\/wordpress\\\/\",\"logo\":{\"@type\":\"ImageObject\",\"inLanguage\":\"de-CH\",\"@id\":\"https:\\\/\\\/ihc-grenchen.ch\\\/wordpress\\\/#\\\/schema\\\/logo\\\/image\\\/\",\"url\":\"https:\\\/\\\/ihc-grenchen.ch\\\/wordpress\\\/wp-content\\\/uploads\\\/2023\\\/12\\\/grenchen-58d05f5f593cf-1.jpg\",\"contentUrl\":\"https:\\\/\\\/ihc-grenchen.ch\\\/wordpress\\\/wp-content\\\/uploads\\\/2023\\\/12\\\/grenchen-58d05f5f593cf-1.jpg\",\"width\":200,\"height\":200,\"caption\":\"IHC Grenchen\"},\"image\":{\"@id\":\"https:\\\/\\\/ihc-grenchen.ch\\\/wordpress\\\/#\\\/schema\\\/logo\\\/image\\\/\"},\"sameAs\":[\"https:\\\/\\\/www.facebook.com\\\/ihcgrenchen\\\/\",\"https:\\\/\\\/www.instagram.com\\\/ihc_grenchen\\\/\"]},{\"@type\":\"Person\",\"@id\":\"https:\\\/\\\/ihc-grenchen.ch\\\/wordpress\\\/#\\\/schema\\\/person\\\/7506e61e7c8314d00626de5c2ad0c96c\",\"name\":\"Nils Sterchi\",\"image\":{\"@type\":\"ImageObject\",\"inLanguage\":\"de-CH\",\"@id\":\"https:\\\/\\\/secure.gravatar.com\\\/avatar\\\/9d2a4825f9663654cea9fa5415f0dbaa59575f8e1bc60c4b7ef45c473f56e9e3?s=96&d=mm&r=g\",\"url\":\"https:\\\/\\\/secure.gravatar.com\\\/avatar\\\/9d2a4825f9663654cea9fa5415f0dbaa59575f8e1bc60c4b7ef45c473f56e9e3?s=96&d=mm&r=g\",\"contentUrl\":\"https:\\\/\\\/secure.gravatar.com\\\/avatar\\\/9d2a4825f9663654cea9fa5415f0dbaa59575f8e1bc60c4b7ef45c473f56e9e3?s=96&d=mm&r=g\",\"caption\":\"Nils Sterchi\"},\"sameAs\":[\"https:\\\/\\\/ihc-grenchen.ch\\\/wordpress\"],\"url\":\"https:\\\/\\\/ihc-grenchen.ch\\\/wordpress\\\/index.php\\\/author\\\/nsterchi_lustzd0w\\\/\"}]}<\/script>\n<!-- \/ Yoast SEO plugin. -->","yoast_head_json":{"title":"Spieltag 7: IHC La Broye vs. IHC Grenchen - IHC Grenchen","description":"\ud835\udc12\ud835\udc1a\ud835\udc22\ud835\udc2c\ud835\udc28\ud835\udc27\ud835\udc2b\ud835\udc2e\u0308\ud835\udc1c\ud835\udc24\ud835\udc2c\ud835\udc1c\ud835\udc21\ud835\udc25\ud835\udc1a\ud835\udc20 \ud835\udc20\ud835\udc1e\ud835\udc20\ud835\udc1e\ud835\udc27 \ud835\udc1d\ud835\udc1e\ud835\udc27 \ud835\udc13\ud835\udc1a\ud835\udc1b\ud835\udc1e\ud835\udc25\ud835\udc25\ud835\udc1e\ud835\udc27\ud835\udc25\ud835\udc1e\ud835\udc2d\ud835\udc33\ud835\udc2d\ud835\udc1e\ud835\udc27 Am Samstag, den 04.05.2024, reisten wir nach Payerne, um gegen den Tabellenletzten @ihc_la_broye anzutreten.","robots":{"index":"index","follow":"follow","max-snippet":"max-snippet:-1","max-image-preview":"max-image-preview:large","max-video-preview":"max-video-preview:-1"},"canonical":"https:\/\/ihc-grenchen.ch\/wordpress\/index.php\/2024\/05\/05\/spieltag-7-ihc-la-broye-vs-ihc-grenchen\/","og_locale":"de_DE","og_type":"article","og_title":"Spieltag 7: IHC La Broye vs. IHC Grenchen - IHC Grenchen","og_description":"\ud835\udc12\ud835\udc1a\ud835\udc22\ud835\udc2c\ud835\udc28\ud835\udc27\ud835\udc2b\ud835\udc2e\u0308\ud835\udc1c\ud835\udc24\ud835\udc2c\ud835\udc1c\ud835\udc21\ud835\udc25\ud835\udc1a\ud835\udc20 \ud835\udc20\ud835\udc1e\ud835\udc20\ud835\udc1e\ud835\udc27 \ud835\udc1d\ud835\udc1e\ud835\udc27 \ud835\udc13\ud835\udc1a\ud835\udc1b\ud835\udc1e\ud835\udc25\ud835\udc25\ud835\udc1e\ud835\udc27\ud835\udc25\ud835\udc1e\ud835\udc2d\ud835\udc33\ud835\udc2d\ud835\udc1e\ud835\udc27 Am Samstag, den 04.05.2024, reisten wir nach Payerne, um gegen den Tabellenletzten @ihc_la_broye anzutreten.","og_url":"https:\/\/ihc-grenchen.ch\/wordpress\/index.php\/2024\/05\/05\/spieltag-7-ihc-la-broye-vs-ihc-grenchen\/","og_site_name":"IHC Grenchen","article_publisher":"https:\/\/www.facebook.com\/ihcgrenchen\/","article_published_time":"2024-05-05T17:23:24+00:00","article_modified_time":"2024-05-05T17:39:37+00:00","author":"Nils Sterchi","twitter_card":"summary_large_image","twitter_misc":{"Verfasst von":"Nils Sterchi","Gesch\u00e4tzte Lesezeit":"2\u00a0Minuten"},"schema":{"@context":"https:\/\/schema.org","@graph":[{"@type":"Article","@id":"https:\/\/ihc-grenchen.ch\/wordpress\/index.php\/2024\/05\/05\/spieltag-7-ihc-la-broye-vs-ihc-grenchen\/#article","isPartOf":{"@id":"https:\/\/ihc-grenchen.ch\/wordpress\/index.php\/2024\/05\/05\/spieltag-7-ihc-la-broye-vs-ihc-grenchen\/"},"author":{"name":"Nils Sterchi","@id":"https:\/\/ihc-grenchen.ch\/wordpress\/#\/schema\/person\/7506e61e7c8314d00626de5c2ad0c96c"},"headline":"Spieltag 7: IHC La Broye vs. IHC Grenchen","datePublished":"2024-05-05T17:23:24+00:00","dateModified":"2024-05-05T17:39:37+00:00","mainEntityOfPage":{"@id":"https:\/\/ihc-grenchen.ch\/wordpress\/index.php\/2024\/05\/05\/spieltag-7-ihc-la-broye-vs-ihc-grenchen\/"},"wordCount":283,"publisher":{"@id":"https:\/\/ihc-grenchen.ch\/wordpress\/#organization"},"articleSection":["Meisterschaft","Saison 2024"],"inLanguage":"de-CH"},{"@type":"WebPage","@id":"https:\/\/ihc-grenchen.ch\/wordpress\/index.php\/2024\/05\/05\/spieltag-7-ihc-la-broye-vs-ihc-grenchen\/","url":"https:\/\/ihc-grenchen.ch\/wordpress\/index.php\/2024\/05\/05\/spieltag-7-ihc-la-broye-vs-ihc-grenchen\/","name":"Spieltag 7: IHC La Broye vs. IHC Grenchen - IHC Grenchen","isPartOf":{"@id":"https:\/\/ihc-grenchen.ch\/wordpress\/#website"},"datePublished":"2024-05-05T17:23:24+00:00","dateModified":"2024-05-05T17:39:37+00:00","description":"\ud835\udc12\ud835\udc1a\ud835\udc22\ud835\udc2c\ud835\udc28\ud835\udc27\ud835\udc2b\ud835\udc2e\u0308\ud835\udc1c\ud835\udc24\ud835\udc2c\ud835\udc1c\ud835\udc21\ud835\udc25\ud835\udc1a\ud835\udc20 \ud835\udc20\ud835\udc1e\ud835\udc20\ud835\udc1e\ud835\udc27 \ud835\udc1d\ud835\udc1e\ud835\udc27 \ud835\udc13\ud835\udc1a\ud835\udc1b\ud835\udc1e\ud835\udc25\ud835\udc25\ud835\udc1e\ud835\udc27\ud835\udc25\ud835\udc1e\ud835\udc2d\ud835\udc33\ud835\udc2d\ud835\udc1e\ud835\udc27 Am Samstag, den 04.05.2024, reisten wir nach Payerne, um gegen den Tabellenletzten @ihc_la_broye anzutreten.","breadcrumb":{"@id":"https:\/\/ihc-grenchen.ch\/wordpress\/index.php\/2024\/05\/05\/spieltag-7-ihc-la-broye-vs-ihc-grenchen\/#breadcrumb"},"inLanguage":"de-CH","potentialAction":[{"@type":"ReadAction","target":["https:\/\/ihc-grenchen.ch\/wordpress\/index.php\/2024\/05\/05\/spieltag-7-ihc-la-broye-vs-ihc-grenchen\/"]}]},{"@type":"BreadcrumbList","@id":"https:\/\/ihc-grenchen.ch\/wordpress\/index.php\/2024\/05\/05\/spieltag-7-ihc-la-broye-vs-ihc-grenchen\/#breadcrumb","itemListElement":[{"@type":"ListItem","position":1,"name":"Startseite","item":"https:\/\/ihc-grenchen.ch\/wordpress\/"},{"@type":"ListItem","position":2,"name":"Spieltag 7: IHC La Broye vs. IHC Grenchen"}]},{"@type":"WebSite","@id":"https:\/\/ihc-grenchen.ch\/wordpress\/#website","url":"https:\/\/ihc-grenchen.ch\/wordpress\/","name":"IHC Grenchen","description":"Inlinehockey Verein aus Grenchen","publisher":{"@id":"https:\/\/ihc-grenchen.ch\/wordpress\/#organization"},"potentialAction":[{"@type":"SearchAction","target":{"@type":"EntryPoint","urlTemplate":"https:\/\/ihc-grenchen.ch\/wordpress\/?s={search_term_string}"},"query-input":{"@type":"PropertyValueSpecification","valueRequired":true,"valueName":"search_term_string"}}],"inLanguage":"de-CH"},{"@type":"Organization","@id":"https:\/\/ihc-grenchen.ch\/wordpress\/#organization","name":"IHC Grenchen","url":"https:\/\/ihc-grenchen.ch\/wordpress\/","logo":{"@type":"ImageObject","inLanguage":"de-CH","@id":"https:\/\/ihc-grenchen.ch\/wordpress\/#\/schema\/logo\/image\/","url":"https:\/\/ihc-grenchen.ch\/wordpress\/wp-content\/uploads\/2023\/12\/grenchen-58d05f5f593cf-1.jpg","contentUrl":"https:\/\/ihc-grenchen.ch\/wordpress\/wp-content\/uploads\/2023\/12\/grenchen-58d05f5f593cf-1.jpg","width":200,"height":200,"caption":"IHC Grenchen"},"image":{"@id":"https:\/\/ihc-grenchen.ch\/wordpress\/#\/schema\/logo\/image\/"},"sameAs":["https:\/\/www.facebook.com\/ihcgrenchen\/","https:\/\/www.instagram.com\/ihc_grenchen\/"]},{"@type":"Person","@id":"https:\/\/ihc-grenchen.ch\/wordpress\/#\/schema\/person\/7506e61e7c8314d00626de5c2ad0c96c","name":"Nils Sterchi","image":{"@type":"ImageObject","inLanguage":"de-CH","@id":"https:\/\/secure.gravatar.com\/avatar\/9d2a4825f9663654cea9fa5415f0dbaa59575f8e1bc60c4b7ef45c473f56e9e3?s=96&d=mm&r=g","url":"https:\/\/secure.gravatar.com\/avatar\/9d2a4825f9663654cea9fa5415f0dbaa59575f8e1bc60c4b7ef45c473f56e9e3?s=96&d=mm&r=g","contentUrl":"https:\/\/secure.gravatar.com\/avatar\/9d2a4825f9663654cea9fa5415f0dbaa59575f8e1bc60c4b7ef45c473f56e9e3?s=96&d=mm&r=g","caption":"Nils Sterchi"},"sameAs":["https:\/\/ihc-grenchen.ch\/wordpress"],"url":"https:\/\/ihc-grenchen.ch\/wordpress\/index.php\/author\/nsterchi_lustzd0w\/"}]}},"jetpack_featured_media_url":"","_links":{"self":[{"href":"https:\/\/ihc-grenchen.ch\/wordpress\/index.php\/wp-json\/wp\/v2\/posts\/1427","targetHints":{"allow":["GET"]}}],"collection":[{"href":"https:\/\/ihc-grenchen.ch\/wordpress\/index.php\/wp-json\/wp\/v2\/posts"}],"about":[{"href":"https:\/\/ihc-grenchen.ch\/wordpress\/index.php\/wp-json\/wp\/v2\/types\/post"}],"author":[{"embeddable":true,"href":"https:\/\/ihc-grenchen.ch\/wordpress\/index.php\/wp-json\/wp\/v2\/users\/1"}],"replies":[{"embeddable":true,"href":"https:\/\/ihc-grenchen.ch\/wordpress\/index.php\/wp-json\/wp\/v2\/comments?post=1427"}],"version-history":[{"count":1,"href":"https:\/\/ihc-grenchen.ch\/wordpress\/index.php\/wp-json\/wp\/v2\/posts\/1427\/revisions"}],"predecessor-version":[{"id":1428,"href":"https:\/\/ihc-grenchen.ch\/wordpress\/index.php\/wp-json\/wp\/v2\/posts\/1427\/revisions\/1428"}],"wp:attachment":[{"href":"https:\/\/ihc-grenchen.ch\/wordpress\/index.php\/wp-json\/wp\/v2\/media?parent=1427"}],"wp:term":[{"taxonomy":"category","embeddable":true,"href":"https:\/\/ihc-grenchen.ch\/wordpress\/index.php\/wp-json\/wp\/v2\/categories?post=1427"},{"taxonomy":"post_tag","embeddable":true,"href":"https:\/\/ihc-grenchen.ch\/wordpress\/index.php\/wp-json\/wp\/v2\/tags?post=1427"}],"curies":[{"name":"wp","href":"https:\/\/api.w.org\/{rel}","templated":true}]}}