{"id":1494,"date":"2024-08-16T21:00:08","date_gmt":"2024-08-16T20:00:08","guid":{"rendered":"https:\/\/ihc-grenchen.ch\/wordpress\/?p=1494"},"modified":"2024-08-16T21:04:16","modified_gmt":"2024-08-16T20:04:16","slug":"spieltag-10-ihc-aire-la-ville-vs-ihc-grenchen","status":"publish","type":"post","link":"https:\/\/ihc-grenchen.ch\/wordpress\/index.php\/2024\/08\/16\/spieltag-10-ihc-aire-la-ville-vs-ihc-grenchen\/","title":{"rendered":"Spieltag 10: IHC Aire-la-Ville vs. IHC Grenchen"},"content":{"rendered":"\t\t<div data-elementor-type=\"wp-post\" data-elementor-id=\"1494\" class=\"elementor elementor-1494\">\n\t\t\t\t<div class=\"elementor-element elementor-element-6005f91 e-flex e-con-boxed e-con e-parent\" data-id=\"6005f91\" data-element_type=\"container\" data-e-type=\"container\">\n\t\t\t\t\t<div class=\"e-con-inner\">\n\t\t\t\t<div class=\"elementor-element elementor-element-6b66f97 elementor-widget elementor-widget-text-editor\" data-id=\"6b66f97\" data-element_type=\"widget\" data-e-type=\"widget\" data-widget_type=\"text-editor.default\">\n\t\t\t\t<div class=\"elementor-widget-container\">\n\t\t\t\t\t\t\t\t\t<p><strong>\u00c4\ud835\udc2b\ud835\udc20\ud835\udc1e\ud835\udc2b\ud835\udc25\ud835\udc22\ud835\udc1c\ud835\udc21\ud835\udc1e \ud835\udc00\ud835\udc2e\ud835\udc2c\ud835\udc30\u00e4\ud835\udc2b\ud835\udc2d\ud835\udc2c\ud835\udc27\ud835\udc22\ud835\udc1e\ud835\udc1d\ud835\udc1e\ud835\udc2b\ud835\udc25\ud835\udc1a\ud835\udc20\ud835\udc1e<\/strong><\/p><p><strong><br \/>\ud835\udc04\ud835\udc22\ud835\udc27 \ud835\udc21\ud835\udc1e\ud835\udc22\ud835\udc2c\ud835\udc2c\ud835\udc1e\ud835\udc2b \ud835\udc12\ud835\udc28\ud835\udc27\ud835\udc27\ud835\udc2d\ud835\udc1a\ud835\udc20 \ud835\udc22\ud835\udc27 \ud835\udc06\ud835\udc1e\ud835\udc27\ud835\udc1f<br \/><\/strong>Bei sommerlichen Temperaturen ging es f\u00fcr uns am Sonntag, den 09.06.2024, mit einem schmalen Kader nach Genf zum <a href=\"https:\/\/www.instagram.com\/ihcalv\/\">@ihcalv<\/a> , der auf dem 3. Tabellenplatz lag und mit einem Sieg an uns vorbeiziehen k\u00f6nnte. Unsererseits konnten wir mit einem Sieg wieder zur\u00fcck auf den 1. Platz klettern.<strong><br \/>\ud835\udc04\ud835\udc22\ud835\udc27 \ud835\udc26\ud835\udc22\ud835\udc2c\ud835\udc2c\ud835\udc20\ud835\udc25\u00fc\ud835\udc1c\ud835\udc24\ud835\udc2d\ud835\udc1e\ud835\udc2b \ud835\udc12\ud835\udc2d\ud835\udc1a\ud835\udc2b\ud835\udc2d<br \/><\/strong>Jedoch verlief der Start absolut nicht nach Plan. Ein weiter Ball aus der Zone von Aire-la-Ville landete neben dem Tor. Der Gegner war schneller und konnte bereits nach 11 Sekunden mit einem Eigentor 1:0 in F\u00fchrung gehen. Damit war f\u00fcr uns klar, dass dies nicht einfach wird und wir uns vor den weiten B\u00e4llen, die sie immer wieder spielten, in Acht nehmen m\u00fcssen. Wir fanden mit der Zeit immer besser ins Spiel und konnten so bis zur ersten Pause noch ausgleichen und mit 2:1 in F\u00fchrung gehen.<\/p><p><strong><br \/>\ud835\udc02\ud835\udc21\ud835\udc1a\ud835\udc27\ud835\udc1c\ud835\udc1e\ud835\udc27\ud835\udc2f\ud835\udc1e\ud835\udc2b\ud835\udc30\ud835\udc1e\ud835\udc2b\ud835\udc2d\ud835\udc2e\ud835\udc27\ud835\udc20 \ud835\udc2e\ud835\udc27\ud835\udc1d \ud835\udc03\ud835\udc1e\ud835\udc1f\ud835\udc1e\ud835\udc27\ud835\udc2c\ud835\udc22\ud835\udc2f\ud835\udc1e<br \/><\/strong>Im zweiten Drittel machte sich dann wieder unsere schlechte Chancenauswertung bemerkbar. Immer wieder scheiterten wir an uns selbst oder am herausragend spielenden Torh\u00fcter. In der Defensive liessen wir dem Gegner meistens zu viel Raum, und so konnte der Gegner wieder ausgleichen.<\/p><p><strong><br \/>\ud835\udc03\ud835\udc1a\ud835\udc2c \ud835\udc25\ud835\udc1e\ud835\udc2d\ud835\udc33\ud835\udc2d\ud835\udc1e \ud835\udc03\ud835\udc2b\ud835\udc22\ud835\udc2d\ud835\udc2d\ud835\udc1e\ud835\udc25 \ud835\udc2e\ud835\udc27\ud835\udc1d \ud835\udc1d\ud835\udc22\ud835\udc1e \ud835\udc2c\ud835\udc1c\ud835\udc21\ud835\udc30\ud835\udc22\ud835\udc27\ud835\udc1d\ud835\udc1e\ud835\udc27\ud835\udc1d\ud835\udc1e\ud835\udc27 \ud835\udc0a\ud835\udc2b\u00e4\ud835\udc1f\ud835\udc2d\ud835\udc1e<br \/><\/strong>Im letzten Drittel machte sich unser schmaler Kader bemerkbar. Der Gegner hatte mehr Energie und konnte den Raum, den ihm gegeben wurde, effizient ausnutzen. So konnte der Gegner innerhalb von 1,5 Minuten zur Drittelsmitte auf zwei Tore davonziehen. Dank eines Powerplays konnten wir nochmals auf ein Tor herankommen. Leider hielt dieses Erfolgserlebnis nicht lange, und 20 Sekunden sp\u00e4ter war der Zwei-Tore-R\u00fcckstand wiederhergestellt. Auch ein Timeout nutzte nichts mehr, da wir auch nur gerade 13 Sekunden nach dem Timeout noch ein weiteres Tor erhielten. Uns gelang noch ein Treffer, aber mehr war an diesem Sonntag nicht zu holen.<\/p><p><strong><br \/>\ud835\udc00\ud835\udc2e\ud835\udc2c\ud835\udc1b\ud835\udc25\ud835\udc22\ud835\udc1c\ud835\udc24<br \/><\/strong>So verlieren wir auch das zweite Spiel und fielen nun auf den 3. Tabellenplatz zur\u00fcck. F\u00fcr uns geht es am Samstag, den 15.06 zuhause um 14:00 Uhr gegen <a href=\"https:\/\/www.instagram.com\/shc_dzos_volants\/\">@shc_dzos_volants<\/a>. Kommt vorbei.<\/p>\t\t\t\t\t\t\t\t<\/div>\n\t\t\t\t<\/div>\n\t\t\t\t\t<\/div>\n\t\t\t\t<\/div>\n\t\t\t\t<\/div>\n\t\t","protected":false},"excerpt":{"rendered":"<p>\u00c4\ud835\udc2b\ud835\udc20\ud835\udc1e\ud835\udc2b\ud835\udc25\ud835\udc22\ud835\udc1c\ud835\udc21\ud835\udc1e \ud835\udc00\ud835\udc2e\ud835\udc2c\ud835\udc30\u00e4\ud835\udc2b\ud835\udc2d\ud835\udc2c\ud835\udc27\ud835\udc22\ud835\udc1e\ud835\udc1d\ud835\udc1e\ud835\udc2b\ud835\udc25\ud835\udc1a\ud835\udc20\ud835\udc1e \ud835\udc04\ud835\udc22\ud835\udc27 \ud835\udc21\ud835\udc1e\ud835\udc22\ud835\udc2c\ud835\udc2c\ud835\udc1e\ud835\udc2b \ud835\udc12\ud835\udc28\ud835\udc27\ud835\udc27\ud835\udc2d\ud835\udc1a\ud835\udc20 \ud835\udc22\ud835\udc27 \ud835\udc06\ud835\udc1e\ud835\udc27\ud835\udc1fBei sommerlichen Temperaturen ging es f\u00fcr uns am Sonntag, den 09.06.2024, mit einem schmalen Kader nach Genf zum @ihcalv , der auf dem 3. Tabellenplatz lag und mit einem Sieg an uns vorbeiziehen k\u00f6nnte. Unsererseits konnten wir mit einem Sieg wieder zur\u00fcck auf den 1. Platz klettern.\ud835\udc04\ud835\udc22\ud835\udc27 \ud835\udc26\ud835\udc22\ud835\udc2c\ud835\udc2c\ud835\udc20\ud835\udc25\u00fc\ud835\udc1c\ud835\udc24\ud835\udc2d\ud835\udc1e\ud835\udc2b \ud835\udc12\ud835\udc2d\ud835\udc1a\ud835\udc2b\ud835\udc2dJedoch [&hellip;]<\/p>\n","protected":false},"author":1,"featured_media":0,"comment_status":"closed","ping_status":"closed","sticky":false,"template":"","format":"standard","meta":{"om_disable_all_campaigns":false,"_monsterinsights_skip_tracking":false,"footnotes":""},"categories":[65,63],"tags":[],"class_list":["post-1494","post","type-post","status-publish","format-standard","hentry","category-meisterschaft-saison-2024","category-saison-2024"],"yoast_head":"<!-- This site is optimized with the Yoast SEO plugin v28.3 - https:\/\/yoast.com\/product\/yoast-seo-wordpress\/ -->\n<title>Spieltag 10: IHC Aire-la-Ville vs. IHC Grenchen - IHC Grenchen<\/title>\n<meta name=\"robots\" content=\"index, follow, max-snippet:-1, max-image-preview:large, max-video-preview:-1\" \/>\n<link rel=\"canonical\" href=\"https:\/\/ihc-grenchen.ch\/wordpress\/index.php\/2024\/08\/16\/spieltag-10-ihc-aire-la-ville-vs-ihc-grenchen\/\" \/>\n<meta property=\"og:locale\" content=\"de_DE\" \/>\n<meta property=\"og:type\" content=\"article\" \/>\n<meta property=\"og:title\" content=\"Spieltag 10: IHC Aire-la-Ville vs. IHC Grenchen - IHC Grenchen\" \/>\n<meta property=\"og:description\" content=\"\u00c4\ud835\udc2b\ud835\udc20\ud835\udc1e\ud835\udc2b\ud835\udc25\ud835\udc22\ud835\udc1c\ud835\udc21\ud835\udc1e \ud835\udc00\ud835\udc2e\ud835\udc2c\ud835\udc30\u00e4\ud835\udc2b\ud835\udc2d\ud835\udc2c\ud835\udc27\ud835\udc22\ud835\udc1e\ud835\udc1d\ud835\udc1e\ud835\udc2b\ud835\udc25\ud835\udc1a\ud835\udc20\ud835\udc1e \ud835\udc04\ud835\udc22\ud835\udc27 \ud835\udc21\ud835\udc1e\ud835\udc22\ud835\udc2c\ud835\udc2c\ud835\udc1e\ud835\udc2b \ud835\udc12\ud835\udc28\ud835\udc27\ud835\udc27\ud835\udc2d\ud835\udc1a\ud835\udc20 \ud835\udc22\ud835\udc27 \ud835\udc06\ud835\udc1e\ud835\udc27\ud835\udc1fBei sommerlichen Temperaturen ging es f\u00fcr uns am Sonntag, den 09.06.2024, mit einem schmalen Kader nach Genf zum @ihcalv , der auf dem 3. Tabellenplatz lag und mit einem Sieg an uns vorbeiziehen k\u00f6nnte. Unsererseits konnten wir mit einem Sieg wieder zur\u00fcck auf den 1. Platz klettern.\ud835\udc04\ud835\udc22\ud835\udc27 \ud835\udc26\ud835\udc22\ud835\udc2c\ud835\udc2c\ud835\udc20\ud835\udc25\u00fc\ud835\udc1c\ud835\udc24\ud835\udc2d\ud835\udc1e\ud835\udc2b \ud835\udc12\ud835\udc2d\ud835\udc1a\ud835\udc2b\ud835\udc2dJedoch [&hellip;]\" \/>\n<meta property=\"og:url\" content=\"https:\/\/ihc-grenchen.ch\/wordpress\/index.php\/2024\/08\/16\/spieltag-10-ihc-aire-la-ville-vs-ihc-grenchen\/\" \/>\n<meta property=\"og:site_name\" content=\"IHC Grenchen\" \/>\n<meta property=\"article:publisher\" content=\"https:\/\/www.facebook.com\/ihcgrenchen\/\" \/>\n<meta property=\"article:published_time\" content=\"2024-08-16T20:00:08+00:00\" \/>\n<meta property=\"article:modified_time\" content=\"2024-08-16T20:04:16+00:00\" \/>\n<meta name=\"author\" content=\"Nils Sterchi\" \/>\n<meta name=\"twitter:card\" content=\"summary_large_image\" \/>\n<meta name=\"twitter:label1\" content=\"Verfasst von\" \/>\n\t<meta name=\"twitter:data1\" content=\"Nils Sterchi\" \/>\n\t<meta name=\"twitter:label2\" content=\"Gesch\u00e4tzte Lesezeit\" \/>\n\t<meta name=\"twitter:data2\" content=\"2\u00a0Minuten\" \/>\n<script type=\"application\/ld+json\" class=\"yoast-schema-graph\">{\"@context\":\"https:\\\/\\\/schema.org\",\"@graph\":[{\"@type\":\"Article\",\"@id\":\"https:\\\/\\\/ihc-grenchen.ch\\\/wordpress\\\/index.php\\\/2024\\\/08\\\/16\\\/spieltag-10-ihc-aire-la-ville-vs-ihc-grenchen\\\/#article\",\"isPartOf\":{\"@id\":\"https:\\\/\\\/ihc-grenchen.ch\\\/wordpress\\\/index.php\\\/2024\\\/08\\\/16\\\/spieltag-10-ihc-aire-la-ville-vs-ihc-grenchen\\\/\"},\"author\":{\"name\":\"Nils Sterchi\",\"@id\":\"https:\\\/\\\/ihc-grenchen.ch\\\/wordpress\\\/#\\\/schema\\\/person\\\/7506e61e7c8314d00626de5c2ad0c96c\"},\"headline\":\"Spieltag 10: IHC Aire-la-Ville vs. IHC Grenchen\",\"datePublished\":\"2024-08-16T20:00:08+00:00\",\"dateModified\":\"2024-08-16T20:04:16+00:00\",\"mainEntityOfPage\":{\"@id\":\"https:\\\/\\\/ihc-grenchen.ch\\\/wordpress\\\/index.php\\\/2024\\\/08\\\/16\\\/spieltag-10-ihc-aire-la-ville-vs-ihc-grenchen\\\/\"},\"wordCount\":311,\"publisher\":{\"@id\":\"https:\\\/\\\/ihc-grenchen.ch\\\/wordpress\\\/#organization\"},\"articleSection\":[\"Meisterschaft\",\"Saison 2024\"],\"inLanguage\":\"de-CH\"},{\"@type\":\"WebPage\",\"@id\":\"https:\\\/\\\/ihc-grenchen.ch\\\/wordpress\\\/index.php\\\/2024\\\/08\\\/16\\\/spieltag-10-ihc-aire-la-ville-vs-ihc-grenchen\\\/\",\"url\":\"https:\\\/\\\/ihc-grenchen.ch\\\/wordpress\\\/index.php\\\/2024\\\/08\\\/16\\\/spieltag-10-ihc-aire-la-ville-vs-ihc-grenchen\\\/\",\"name\":\"Spieltag 10: IHC Aire-la-Ville vs. IHC Grenchen - IHC Grenchen\",\"isPartOf\":{\"@id\":\"https:\\\/\\\/ihc-grenchen.ch\\\/wordpress\\\/#website\"},\"datePublished\":\"2024-08-16T20:00:08+00:00\",\"dateModified\":\"2024-08-16T20:04:16+00:00\",\"breadcrumb\":{\"@id\":\"https:\\\/\\\/ihc-grenchen.ch\\\/wordpress\\\/index.php\\\/2024\\\/08\\\/16\\\/spieltag-10-ihc-aire-la-ville-vs-ihc-grenchen\\\/#breadcrumb\"},\"inLanguage\":\"de-CH\",\"potentialAction\":[{\"@type\":\"ReadAction\",\"target\":[\"https:\\\/\\\/ihc-grenchen.ch\\\/wordpress\\\/index.php\\\/2024\\\/08\\\/16\\\/spieltag-10-ihc-aire-la-ville-vs-ihc-grenchen\\\/\"]}]},{\"@type\":\"BreadcrumbList\",\"@id\":\"https:\\\/\\\/ihc-grenchen.ch\\\/wordpress\\\/index.php\\\/2024\\\/08\\\/16\\\/spieltag-10-ihc-aire-la-ville-vs-ihc-grenchen\\\/#breadcrumb\",\"itemListElement\":[{\"@type\":\"ListItem\",\"position\":1,\"name\":\"Startseite\",\"item\":\"https:\\\/\\\/ihc-grenchen.ch\\\/wordpress\\\/\"},{\"@type\":\"ListItem\",\"position\":2,\"name\":\"Spieltag 10: IHC Aire-la-Ville vs. IHC Grenchen\"}]},{\"@type\":\"WebSite\",\"@id\":\"https:\\\/\\\/ihc-grenchen.ch\\\/wordpress\\\/#website\",\"url\":\"https:\\\/\\\/ihc-grenchen.ch\\\/wordpress\\\/\",\"name\":\"IHC Grenchen\",\"description\":\"Inlinehockey Verein aus Grenchen\",\"publisher\":{\"@id\":\"https:\\\/\\\/ihc-grenchen.ch\\\/wordpress\\\/#organization\"},\"potentialAction\":[{\"@type\":\"SearchAction\",\"target\":{\"@type\":\"EntryPoint\",\"urlTemplate\":\"https:\\\/\\\/ihc-grenchen.ch\\\/wordpress\\\/?s={search_term_string}\"},\"query-input\":{\"@type\":\"PropertyValueSpecification\",\"valueRequired\":true,\"valueName\":\"search_term_string\"}}],\"inLanguage\":\"de-CH\"},{\"@type\":\"Organization\",\"@id\":\"https:\\\/\\\/ihc-grenchen.ch\\\/wordpress\\\/#organization\",\"name\":\"IHC Grenchen\",\"url\":\"https:\\\/\\\/ihc-grenchen.ch\\\/wordpress\\\/\",\"logo\":{\"@type\":\"ImageObject\",\"inLanguage\":\"de-CH\",\"@id\":\"https:\\\/\\\/ihc-grenchen.ch\\\/wordpress\\\/#\\\/schema\\\/logo\\\/image\\\/\",\"url\":\"https:\\\/\\\/ihc-grenchen.ch\\\/wordpress\\\/wp-content\\\/uploads\\\/2023\\\/12\\\/grenchen-58d05f5f593cf-1.jpg\",\"contentUrl\":\"https:\\\/\\\/ihc-grenchen.ch\\\/wordpress\\\/wp-content\\\/uploads\\\/2023\\\/12\\\/grenchen-58d05f5f593cf-1.jpg\",\"width\":200,\"height\":200,\"caption\":\"IHC Grenchen\"},\"image\":{\"@id\":\"https:\\\/\\\/ihc-grenchen.ch\\\/wordpress\\\/#\\\/schema\\\/logo\\\/image\\\/\"},\"sameAs\":[\"https:\\\/\\\/www.facebook.com\\\/ihcgrenchen\\\/\",\"https:\\\/\\\/www.instagram.com\\\/ihc_grenchen\\\/\"]},{\"@type\":\"Person\",\"@id\":\"https:\\\/\\\/ihc-grenchen.ch\\\/wordpress\\\/#\\\/schema\\\/person\\\/7506e61e7c8314d00626de5c2ad0c96c\",\"name\":\"Nils Sterchi\",\"image\":{\"@type\":\"ImageObject\",\"inLanguage\":\"de-CH\",\"@id\":\"https:\\\/\\\/secure.gravatar.com\\\/avatar\\\/9d2a4825f9663654cea9fa5415f0dbaa59575f8e1bc60c4b7ef45c473f56e9e3?s=96&d=mm&r=g\",\"url\":\"https:\\\/\\\/secure.gravatar.com\\\/avatar\\\/9d2a4825f9663654cea9fa5415f0dbaa59575f8e1bc60c4b7ef45c473f56e9e3?s=96&d=mm&r=g\",\"contentUrl\":\"https:\\\/\\\/secure.gravatar.com\\\/avatar\\\/9d2a4825f9663654cea9fa5415f0dbaa59575f8e1bc60c4b7ef45c473f56e9e3?s=96&d=mm&r=g\",\"caption\":\"Nils Sterchi\"},\"sameAs\":[\"https:\\\/\\\/ihc-grenchen.ch\\\/wordpress\"],\"url\":\"https:\\\/\\\/ihc-grenchen.ch\\\/wordpress\\\/index.php\\\/author\\\/nsterchi_lustzd0w\\\/\"}]}<\/script>\n<!-- \/ Yoast SEO plugin. -->","yoast_head_json":{"title":"Spieltag 10: IHC Aire-la-Ville vs. IHC Grenchen - IHC Grenchen","robots":{"index":"index","follow":"follow","max-snippet":"max-snippet:-1","max-image-preview":"max-image-preview:large","max-video-preview":"max-video-preview:-1"},"canonical":"https:\/\/ihc-grenchen.ch\/wordpress\/index.php\/2024\/08\/16\/spieltag-10-ihc-aire-la-ville-vs-ihc-grenchen\/","og_locale":"de_DE","og_type":"article","og_title":"Spieltag 10: IHC Aire-la-Ville vs. IHC Grenchen - IHC Grenchen","og_description":"\u00c4\ud835\udc2b\ud835\udc20\ud835\udc1e\ud835\udc2b\ud835\udc25\ud835\udc22\ud835\udc1c\ud835\udc21\ud835\udc1e \ud835\udc00\ud835\udc2e\ud835\udc2c\ud835\udc30\u00e4\ud835\udc2b\ud835\udc2d\ud835\udc2c\ud835\udc27\ud835\udc22\ud835\udc1e\ud835\udc1d\ud835\udc1e\ud835\udc2b\ud835\udc25\ud835\udc1a\ud835\udc20\ud835\udc1e \ud835\udc04\ud835\udc22\ud835\udc27 \ud835\udc21\ud835\udc1e\ud835\udc22\ud835\udc2c\ud835\udc2c\ud835\udc1e\ud835\udc2b \ud835\udc12\ud835\udc28\ud835\udc27\ud835\udc27\ud835\udc2d\ud835\udc1a\ud835\udc20 \ud835\udc22\ud835\udc27 \ud835\udc06\ud835\udc1e\ud835\udc27\ud835\udc1fBei sommerlichen Temperaturen ging es f\u00fcr uns am Sonntag, den 09.06.2024, mit einem schmalen Kader nach Genf zum @ihcalv , der auf dem 3. Tabellenplatz lag und mit einem Sieg an uns vorbeiziehen k\u00f6nnte. Unsererseits konnten wir mit einem Sieg wieder zur\u00fcck auf den 1. Platz klettern.\ud835\udc04\ud835\udc22\ud835\udc27 \ud835\udc26\ud835\udc22\ud835\udc2c\ud835\udc2c\ud835\udc20\ud835\udc25\u00fc\ud835\udc1c\ud835\udc24\ud835\udc2d\ud835\udc1e\ud835\udc2b \ud835\udc12\ud835\udc2d\ud835\udc1a\ud835\udc2b\ud835\udc2dJedoch [&hellip;]","og_url":"https:\/\/ihc-grenchen.ch\/wordpress\/index.php\/2024\/08\/16\/spieltag-10-ihc-aire-la-ville-vs-ihc-grenchen\/","og_site_name":"IHC Grenchen","article_publisher":"https:\/\/www.facebook.com\/ihcgrenchen\/","article_published_time":"2024-08-16T20:00:08+00:00","article_modified_time":"2024-08-16T20:04:16+00:00","author":"Nils Sterchi","twitter_card":"summary_large_image","twitter_misc":{"Verfasst von":"Nils Sterchi","Gesch\u00e4tzte Lesezeit":"2\u00a0Minuten"},"schema":{"@context":"https:\/\/schema.org","@graph":[{"@type":"Article","@id":"https:\/\/ihc-grenchen.ch\/wordpress\/index.php\/2024\/08\/16\/spieltag-10-ihc-aire-la-ville-vs-ihc-grenchen\/#article","isPartOf":{"@id":"https:\/\/ihc-grenchen.ch\/wordpress\/index.php\/2024\/08\/16\/spieltag-10-ihc-aire-la-ville-vs-ihc-grenchen\/"},"author":{"name":"Nils Sterchi","@id":"https:\/\/ihc-grenchen.ch\/wordpress\/#\/schema\/person\/7506e61e7c8314d00626de5c2ad0c96c"},"headline":"Spieltag 10: IHC Aire-la-Ville vs. IHC Grenchen","datePublished":"2024-08-16T20:00:08+00:00","dateModified":"2024-08-16T20:04:16+00:00","mainEntityOfPage":{"@id":"https:\/\/ihc-grenchen.ch\/wordpress\/index.php\/2024\/08\/16\/spieltag-10-ihc-aire-la-ville-vs-ihc-grenchen\/"},"wordCount":311,"publisher":{"@id":"https:\/\/ihc-grenchen.ch\/wordpress\/#organization"},"articleSection":["Meisterschaft","Saison 2024"],"inLanguage":"de-CH"},{"@type":"WebPage","@id":"https:\/\/ihc-grenchen.ch\/wordpress\/index.php\/2024\/08\/16\/spieltag-10-ihc-aire-la-ville-vs-ihc-grenchen\/","url":"https:\/\/ihc-grenchen.ch\/wordpress\/index.php\/2024\/08\/16\/spieltag-10-ihc-aire-la-ville-vs-ihc-grenchen\/","name":"Spieltag 10: IHC Aire-la-Ville vs. IHC Grenchen - IHC Grenchen","isPartOf":{"@id":"https:\/\/ihc-grenchen.ch\/wordpress\/#website"},"datePublished":"2024-08-16T20:00:08+00:00","dateModified":"2024-08-16T20:04:16+00:00","breadcrumb":{"@id":"https:\/\/ihc-grenchen.ch\/wordpress\/index.php\/2024\/08\/16\/spieltag-10-ihc-aire-la-ville-vs-ihc-grenchen\/#breadcrumb"},"inLanguage":"de-CH","potentialAction":[{"@type":"ReadAction","target":["https:\/\/ihc-grenchen.ch\/wordpress\/index.php\/2024\/08\/16\/spieltag-10-ihc-aire-la-ville-vs-ihc-grenchen\/"]}]},{"@type":"BreadcrumbList","@id":"https:\/\/ihc-grenchen.ch\/wordpress\/index.php\/2024\/08\/16\/spieltag-10-ihc-aire-la-ville-vs-ihc-grenchen\/#breadcrumb","itemListElement":[{"@type":"ListItem","position":1,"name":"Startseite","item":"https:\/\/ihc-grenchen.ch\/wordpress\/"},{"@type":"ListItem","position":2,"name":"Spieltag 10: IHC Aire-la-Ville vs. IHC Grenchen"}]},{"@type":"WebSite","@id":"https:\/\/ihc-grenchen.ch\/wordpress\/#website","url":"https:\/\/ihc-grenchen.ch\/wordpress\/","name":"IHC Grenchen","description":"Inlinehockey Verein aus Grenchen","publisher":{"@id":"https:\/\/ihc-grenchen.ch\/wordpress\/#organization"},"potentialAction":[{"@type":"SearchAction","target":{"@type":"EntryPoint","urlTemplate":"https:\/\/ihc-grenchen.ch\/wordpress\/?s={search_term_string}"},"query-input":{"@type":"PropertyValueSpecification","valueRequired":true,"valueName":"search_term_string"}}],"inLanguage":"de-CH"},{"@type":"Organization","@id":"https:\/\/ihc-grenchen.ch\/wordpress\/#organization","name":"IHC Grenchen","url":"https:\/\/ihc-grenchen.ch\/wordpress\/","logo":{"@type":"ImageObject","inLanguage":"de-CH","@id":"https:\/\/ihc-grenchen.ch\/wordpress\/#\/schema\/logo\/image\/","url":"https:\/\/ihc-grenchen.ch\/wordpress\/wp-content\/uploads\/2023\/12\/grenchen-58d05f5f593cf-1.jpg","contentUrl":"https:\/\/ihc-grenchen.ch\/wordpress\/wp-content\/uploads\/2023\/12\/grenchen-58d05f5f593cf-1.jpg","width":200,"height":200,"caption":"IHC Grenchen"},"image":{"@id":"https:\/\/ihc-grenchen.ch\/wordpress\/#\/schema\/logo\/image\/"},"sameAs":["https:\/\/www.facebook.com\/ihcgrenchen\/","https:\/\/www.instagram.com\/ihc_grenchen\/"]},{"@type":"Person","@id":"https:\/\/ihc-grenchen.ch\/wordpress\/#\/schema\/person\/7506e61e7c8314d00626de5c2ad0c96c","name":"Nils Sterchi","image":{"@type":"ImageObject","inLanguage":"de-CH","@id":"https:\/\/secure.gravatar.com\/avatar\/9d2a4825f9663654cea9fa5415f0dbaa59575f8e1bc60c4b7ef45c473f56e9e3?s=96&d=mm&r=g","url":"https:\/\/secure.gravatar.com\/avatar\/9d2a4825f9663654cea9fa5415f0dbaa59575f8e1bc60c4b7ef45c473f56e9e3?s=96&d=mm&r=g","contentUrl":"https:\/\/secure.gravatar.com\/avatar\/9d2a4825f9663654cea9fa5415f0dbaa59575f8e1bc60c4b7ef45c473f56e9e3?s=96&d=mm&r=g","caption":"Nils Sterchi"},"sameAs":["https:\/\/ihc-grenchen.ch\/wordpress"],"url":"https:\/\/ihc-grenchen.ch\/wordpress\/index.php\/author\/nsterchi_lustzd0w\/"}]}},"jetpack_featured_media_url":"","_links":{"self":[{"href":"https:\/\/ihc-grenchen.ch\/wordpress\/index.php\/wp-json\/wp\/v2\/posts\/1494","targetHints":{"allow":["GET"]}}],"collection":[{"href":"https:\/\/ihc-grenchen.ch\/wordpress\/index.php\/wp-json\/wp\/v2\/posts"}],"about":[{"href":"https:\/\/ihc-grenchen.ch\/wordpress\/index.php\/wp-json\/wp\/v2\/types\/post"}],"author":[{"embeddable":true,"href":"https:\/\/ihc-grenchen.ch\/wordpress\/index.php\/wp-json\/wp\/v2\/users\/1"}],"replies":[{"embeddable":true,"href":"https:\/\/ihc-grenchen.ch\/wordpress\/index.php\/wp-json\/wp\/v2\/comments?post=1494"}],"version-history":[{"count":4,"href":"https:\/\/ihc-grenchen.ch\/wordpress\/index.php\/wp-json\/wp\/v2\/posts\/1494\/revisions"}],"predecessor-version":[{"id":1498,"href":"https:\/\/ihc-grenchen.ch\/wordpress\/index.php\/wp-json\/wp\/v2\/posts\/1494\/revisions\/1498"}],"wp:attachment":[{"href":"https:\/\/ihc-grenchen.ch\/wordpress\/index.php\/wp-json\/wp\/v2\/media?parent=1494"}],"wp:term":[{"taxonomy":"category","embeddable":true,"href":"https:\/\/ihc-grenchen.ch\/wordpress\/index.php\/wp-json\/wp\/v2\/categories?post=1494"},{"taxonomy":"post_tag","embeddable":true,"href":"https:\/\/ihc-grenchen.ch\/wordpress\/index.php\/wp-json\/wp\/v2\/tags?post=1494"}],"curies":[{"name":"wp","href":"https:\/\/api.w.org\/{rel}","templated":true}]}}