{"id":1503,"date":"2024-08-16T21:09:32","date_gmt":"2024-08-16T20:09:32","guid":{"rendered":"https:\/\/ihc-grenchen.ch\/wordpress\/?p=1503"},"modified":"2024-08-16T21:11:29","modified_gmt":"2024-08-16T20:11:29","slug":"spieltag-12-ihc-grenchen-vs-ihc-bienne","status":"publish","type":"post","link":"https:\/\/ihc-grenchen.ch\/wordpress\/index.php\/2024\/08\/16\/spieltag-12-ihc-grenchen-vs-ihc-bienne\/","title":{"rendered":"Spieltag 12: IHC Grenchen vs. IHC Bienne"},"content":{"rendered":"\t\t<div data-elementor-type=\"wp-post\" data-elementor-id=\"1503\" class=\"elementor elementor-1503\">\n\t\t\t\t<div class=\"elementor-element elementor-element-bda7cd6 e-flex e-con-boxed e-con e-parent\" data-id=\"bda7cd6\" data-element_type=\"container\" data-e-type=\"container\">\n\t\t\t\t\t<div class=\"e-con-inner\">\n\t\t\t\t<div class=\"elementor-element elementor-element-40081bc elementor-widget elementor-widget-text-editor\" data-id=\"40081bc\" data-element_type=\"widget\" data-e-type=\"widget\" data-widget_type=\"text-editor.default\">\n\t\t\t\t<div class=\"elementor-widget-container\">\n\t\t\t\t\t\t\t\t\t<p><strong>\ud835\udc12\ud835\udc28\ud835\udc2e\ud835\udc2f\ud835\udc1e\ud835\udc2b\u00e4\ud835\udc27\ud835\udc1e\ud835\udc2b \ud835\udc07\ud835\udc1e\ud835\udc22\ud835\udc26\ud835\udc2c\ud835\udc22\ud835\udc1e\ud835\udc20: \ud835\udc0a\ud835\udc25\ud835\udc1a\ud835\udc2b\ud835\udc1e \ud835\udc03\ud835\udc28\ud835\udc26\ud835\udc22\ud835\udc27\ud835\udc1a\ud835\udc27\ud835\udc33 \ud835\udc20\ud835\udc1e\ud835\udc20\ud835\udc1e\ud835\udc27 \ud835\udc13\ud835\udc1a\ud835\udc1b\ud835\udc1e\ud835\udc25\ud835\udc25\ud835\udc1e\ud835\udc27\ud835\udc2c\ud835\udc1c\ud835\udc21\ud835\udc25\ud835\udc2e\ud835\udc2c\ud835\udc2c\ud835\udc25\ud835\udc22\ud835\udc1c\ud835\udc21\ud835\udc2d<br \/><br \/>\ud835\udde6\ud835\ude01\ud835\uddee\ud835\uddff\ud835\uddf8\ud835\uddf2\ud835\uddff \ud835\uddd4\ud835\ude02\ud835\uddf3\ud835\ude01\ud835\uddee\ud835\uddf8\ud835\ude01 \ud835\uddfa\ud835\uddf6\ud835\ude01 \ud835\udde6\ud835\ude01\ud835\uddf2\ud835\uddf6\ud835\uddf4\ud835\uddf2\ud835\uddff\ud835\ude02\ud835\uddfb\ud835\uddf4\ud835\ude00\ud835\uddfd\ud835\uddfc\ud835\ude01\ud835\uddf2\ud835\uddfb\ud835\ude07\ud835\uddf6\ud835\uddee\ud835\uddf9<br \/><\/strong>Am Samstag, den 22.06.2024, empfingen wir den Tabellenletzten <a href=\"https:\/\/www.instagram.com\/ihcbienne\/\">@ihcbienne<\/a> Uns war klar, dass wir uns diesmal keine Bl\u00f6sse geben und nicht erneut gegen den Tabellenletzten verlieren wollten, wie es in dieser Saison schon vorgekommen war. F\u00fcr Bienne ging es darum, den letzten Platz abzugeben.<br \/>Die Vorzeichen standen also auf eine spannende Partie. Von Beginn an dominierten wir jedoch das Spielgeschehen, w\u00e4hrend von Bienne wenig Gegenwehr kam. Trotz unserer \u00dcberlegenheit konnten wir im ersten Drittel &#171;nur&#187; mit 2:0 in F\u00fchrung gehen. Unsere solide Defensive liess jedoch zu keinem Zeitpunkt Zweifel am Ausgang der Partie aufkommen.<strong><br \/><br \/>\ud835\udde7\ud835\uddfc\ud835\uddff\ud835\uddff\ud835\uddf2\ud835\uddf6\ud835\uddf4\ud835\uddf2\ud835\uddfb \ud835\uddf6\ud835\uddfa \ud835\udde0\ud835\uddf6\ud835\ude01\ud835\ude01\ud835\uddf2\ud835\uddf9\ud835\uddf1\ud835\uddff\ud835\uddf6\ud835\ude01\ud835\ude01\ud835\uddf2\ud835\uddf9<br \/><\/strong>Im zweiten Abschnitt setzten wir unsere Dominanz endlich auch in Tore um. Mit einem beeindruckenden 5:0 in diesem Drittel schraubten wir das Ergebnis auf 7:0 hoch und legten damit den Grundstein f\u00fcr einen ungef\u00e4hrdeten Sieg. <strong><br \/><br \/>\ud835\uddde\ud835\uddfc\ud835\uddfb\ud835\ude07\ud835\uddf2\ud835\uddfb\ud835\ude01\ud835\uddff\ud835\uddee\ud835\ude01\ud835\uddf6\ud835\uddfc\ud835\uddfb \ud835\uddef\ud835\uddf6\ud835\ude00 \ud835\ude07\ud835\ude02\ud835\uddfa \ud835\udde6\ud835\uddf0\ud835\uddf5\ud835\uddf9\ud835\ude02\ud835\ude00\ud835\ude00<br \/><\/strong>Im letzten Drittel wollten wir die Null unbedingt halten. Zwei kurze Unkonzentriertheiten nutzte Bienne zwar zu zwei Treffern, doch dies brachte uns nicht aus dem Konzept. Mit weiteren vier Toren unsererseits endete die Partie schliesslich mit einem deutlichen 11:2-Erfolg. <strong><br \/><br \/>\ud835\uddd9\ud835\uddee\ud835\ude07\ud835\uddf6\ud835\ude01 \ud835\ude02\ud835\uddfb\ud835\uddf1 \ud835\uddd4\ud835\ude02\ud835\ude00\ud835\uddef\ud835\uddf9\ud835\uddf6\ud835\uddf0\ud835\uddf8<br \/><\/strong>Es war eine einseitige Angelegenheit, in der wir offensiv unsere Chancen konsequent nutzten und defensiv kaum etwas zuliessen.<br \/>Diese wichtigen Punkte bringen uns dem Playoff-Ziel einen grossen Schritt n\u00e4her.<br \/>Unser n\u00e4chstes Heimspiel bestreiten wir am 29.06.2024 um 14:00 Uhr gegen den <a href=\"https:\/\/www.instagram.com\/hclaroche\/\">@hclaroche<\/a> Dabei wollen wir unser Zwischenziel von neun Punkten aus den letzten drei Heimspielen vor der Sommerpause erreichen und damit die Playoff-Qualifikation praktisch sicherstellen.<br \/>Kommt vorbei und unterst\u00fctzt uns bei diesem Spiel oder schaltet im Livestream ein. Gemeinsam k\u00f6nnen wir den n\u00e4chsten Schritt Richtung Playoffs machen!<\/p>\t\t\t\t\t\t\t\t<\/div>\n\t\t\t\t<\/div>\n\t\t\t\t\t<\/div>\n\t\t\t\t<\/div>\n\t\t\t\t<\/div>\n\t\t","protected":false},"excerpt":{"rendered":"<p>\ud835\udc12\ud835\udc28\ud835\udc2e\ud835\udc2f\ud835\udc1e\ud835\udc2b\u00e4\ud835\udc27\ud835\udc1e\ud835\udc2b \ud835\udc07\ud835\udc1e\ud835\udc22\ud835\udc26\ud835\udc2c\ud835\udc22\ud835\udc1e\ud835\udc20: \ud835\udc0a\ud835\udc25\ud835\udc1a\ud835\udc2b\ud835\udc1e \ud835\udc03\ud835\udc28\ud835\udc26\ud835\udc22\ud835\udc27\ud835\udc1a\ud835\udc27\ud835\udc33 \ud835\udc20\ud835\udc1e\ud835\udc20\ud835\udc1e\ud835\udc27 \ud835\udc13\ud835\udc1a\ud835\udc1b\ud835\udc1e\ud835\udc25\ud835\udc25\ud835\udc1e\ud835\udc27\ud835\udc2c\ud835\udc1c\ud835\udc21\ud835\udc25\ud835\udc2e\ud835\udc2c\ud835\udc2c\ud835\udc25\ud835\udc22\ud835\udc1c\ud835\udc21\ud835\udc2d \ud835\udde6\ud835\ude01\ud835\uddee\ud835\uddff\ud835\uddf8\ud835\uddf2\ud835\uddff \ud835\uddd4\ud835\ude02\ud835\uddf3\ud835\ude01\ud835\uddee\ud835\uddf8\ud835\ude01 \ud835\uddfa\ud835\uddf6\ud835\ude01 \ud835\udde6\ud835\ude01\ud835\uddf2\ud835\uddf6\ud835\uddf4\ud835\uddf2\ud835\uddff\ud835\ude02\ud835\uddfb\ud835\uddf4\ud835\ude00\ud835\uddfd\ud835\uddfc\ud835\ude01\ud835\uddf2\ud835\uddfb\ud835\ude07\ud835\uddf6\ud835\uddee\ud835\uddf9Am Samstag, den 22.06.2024, empfingen wir den Tabellenletzten @ihcbienne Uns war klar, dass wir uns diesmal keine Bl\u00f6sse geben und nicht erneut gegen den Tabellenletzten verlieren wollten, wie es in dieser Saison schon vorgekommen war. F\u00fcr Bienne ging es darum, den letzten Platz abzugeben.Die Vorzeichen standen [&hellip;]<\/p>\n","protected":false},"author":1,"featured_media":0,"comment_status":"closed","ping_status":"closed","sticky":false,"template":"","format":"standard","meta":{"om_disable_all_campaigns":false,"_monsterinsights_skip_tracking":false,"footnotes":""},"categories":[65,63],"tags":[],"class_list":["post-1503","post","type-post","status-publish","format-standard","hentry","category-meisterschaft-saison-2024","category-saison-2024"],"yoast_head":"<!-- This site is optimized with the Yoast SEO plugin v28.3 - https:\/\/yoast.com\/product\/yoast-seo-wordpress\/ -->\n<title>Spieltag 12: IHC Grenchen vs. IHC Bienne - IHC Grenchen<\/title>\n<meta name=\"robots\" content=\"index, follow, max-snippet:-1, max-image-preview:large, max-video-preview:-1\" \/>\n<link rel=\"canonical\" href=\"https:\/\/ihc-grenchen.ch\/wordpress\/index.php\/2024\/08\/16\/spieltag-12-ihc-grenchen-vs-ihc-bienne\/\" \/>\n<meta property=\"og:locale\" content=\"de_DE\" \/>\n<meta property=\"og:type\" content=\"article\" \/>\n<meta property=\"og:title\" content=\"Spieltag 12: IHC Grenchen vs. IHC Bienne - IHC Grenchen\" \/>\n<meta property=\"og:description\" content=\"\ud835\udc12\ud835\udc28\ud835\udc2e\ud835\udc2f\ud835\udc1e\ud835\udc2b\u00e4\ud835\udc27\ud835\udc1e\ud835\udc2b \ud835\udc07\ud835\udc1e\ud835\udc22\ud835\udc26\ud835\udc2c\ud835\udc22\ud835\udc1e\ud835\udc20: \ud835\udc0a\ud835\udc25\ud835\udc1a\ud835\udc2b\ud835\udc1e \ud835\udc03\ud835\udc28\ud835\udc26\ud835\udc22\ud835\udc27\ud835\udc1a\ud835\udc27\ud835\udc33 \ud835\udc20\ud835\udc1e\ud835\udc20\ud835\udc1e\ud835\udc27 \ud835\udc13\ud835\udc1a\ud835\udc1b\ud835\udc1e\ud835\udc25\ud835\udc25\ud835\udc1e\ud835\udc27\ud835\udc2c\ud835\udc1c\ud835\udc21\ud835\udc25\ud835\udc2e\ud835\udc2c\ud835\udc2c\ud835\udc25\ud835\udc22\ud835\udc1c\ud835\udc21\ud835\udc2d \ud835\udde6\ud835\ude01\ud835\uddee\ud835\uddff\ud835\uddf8\ud835\uddf2\ud835\uddff \ud835\uddd4\ud835\ude02\ud835\uddf3\ud835\ude01\ud835\uddee\ud835\uddf8\ud835\ude01 \ud835\uddfa\ud835\uddf6\ud835\ude01 \ud835\udde6\ud835\ude01\ud835\uddf2\ud835\uddf6\ud835\uddf4\ud835\uddf2\ud835\uddff\ud835\ude02\ud835\uddfb\ud835\uddf4\ud835\ude00\ud835\uddfd\ud835\uddfc\ud835\ude01\ud835\uddf2\ud835\uddfb\ud835\ude07\ud835\uddf6\ud835\uddee\ud835\uddf9Am Samstag, den 22.06.2024, empfingen wir den Tabellenletzten @ihcbienne Uns war klar, dass wir uns diesmal keine Bl\u00f6sse geben und nicht erneut gegen den Tabellenletzten verlieren wollten, wie es in dieser Saison schon vorgekommen war. F\u00fcr Bienne ging es darum, den letzten Platz abzugeben.Die Vorzeichen standen [&hellip;]\" \/>\n<meta property=\"og:url\" content=\"https:\/\/ihc-grenchen.ch\/wordpress\/index.php\/2024\/08\/16\/spieltag-12-ihc-grenchen-vs-ihc-bienne\/\" \/>\n<meta property=\"og:site_name\" content=\"IHC Grenchen\" \/>\n<meta property=\"article:publisher\" content=\"https:\/\/www.facebook.com\/ihcgrenchen\/\" \/>\n<meta property=\"article:published_time\" content=\"2024-08-16T20:09:32+00:00\" \/>\n<meta property=\"article:modified_time\" content=\"2024-08-16T20:11:29+00:00\" \/>\n<meta name=\"author\" content=\"Nils Sterchi\" \/>\n<meta name=\"twitter:card\" content=\"summary_large_image\" \/>\n<meta name=\"twitter:label1\" content=\"Verfasst von\" \/>\n\t<meta name=\"twitter:data1\" content=\"Nils Sterchi\" \/>\n\t<meta name=\"twitter:label2\" content=\"Gesch\u00e4tzte Lesezeit\" \/>\n\t<meta name=\"twitter:data2\" content=\"2\u00a0Minuten\" \/>\n<script type=\"application\/ld+json\" class=\"yoast-schema-graph\">{\"@context\":\"https:\\\/\\\/schema.org\",\"@graph\":[{\"@type\":\"Article\",\"@id\":\"https:\\\/\\\/ihc-grenchen.ch\\\/wordpress\\\/index.php\\\/2024\\\/08\\\/16\\\/spieltag-12-ihc-grenchen-vs-ihc-bienne\\\/#article\",\"isPartOf\":{\"@id\":\"https:\\\/\\\/ihc-grenchen.ch\\\/wordpress\\\/index.php\\\/2024\\\/08\\\/16\\\/spieltag-12-ihc-grenchen-vs-ihc-bienne\\\/\"},\"author\":{\"name\":\"Nils Sterchi\",\"@id\":\"https:\\\/\\\/ihc-grenchen.ch\\\/wordpress\\\/#\\\/schema\\\/person\\\/7506e61e7c8314d00626de5c2ad0c96c\"},\"headline\":\"Spieltag 12: IHC Grenchen vs. IHC Bienne\",\"datePublished\":\"2024-08-16T20:09:32+00:00\",\"dateModified\":\"2024-08-16T20:11:29+00:00\",\"mainEntityOfPage\":{\"@id\":\"https:\\\/\\\/ihc-grenchen.ch\\\/wordpress\\\/index.php\\\/2024\\\/08\\\/16\\\/spieltag-12-ihc-grenchen-vs-ihc-bienne\\\/\"},\"wordCount\":266,\"publisher\":{\"@id\":\"https:\\\/\\\/ihc-grenchen.ch\\\/wordpress\\\/#organization\"},\"articleSection\":[\"Meisterschaft\",\"Saison 2024\"],\"inLanguage\":\"de-CH\"},{\"@type\":\"WebPage\",\"@id\":\"https:\\\/\\\/ihc-grenchen.ch\\\/wordpress\\\/index.php\\\/2024\\\/08\\\/16\\\/spieltag-12-ihc-grenchen-vs-ihc-bienne\\\/\",\"url\":\"https:\\\/\\\/ihc-grenchen.ch\\\/wordpress\\\/index.php\\\/2024\\\/08\\\/16\\\/spieltag-12-ihc-grenchen-vs-ihc-bienne\\\/\",\"name\":\"Spieltag 12: IHC Grenchen vs. IHC Bienne - IHC Grenchen\",\"isPartOf\":{\"@id\":\"https:\\\/\\\/ihc-grenchen.ch\\\/wordpress\\\/#website\"},\"datePublished\":\"2024-08-16T20:09:32+00:00\",\"dateModified\":\"2024-08-16T20:11:29+00:00\",\"breadcrumb\":{\"@id\":\"https:\\\/\\\/ihc-grenchen.ch\\\/wordpress\\\/index.php\\\/2024\\\/08\\\/16\\\/spieltag-12-ihc-grenchen-vs-ihc-bienne\\\/#breadcrumb\"},\"inLanguage\":\"de-CH\",\"potentialAction\":[{\"@type\":\"ReadAction\",\"target\":[\"https:\\\/\\\/ihc-grenchen.ch\\\/wordpress\\\/index.php\\\/2024\\\/08\\\/16\\\/spieltag-12-ihc-grenchen-vs-ihc-bienne\\\/\"]}]},{\"@type\":\"BreadcrumbList\",\"@id\":\"https:\\\/\\\/ihc-grenchen.ch\\\/wordpress\\\/index.php\\\/2024\\\/08\\\/16\\\/spieltag-12-ihc-grenchen-vs-ihc-bienne\\\/#breadcrumb\",\"itemListElement\":[{\"@type\":\"ListItem\",\"position\":1,\"name\":\"Startseite\",\"item\":\"https:\\\/\\\/ihc-grenchen.ch\\\/wordpress\\\/\"},{\"@type\":\"ListItem\",\"position\":2,\"name\":\"Spieltag 12: IHC Grenchen vs. IHC Bienne\"}]},{\"@type\":\"WebSite\",\"@id\":\"https:\\\/\\\/ihc-grenchen.ch\\\/wordpress\\\/#website\",\"url\":\"https:\\\/\\\/ihc-grenchen.ch\\\/wordpress\\\/\",\"name\":\"IHC Grenchen\",\"description\":\"Inlinehockey Verein aus Grenchen\",\"publisher\":{\"@id\":\"https:\\\/\\\/ihc-grenchen.ch\\\/wordpress\\\/#organization\"},\"potentialAction\":[{\"@type\":\"SearchAction\",\"target\":{\"@type\":\"EntryPoint\",\"urlTemplate\":\"https:\\\/\\\/ihc-grenchen.ch\\\/wordpress\\\/?s={search_term_string}\"},\"query-input\":{\"@type\":\"PropertyValueSpecification\",\"valueRequired\":true,\"valueName\":\"search_term_string\"}}],\"inLanguage\":\"de-CH\"},{\"@type\":\"Organization\",\"@id\":\"https:\\\/\\\/ihc-grenchen.ch\\\/wordpress\\\/#organization\",\"name\":\"IHC Grenchen\",\"url\":\"https:\\\/\\\/ihc-grenchen.ch\\\/wordpress\\\/\",\"logo\":{\"@type\":\"ImageObject\",\"inLanguage\":\"de-CH\",\"@id\":\"https:\\\/\\\/ihc-grenchen.ch\\\/wordpress\\\/#\\\/schema\\\/logo\\\/image\\\/\",\"url\":\"https:\\\/\\\/ihc-grenchen.ch\\\/wordpress\\\/wp-content\\\/uploads\\\/2023\\\/12\\\/grenchen-58d05f5f593cf-1.jpg\",\"contentUrl\":\"https:\\\/\\\/ihc-grenchen.ch\\\/wordpress\\\/wp-content\\\/uploads\\\/2023\\\/12\\\/grenchen-58d05f5f593cf-1.jpg\",\"width\":200,\"height\":200,\"caption\":\"IHC Grenchen\"},\"image\":{\"@id\":\"https:\\\/\\\/ihc-grenchen.ch\\\/wordpress\\\/#\\\/schema\\\/logo\\\/image\\\/\"},\"sameAs\":[\"https:\\\/\\\/www.facebook.com\\\/ihcgrenchen\\\/\",\"https:\\\/\\\/www.instagram.com\\\/ihc_grenchen\\\/\"]},{\"@type\":\"Person\",\"@id\":\"https:\\\/\\\/ihc-grenchen.ch\\\/wordpress\\\/#\\\/schema\\\/person\\\/7506e61e7c8314d00626de5c2ad0c96c\",\"name\":\"Nils Sterchi\",\"image\":{\"@type\":\"ImageObject\",\"inLanguage\":\"de-CH\",\"@id\":\"https:\\\/\\\/secure.gravatar.com\\\/avatar\\\/9d2a4825f9663654cea9fa5415f0dbaa59575f8e1bc60c4b7ef45c473f56e9e3?s=96&d=mm&r=g\",\"url\":\"https:\\\/\\\/secure.gravatar.com\\\/avatar\\\/9d2a4825f9663654cea9fa5415f0dbaa59575f8e1bc60c4b7ef45c473f56e9e3?s=96&d=mm&r=g\",\"contentUrl\":\"https:\\\/\\\/secure.gravatar.com\\\/avatar\\\/9d2a4825f9663654cea9fa5415f0dbaa59575f8e1bc60c4b7ef45c473f56e9e3?s=96&d=mm&r=g\",\"caption\":\"Nils Sterchi\"},\"sameAs\":[\"https:\\\/\\\/ihc-grenchen.ch\\\/wordpress\"],\"url\":\"https:\\\/\\\/ihc-grenchen.ch\\\/wordpress\\\/index.php\\\/author\\\/nsterchi_lustzd0w\\\/\"}]}<\/script>\n<!-- \/ Yoast SEO plugin. -->","yoast_head_json":{"title":"Spieltag 12: IHC Grenchen vs. IHC Bienne - IHC Grenchen","robots":{"index":"index","follow":"follow","max-snippet":"max-snippet:-1","max-image-preview":"max-image-preview:large","max-video-preview":"max-video-preview:-1"},"canonical":"https:\/\/ihc-grenchen.ch\/wordpress\/index.php\/2024\/08\/16\/spieltag-12-ihc-grenchen-vs-ihc-bienne\/","og_locale":"de_DE","og_type":"article","og_title":"Spieltag 12: IHC Grenchen vs. IHC Bienne - IHC Grenchen","og_description":"\ud835\udc12\ud835\udc28\ud835\udc2e\ud835\udc2f\ud835\udc1e\ud835\udc2b\u00e4\ud835\udc27\ud835\udc1e\ud835\udc2b \ud835\udc07\ud835\udc1e\ud835\udc22\ud835\udc26\ud835\udc2c\ud835\udc22\ud835\udc1e\ud835\udc20: \ud835\udc0a\ud835\udc25\ud835\udc1a\ud835\udc2b\ud835\udc1e \ud835\udc03\ud835\udc28\ud835\udc26\ud835\udc22\ud835\udc27\ud835\udc1a\ud835\udc27\ud835\udc33 \ud835\udc20\ud835\udc1e\ud835\udc20\ud835\udc1e\ud835\udc27 \ud835\udc13\ud835\udc1a\ud835\udc1b\ud835\udc1e\ud835\udc25\ud835\udc25\ud835\udc1e\ud835\udc27\ud835\udc2c\ud835\udc1c\ud835\udc21\ud835\udc25\ud835\udc2e\ud835\udc2c\ud835\udc2c\ud835\udc25\ud835\udc22\ud835\udc1c\ud835\udc21\ud835\udc2d \ud835\udde6\ud835\ude01\ud835\uddee\ud835\uddff\ud835\uddf8\ud835\uddf2\ud835\uddff \ud835\uddd4\ud835\ude02\ud835\uddf3\ud835\ude01\ud835\uddee\ud835\uddf8\ud835\ude01 \ud835\uddfa\ud835\uddf6\ud835\ude01 \ud835\udde6\ud835\ude01\ud835\uddf2\ud835\uddf6\ud835\uddf4\ud835\uddf2\ud835\uddff\ud835\ude02\ud835\uddfb\ud835\uddf4\ud835\ude00\ud835\uddfd\ud835\uddfc\ud835\ude01\ud835\uddf2\ud835\uddfb\ud835\ude07\ud835\uddf6\ud835\uddee\ud835\uddf9Am Samstag, den 22.06.2024, empfingen wir den Tabellenletzten @ihcbienne Uns war klar, dass wir uns diesmal keine Bl\u00f6sse geben und nicht erneut gegen den Tabellenletzten verlieren wollten, wie es in dieser Saison schon vorgekommen war. F\u00fcr Bienne ging es darum, den letzten Platz abzugeben.Die Vorzeichen standen [&hellip;]","og_url":"https:\/\/ihc-grenchen.ch\/wordpress\/index.php\/2024\/08\/16\/spieltag-12-ihc-grenchen-vs-ihc-bienne\/","og_site_name":"IHC Grenchen","article_publisher":"https:\/\/www.facebook.com\/ihcgrenchen\/","article_published_time":"2024-08-16T20:09:32+00:00","article_modified_time":"2024-08-16T20:11:29+00:00","author":"Nils Sterchi","twitter_card":"summary_large_image","twitter_misc":{"Verfasst von":"Nils Sterchi","Gesch\u00e4tzte Lesezeit":"2\u00a0Minuten"},"schema":{"@context":"https:\/\/schema.org","@graph":[{"@type":"Article","@id":"https:\/\/ihc-grenchen.ch\/wordpress\/index.php\/2024\/08\/16\/spieltag-12-ihc-grenchen-vs-ihc-bienne\/#article","isPartOf":{"@id":"https:\/\/ihc-grenchen.ch\/wordpress\/index.php\/2024\/08\/16\/spieltag-12-ihc-grenchen-vs-ihc-bienne\/"},"author":{"name":"Nils Sterchi","@id":"https:\/\/ihc-grenchen.ch\/wordpress\/#\/schema\/person\/7506e61e7c8314d00626de5c2ad0c96c"},"headline":"Spieltag 12: IHC Grenchen vs. IHC Bienne","datePublished":"2024-08-16T20:09:32+00:00","dateModified":"2024-08-16T20:11:29+00:00","mainEntityOfPage":{"@id":"https:\/\/ihc-grenchen.ch\/wordpress\/index.php\/2024\/08\/16\/spieltag-12-ihc-grenchen-vs-ihc-bienne\/"},"wordCount":266,"publisher":{"@id":"https:\/\/ihc-grenchen.ch\/wordpress\/#organization"},"articleSection":["Meisterschaft","Saison 2024"],"inLanguage":"de-CH"},{"@type":"WebPage","@id":"https:\/\/ihc-grenchen.ch\/wordpress\/index.php\/2024\/08\/16\/spieltag-12-ihc-grenchen-vs-ihc-bienne\/","url":"https:\/\/ihc-grenchen.ch\/wordpress\/index.php\/2024\/08\/16\/spieltag-12-ihc-grenchen-vs-ihc-bienne\/","name":"Spieltag 12: IHC Grenchen vs. IHC Bienne - IHC Grenchen","isPartOf":{"@id":"https:\/\/ihc-grenchen.ch\/wordpress\/#website"},"datePublished":"2024-08-16T20:09:32+00:00","dateModified":"2024-08-16T20:11:29+00:00","breadcrumb":{"@id":"https:\/\/ihc-grenchen.ch\/wordpress\/index.php\/2024\/08\/16\/spieltag-12-ihc-grenchen-vs-ihc-bienne\/#breadcrumb"},"inLanguage":"de-CH","potentialAction":[{"@type":"ReadAction","target":["https:\/\/ihc-grenchen.ch\/wordpress\/index.php\/2024\/08\/16\/spieltag-12-ihc-grenchen-vs-ihc-bienne\/"]}]},{"@type":"BreadcrumbList","@id":"https:\/\/ihc-grenchen.ch\/wordpress\/index.php\/2024\/08\/16\/spieltag-12-ihc-grenchen-vs-ihc-bienne\/#breadcrumb","itemListElement":[{"@type":"ListItem","position":1,"name":"Startseite","item":"https:\/\/ihc-grenchen.ch\/wordpress\/"},{"@type":"ListItem","position":2,"name":"Spieltag 12: IHC Grenchen vs. IHC Bienne"}]},{"@type":"WebSite","@id":"https:\/\/ihc-grenchen.ch\/wordpress\/#website","url":"https:\/\/ihc-grenchen.ch\/wordpress\/","name":"IHC Grenchen","description":"Inlinehockey Verein aus Grenchen","publisher":{"@id":"https:\/\/ihc-grenchen.ch\/wordpress\/#organization"},"potentialAction":[{"@type":"SearchAction","target":{"@type":"EntryPoint","urlTemplate":"https:\/\/ihc-grenchen.ch\/wordpress\/?s={search_term_string}"},"query-input":{"@type":"PropertyValueSpecification","valueRequired":true,"valueName":"search_term_string"}}],"inLanguage":"de-CH"},{"@type":"Organization","@id":"https:\/\/ihc-grenchen.ch\/wordpress\/#organization","name":"IHC Grenchen","url":"https:\/\/ihc-grenchen.ch\/wordpress\/","logo":{"@type":"ImageObject","inLanguage":"de-CH","@id":"https:\/\/ihc-grenchen.ch\/wordpress\/#\/schema\/logo\/image\/","url":"https:\/\/ihc-grenchen.ch\/wordpress\/wp-content\/uploads\/2023\/12\/grenchen-58d05f5f593cf-1.jpg","contentUrl":"https:\/\/ihc-grenchen.ch\/wordpress\/wp-content\/uploads\/2023\/12\/grenchen-58d05f5f593cf-1.jpg","width":200,"height":200,"caption":"IHC Grenchen"},"image":{"@id":"https:\/\/ihc-grenchen.ch\/wordpress\/#\/schema\/logo\/image\/"},"sameAs":["https:\/\/www.facebook.com\/ihcgrenchen\/","https:\/\/www.instagram.com\/ihc_grenchen\/"]},{"@type":"Person","@id":"https:\/\/ihc-grenchen.ch\/wordpress\/#\/schema\/person\/7506e61e7c8314d00626de5c2ad0c96c","name":"Nils Sterchi","image":{"@type":"ImageObject","inLanguage":"de-CH","@id":"https:\/\/secure.gravatar.com\/avatar\/9d2a4825f9663654cea9fa5415f0dbaa59575f8e1bc60c4b7ef45c473f56e9e3?s=96&d=mm&r=g","url":"https:\/\/secure.gravatar.com\/avatar\/9d2a4825f9663654cea9fa5415f0dbaa59575f8e1bc60c4b7ef45c473f56e9e3?s=96&d=mm&r=g","contentUrl":"https:\/\/secure.gravatar.com\/avatar\/9d2a4825f9663654cea9fa5415f0dbaa59575f8e1bc60c4b7ef45c473f56e9e3?s=96&d=mm&r=g","caption":"Nils Sterchi"},"sameAs":["https:\/\/ihc-grenchen.ch\/wordpress"],"url":"https:\/\/ihc-grenchen.ch\/wordpress\/index.php\/author\/nsterchi_lustzd0w\/"}]}},"jetpack_featured_media_url":"","_links":{"self":[{"href":"https:\/\/ihc-grenchen.ch\/wordpress\/index.php\/wp-json\/wp\/v2\/posts\/1503","targetHints":{"allow":["GET"]}}],"collection":[{"href":"https:\/\/ihc-grenchen.ch\/wordpress\/index.php\/wp-json\/wp\/v2\/posts"}],"about":[{"href":"https:\/\/ihc-grenchen.ch\/wordpress\/index.php\/wp-json\/wp\/v2\/types\/post"}],"author":[{"embeddable":true,"href":"https:\/\/ihc-grenchen.ch\/wordpress\/index.php\/wp-json\/wp\/v2\/users\/1"}],"replies":[{"embeddable":true,"href":"https:\/\/ihc-grenchen.ch\/wordpress\/index.php\/wp-json\/wp\/v2\/comments?post=1503"}],"version-history":[{"count":4,"href":"https:\/\/ihc-grenchen.ch\/wordpress\/index.php\/wp-json\/wp\/v2\/posts\/1503\/revisions"}],"predecessor-version":[{"id":1507,"href":"https:\/\/ihc-grenchen.ch\/wordpress\/index.php\/wp-json\/wp\/v2\/posts\/1503\/revisions\/1507"}],"wp:attachment":[{"href":"https:\/\/ihc-grenchen.ch\/wordpress\/index.php\/wp-json\/wp\/v2\/media?parent=1503"}],"wp:term":[{"taxonomy":"category","embeddable":true,"href":"https:\/\/ihc-grenchen.ch\/wordpress\/index.php\/wp-json\/wp\/v2\/categories?post=1503"},{"taxonomy":"post_tag","embeddable":true,"href":"https:\/\/ihc-grenchen.ch\/wordpress\/index.php\/wp-json\/wp\/v2\/tags?post=1503"}],"curies":[{"name":"wp","href":"https:\/\/api.w.org\/{rel}","templated":true}]}}