{"id":1508,"date":"2024-08-16T21:12:24","date_gmt":"2024-08-16T20:12:24","guid":{"rendered":"https:\/\/ihc-grenchen.ch\/wordpress\/?p=1508"},"modified":"2024-08-16T21:13:07","modified_gmt":"2024-08-16T20:13:07","slug":"spieltag-13-ihc-grenchen-vs-shc-la-roche-forfait","status":"publish","type":"post","link":"https:\/\/ihc-grenchen.ch\/wordpress\/index.php\/2024\/08\/16\/spieltag-13-ihc-grenchen-vs-shc-la-roche-forfait\/","title":{"rendered":"Spieltag 13: IHC Grenchen vs. SHC La Roche (Forfait)"},"content":{"rendered":"\t\t<div data-elementor-type=\"wp-post\" data-elementor-id=\"1508\" class=\"elementor elementor-1508\">\n\t\t\t\t<div class=\"elementor-element elementor-element-6ffe0a1 e-flex e-con-boxed e-con e-parent\" data-id=\"6ffe0a1\" data-element_type=\"container\" data-e-type=\"container\">\n\t\t\t\t\t<div class=\"e-con-inner\">\n\t\t\t\t<div class=\"elementor-element elementor-element-f86a7dc elementor-widget elementor-widget-text-editor\" data-id=\"f86a7dc\" data-element_type=\"widget\" data-e-type=\"widget\" data-widget_type=\"text-editor.default\">\n\t\t\t\t<div class=\"elementor-widget-container\">\n\t\t\t\t\t\t\t\t\t<p><strong>\ud835\udc12\ud835\udc0f\ud835\udc08\ud835\udc04\ud835\udc0b\ud835\udc00\ud835\udc01\ud835\udc12\ud835\udc00\ud835\udc06\ud835\udc04 \ud835\udc14\ud835\udc0d\ud835\udc03 \ud835\udc12\ud835\udc0e\ud835\udc0c\ud835\udc0c\ud835\udc04\ud835\udc11\ud835\udc0f\ud835\udc00\ud835\udc14\ud835\udc12\ud835\udc04<br \/><br \/>\ud835\udc7c\ud835\udc8f\ud835\udc86\ud835\udc93\ud835\udc98\ud835\udc82\ud835\udc93\ud835\udc95\ud835\udc86\ud835\udc95\ud835\udc86\ud835\udc93 \ud835\udc7a\ud835\udc95\ud835\udc82\ud835\udc93\ud835\udc95 \ud835\udc8a\ud835\udc8f \ud835\udc85\ud835\udc8a\ud835\udc86 \ud835\udc7a\ud835\udc90\ud835\udc8e\ud835\udc8e\ud835\udc86\ud835\udc93\ud835\udc91\ud835\udc82\ud835\udc96\ud835\udc94\ud835\udc86<\/strong><br \/>Das f\u00fcr Samstag, den 29.06.2024, geplante Heimspiel gegen den <a href=\"https:\/\/www.instagram.com\/hclaroche\/\">@hclaroche<\/a> wurde \u00fcberraschend abgesagt. Damit verabschieden wir uns fr\u00fcher als erwartet in die Sommerpause der Meisterschaft.<strong><br \/><br \/>\ud835\udc77\ud835\udc8d\ud835\udc82\ud835\udc96\ud835\udc94\ud835\udc84\ud835\udc89\ud835\udc95\ud835\udc93\ud835\udc82\ud835\udc8a\ud835\udc8f\ud835\udc8a\ud835\udc8f\ud835\udc88 \ud835\udc82\ud835\udc8d\ud835\udc94 \ud835\udc7a\ud835\udc95\ud835\udc82\ud835\udc93\ud835\udc95 \ud835\udc8a\ud835\udc8f \ud835\udc85\ud835\udc8a\ud835\udc86 \ud835\udc7a\ud835\udc90\ud835\udc8e\ud835\udc8e\ud835\udc86\ud835\udc93\ud835\udc91\ud835\udc82\ud835\udc96\ud835\udc94\ud835\udc86<br \/><\/strong>Obwohl die Meisterschaft pausiert, bleiben wir noch ein wenig aktiv, bis wir drei Wochen trainingsfrei haben. Am Donnerstag, den 04.07.2024, werden wir anstelle des regul\u00e4ren Trainings ein Plauschtrainingsspiel gegen den <a href=\"https:\/\/www.instagram.com\/ehc_bucheggberg\/\">@ehc_bucheggberg<\/a> bestreiten.<strong><br \/><br \/>\ud835\udc69\ud835\udc8d\ud835\udc8a\ud835\udc84\ud835\udc8c \ud835\udc82\ud835\udc96\ud835\udc87 \ud835\udc8f\ud835\udc82\ud835\udc84\ud835\udc89 \ud835\udc85\ud835\udc86\ud835\udc93 \ud835\udc7a\ud835\udc90\ud835\udc8e\ud835\udc8e\ud835\udc86\ud835\udc93\ud835\udc91\ud835\udc82\ud835\udc96\ud835\udc94\ud835\udc86<br \/><\/strong>Die Sommerpause nutzen wir intensiv, um uns auf die zweite H\u00e4lfte der Meisterschaft vorzubereiten und uns auch ein wenig zu erholen. Einen ersten Test nach der Sommerpause setzen wir am 13.08.2024 um 20:00 Uhr mit einem Testspiel gegen die NLB-Mannschaft <a href=\"https:\/\/www.instagram.com\/ihcoensingenroadrunners\/\">@ihcoensingenroadrunners<\/a>. Diese Begegnung wird uns wertvolle Erkenntnisse liefern und zeigen, wo wir stehen.<strong><br \/><br \/>\ud835\udc7a\ud835\udc95\ud835\udc82\ud835\udc93\ud835\udc95 \ud835\udc9b\ud835\udc96\ud835\udc93\u00fc\ud835\udc84\ud835\udc8c \ud835\udc8a\ud835\udc8f \ud835\udc85\ud835\udc8a\ud835\udc86 \ud835\udc74\ud835\udc86\ud835\udc8a\ud835\udc94\ud835\udc95\ud835\udc86\ud835\udc93\ud835\udc94\ud835\udc84\ud835\udc89\ud835\udc82\ud835\udc87\ud835\udc95<br \/><\/strong>Der Startschuss f\u00fcr die restlichen Spiele f\u00e4llt am 24.08.2024 um 14:00 Uhr. Wir reisen zum Ausw\u00e4rtsspiel gegen den <a href=\"https:\/\/www.instagram.com\/shcrollingaventicum\/\">@shcrollingaventicum<\/a> und sind hochmotiviert, mit einem Sieg weiterzufahren.<\/p>\t\t\t\t\t\t\t\t<\/div>\n\t\t\t\t<\/div>\n\t\t\t\t\t<\/div>\n\t\t\t\t<\/div>\n\t\t\t\t<\/div>\n\t\t","protected":false},"excerpt":{"rendered":"<p>\ud835\udc12\ud835\udc0f\ud835\udc08\ud835\udc04\ud835\udc0b\ud835\udc00\ud835\udc01\ud835\udc12\ud835\udc00\ud835\udc06\ud835\udc04 \ud835\udc14\ud835\udc0d\ud835\udc03 \ud835\udc12\ud835\udc0e\ud835\udc0c\ud835\udc0c\ud835\udc04\ud835\udc11\ud835\udc0f\ud835\udc00\ud835\udc14\ud835\udc12\ud835\udc04 \ud835\udc7c\ud835\udc8f\ud835\udc86\ud835\udc93\ud835\udc98\ud835\udc82\ud835\udc93\ud835\udc95\ud835\udc86\ud835\udc95\ud835\udc86\ud835\udc93 \ud835\udc7a\ud835\udc95\ud835\udc82\ud835\udc93\ud835\udc95 \ud835\udc8a\ud835\udc8f \ud835\udc85\ud835\udc8a\ud835\udc86 \ud835\udc7a\ud835\udc90\ud835\udc8e\ud835\udc8e\ud835\udc86\ud835\udc93\ud835\udc91\ud835\udc82\ud835\udc96\ud835\udc94\ud835\udc86Das f\u00fcr Samstag, den 29.06.2024, geplante Heimspiel gegen den @hclaroche wurde \u00fcberraschend abgesagt. Damit verabschieden wir uns fr\u00fcher als erwartet in die Sommerpause der Meisterschaft. \ud835\udc77\ud835\udc8d\ud835\udc82\ud835\udc96\ud835\udc94\ud835\udc84\ud835\udc89\ud835\udc95\ud835\udc93\ud835\udc82\ud835\udc8a\ud835\udc8f\ud835\udc8a\ud835\udc8f\ud835\udc88 \ud835\udc82\ud835\udc8d\ud835\udc94 \ud835\udc7a\ud835\udc95\ud835\udc82\ud835\udc93\ud835\udc95 \ud835\udc8a\ud835\udc8f \ud835\udc85\ud835\udc8a\ud835\udc86 \ud835\udc7a\ud835\udc90\ud835\udc8e\ud835\udc8e\ud835\udc86\ud835\udc93\ud835\udc91\ud835\udc82\ud835\udc96\ud835\udc94\ud835\udc86Obwohl die Meisterschaft pausiert, bleiben wir noch ein wenig aktiv, bis wir drei Wochen trainingsfrei haben. Am Donnerstag, [&hellip;]<\/p>\n","protected":false},"author":1,"featured_media":0,"comment_status":"closed","ping_status":"closed","sticky":false,"template":"","format":"standard","meta":{"om_disable_all_campaigns":false,"_monsterinsights_skip_tracking":false,"footnotes":""},"categories":[65,63],"tags":[],"class_list":["post-1508","post","type-post","status-publish","format-standard","hentry","category-meisterschaft-saison-2024","category-saison-2024"],"yoast_head":"<!-- This site is optimized with the Yoast SEO plugin v28.3 - https:\/\/yoast.com\/product\/yoast-seo-wordpress\/ -->\n<title>Spieltag 13: IHC Grenchen vs. SHC La Roche (Forfait) - IHC Grenchen<\/title>\n<meta name=\"robots\" content=\"index, follow, max-snippet:-1, max-image-preview:large, max-video-preview:-1\" \/>\n<link rel=\"canonical\" href=\"https:\/\/ihc-grenchen.ch\/wordpress\/index.php\/2024\/08\/16\/spieltag-13-ihc-grenchen-vs-shc-la-roche-forfait\/\" \/>\n<meta property=\"og:locale\" content=\"de_DE\" \/>\n<meta property=\"og:type\" content=\"article\" \/>\n<meta property=\"og:title\" content=\"Spieltag 13: IHC Grenchen vs. SHC La Roche (Forfait) - IHC Grenchen\" \/>\n<meta property=\"og:description\" content=\"\ud835\udc12\ud835\udc0f\ud835\udc08\ud835\udc04\ud835\udc0b\ud835\udc00\ud835\udc01\ud835\udc12\ud835\udc00\ud835\udc06\ud835\udc04 \ud835\udc14\ud835\udc0d\ud835\udc03 \ud835\udc12\ud835\udc0e\ud835\udc0c\ud835\udc0c\ud835\udc04\ud835\udc11\ud835\udc0f\ud835\udc00\ud835\udc14\ud835\udc12\ud835\udc04 \ud835\udc7c\ud835\udc8f\ud835\udc86\ud835\udc93\ud835\udc98\ud835\udc82\ud835\udc93\ud835\udc95\ud835\udc86\ud835\udc95\ud835\udc86\ud835\udc93 \ud835\udc7a\ud835\udc95\ud835\udc82\ud835\udc93\ud835\udc95 \ud835\udc8a\ud835\udc8f \ud835\udc85\ud835\udc8a\ud835\udc86 \ud835\udc7a\ud835\udc90\ud835\udc8e\ud835\udc8e\ud835\udc86\ud835\udc93\ud835\udc91\ud835\udc82\ud835\udc96\ud835\udc94\ud835\udc86Das f\u00fcr Samstag, den 29.06.2024, geplante Heimspiel gegen den @hclaroche wurde \u00fcberraschend abgesagt. Damit verabschieden wir uns fr\u00fcher als erwartet in die Sommerpause der Meisterschaft. \ud835\udc77\ud835\udc8d\ud835\udc82\ud835\udc96\ud835\udc94\ud835\udc84\ud835\udc89\ud835\udc95\ud835\udc93\ud835\udc82\ud835\udc8a\ud835\udc8f\ud835\udc8a\ud835\udc8f\ud835\udc88 \ud835\udc82\ud835\udc8d\ud835\udc94 \ud835\udc7a\ud835\udc95\ud835\udc82\ud835\udc93\ud835\udc95 \ud835\udc8a\ud835\udc8f \ud835\udc85\ud835\udc8a\ud835\udc86 \ud835\udc7a\ud835\udc90\ud835\udc8e\ud835\udc8e\ud835\udc86\ud835\udc93\ud835\udc91\ud835\udc82\ud835\udc96\ud835\udc94\ud835\udc86Obwohl die Meisterschaft pausiert, bleiben wir noch ein wenig aktiv, bis wir drei Wochen trainingsfrei haben. Am Donnerstag, [&hellip;]\" \/>\n<meta property=\"og:url\" content=\"https:\/\/ihc-grenchen.ch\/wordpress\/index.php\/2024\/08\/16\/spieltag-13-ihc-grenchen-vs-shc-la-roche-forfait\/\" \/>\n<meta property=\"og:site_name\" content=\"IHC Grenchen\" \/>\n<meta property=\"article:publisher\" content=\"https:\/\/www.facebook.com\/ihcgrenchen\/\" \/>\n<meta property=\"article:published_time\" content=\"2024-08-16T20:12:24+00:00\" \/>\n<meta property=\"article:modified_time\" content=\"2024-08-16T20:13:07+00:00\" \/>\n<meta name=\"author\" content=\"Nils Sterchi\" \/>\n<meta name=\"twitter:card\" content=\"summary_large_image\" \/>\n<meta name=\"twitter:label1\" content=\"Verfasst von\" \/>\n\t<meta name=\"twitter:data1\" content=\"Nils Sterchi\" \/>\n\t<meta name=\"twitter:label2\" content=\"Gesch\u00e4tzte Lesezeit\" \/>\n\t<meta name=\"twitter:data2\" content=\"1\u00a0Minute\" \/>\n<script type=\"application\/ld+json\" class=\"yoast-schema-graph\">{\"@context\":\"https:\\\/\\\/schema.org\",\"@graph\":[{\"@type\":\"Article\",\"@id\":\"https:\\\/\\\/ihc-grenchen.ch\\\/wordpress\\\/index.php\\\/2024\\\/08\\\/16\\\/spieltag-13-ihc-grenchen-vs-shc-la-roche-forfait\\\/#article\",\"isPartOf\":{\"@id\":\"https:\\\/\\\/ihc-grenchen.ch\\\/wordpress\\\/index.php\\\/2024\\\/08\\\/16\\\/spieltag-13-ihc-grenchen-vs-shc-la-roche-forfait\\\/\"},\"author\":{\"name\":\"Nils Sterchi\",\"@id\":\"https:\\\/\\\/ihc-grenchen.ch\\\/wordpress\\\/#\\\/schema\\\/person\\\/7506e61e7c8314d00626de5c2ad0c96c\"},\"headline\":\"Spieltag 13: IHC Grenchen vs. SHC La Roche (Forfait)\",\"datePublished\":\"2024-08-16T20:12:24+00:00\",\"dateModified\":\"2024-08-16T20:13:07+00:00\",\"mainEntityOfPage\":{\"@id\":\"https:\\\/\\\/ihc-grenchen.ch\\\/wordpress\\\/index.php\\\/2024\\\/08\\\/16\\\/spieltag-13-ihc-grenchen-vs-shc-la-roche-forfait\\\/\"},\"wordCount\":146,\"publisher\":{\"@id\":\"https:\\\/\\\/ihc-grenchen.ch\\\/wordpress\\\/#organization\"},\"articleSection\":[\"Meisterschaft\",\"Saison 2024\"],\"inLanguage\":\"de-CH\"},{\"@type\":\"WebPage\",\"@id\":\"https:\\\/\\\/ihc-grenchen.ch\\\/wordpress\\\/index.php\\\/2024\\\/08\\\/16\\\/spieltag-13-ihc-grenchen-vs-shc-la-roche-forfait\\\/\",\"url\":\"https:\\\/\\\/ihc-grenchen.ch\\\/wordpress\\\/index.php\\\/2024\\\/08\\\/16\\\/spieltag-13-ihc-grenchen-vs-shc-la-roche-forfait\\\/\",\"name\":\"Spieltag 13: IHC Grenchen vs. SHC La Roche (Forfait) - IHC Grenchen\",\"isPartOf\":{\"@id\":\"https:\\\/\\\/ihc-grenchen.ch\\\/wordpress\\\/#website\"},\"datePublished\":\"2024-08-16T20:12:24+00:00\",\"dateModified\":\"2024-08-16T20:13:07+00:00\",\"breadcrumb\":{\"@id\":\"https:\\\/\\\/ihc-grenchen.ch\\\/wordpress\\\/index.php\\\/2024\\\/08\\\/16\\\/spieltag-13-ihc-grenchen-vs-shc-la-roche-forfait\\\/#breadcrumb\"},\"inLanguage\":\"de-CH\",\"potentialAction\":[{\"@type\":\"ReadAction\",\"target\":[\"https:\\\/\\\/ihc-grenchen.ch\\\/wordpress\\\/index.php\\\/2024\\\/08\\\/16\\\/spieltag-13-ihc-grenchen-vs-shc-la-roche-forfait\\\/\"]}]},{\"@type\":\"BreadcrumbList\",\"@id\":\"https:\\\/\\\/ihc-grenchen.ch\\\/wordpress\\\/index.php\\\/2024\\\/08\\\/16\\\/spieltag-13-ihc-grenchen-vs-shc-la-roche-forfait\\\/#breadcrumb\",\"itemListElement\":[{\"@type\":\"ListItem\",\"position\":1,\"name\":\"Startseite\",\"item\":\"https:\\\/\\\/ihc-grenchen.ch\\\/wordpress\\\/\"},{\"@type\":\"ListItem\",\"position\":2,\"name\":\"Spieltag 13: IHC Grenchen vs. SHC La Roche (Forfait)\"}]},{\"@type\":\"WebSite\",\"@id\":\"https:\\\/\\\/ihc-grenchen.ch\\\/wordpress\\\/#website\",\"url\":\"https:\\\/\\\/ihc-grenchen.ch\\\/wordpress\\\/\",\"name\":\"IHC Grenchen\",\"description\":\"Inlinehockey Verein aus Grenchen\",\"publisher\":{\"@id\":\"https:\\\/\\\/ihc-grenchen.ch\\\/wordpress\\\/#organization\"},\"potentialAction\":[{\"@type\":\"SearchAction\",\"target\":{\"@type\":\"EntryPoint\",\"urlTemplate\":\"https:\\\/\\\/ihc-grenchen.ch\\\/wordpress\\\/?s={search_term_string}\"},\"query-input\":{\"@type\":\"PropertyValueSpecification\",\"valueRequired\":true,\"valueName\":\"search_term_string\"}}],\"inLanguage\":\"de-CH\"},{\"@type\":\"Organization\",\"@id\":\"https:\\\/\\\/ihc-grenchen.ch\\\/wordpress\\\/#organization\",\"name\":\"IHC Grenchen\",\"url\":\"https:\\\/\\\/ihc-grenchen.ch\\\/wordpress\\\/\",\"logo\":{\"@type\":\"ImageObject\",\"inLanguage\":\"de-CH\",\"@id\":\"https:\\\/\\\/ihc-grenchen.ch\\\/wordpress\\\/#\\\/schema\\\/logo\\\/image\\\/\",\"url\":\"https:\\\/\\\/ihc-grenchen.ch\\\/wordpress\\\/wp-content\\\/uploads\\\/2023\\\/12\\\/grenchen-58d05f5f593cf-1.jpg\",\"contentUrl\":\"https:\\\/\\\/ihc-grenchen.ch\\\/wordpress\\\/wp-content\\\/uploads\\\/2023\\\/12\\\/grenchen-58d05f5f593cf-1.jpg\",\"width\":200,\"height\":200,\"caption\":\"IHC Grenchen\"},\"image\":{\"@id\":\"https:\\\/\\\/ihc-grenchen.ch\\\/wordpress\\\/#\\\/schema\\\/logo\\\/image\\\/\"},\"sameAs\":[\"https:\\\/\\\/www.facebook.com\\\/ihcgrenchen\\\/\",\"https:\\\/\\\/www.instagram.com\\\/ihc_grenchen\\\/\"]},{\"@type\":\"Person\",\"@id\":\"https:\\\/\\\/ihc-grenchen.ch\\\/wordpress\\\/#\\\/schema\\\/person\\\/7506e61e7c8314d00626de5c2ad0c96c\",\"name\":\"Nils Sterchi\",\"image\":{\"@type\":\"ImageObject\",\"inLanguage\":\"de-CH\",\"@id\":\"https:\\\/\\\/secure.gravatar.com\\\/avatar\\\/9d2a4825f9663654cea9fa5415f0dbaa59575f8e1bc60c4b7ef45c473f56e9e3?s=96&d=mm&r=g\",\"url\":\"https:\\\/\\\/secure.gravatar.com\\\/avatar\\\/9d2a4825f9663654cea9fa5415f0dbaa59575f8e1bc60c4b7ef45c473f56e9e3?s=96&d=mm&r=g\",\"contentUrl\":\"https:\\\/\\\/secure.gravatar.com\\\/avatar\\\/9d2a4825f9663654cea9fa5415f0dbaa59575f8e1bc60c4b7ef45c473f56e9e3?s=96&d=mm&r=g\",\"caption\":\"Nils Sterchi\"},\"sameAs\":[\"https:\\\/\\\/ihc-grenchen.ch\\\/wordpress\"],\"url\":\"https:\\\/\\\/ihc-grenchen.ch\\\/wordpress\\\/index.php\\\/author\\\/nsterchi_lustzd0w\\\/\"}]}<\/script>\n<!-- \/ Yoast SEO plugin. -->","yoast_head_json":{"title":"Spieltag 13: IHC Grenchen vs. SHC La Roche (Forfait) - IHC Grenchen","robots":{"index":"index","follow":"follow","max-snippet":"max-snippet:-1","max-image-preview":"max-image-preview:large","max-video-preview":"max-video-preview:-1"},"canonical":"https:\/\/ihc-grenchen.ch\/wordpress\/index.php\/2024\/08\/16\/spieltag-13-ihc-grenchen-vs-shc-la-roche-forfait\/","og_locale":"de_DE","og_type":"article","og_title":"Spieltag 13: IHC Grenchen vs. SHC La Roche (Forfait) - IHC Grenchen","og_description":"\ud835\udc12\ud835\udc0f\ud835\udc08\ud835\udc04\ud835\udc0b\ud835\udc00\ud835\udc01\ud835\udc12\ud835\udc00\ud835\udc06\ud835\udc04 \ud835\udc14\ud835\udc0d\ud835\udc03 \ud835\udc12\ud835\udc0e\ud835\udc0c\ud835\udc0c\ud835\udc04\ud835\udc11\ud835\udc0f\ud835\udc00\ud835\udc14\ud835\udc12\ud835\udc04 \ud835\udc7c\ud835\udc8f\ud835\udc86\ud835\udc93\ud835\udc98\ud835\udc82\ud835\udc93\ud835\udc95\ud835\udc86\ud835\udc95\ud835\udc86\ud835\udc93 \ud835\udc7a\ud835\udc95\ud835\udc82\ud835\udc93\ud835\udc95 \ud835\udc8a\ud835\udc8f \ud835\udc85\ud835\udc8a\ud835\udc86 \ud835\udc7a\ud835\udc90\ud835\udc8e\ud835\udc8e\ud835\udc86\ud835\udc93\ud835\udc91\ud835\udc82\ud835\udc96\ud835\udc94\ud835\udc86Das f\u00fcr Samstag, den 29.06.2024, geplante Heimspiel gegen den @hclaroche wurde \u00fcberraschend abgesagt. Damit verabschieden wir uns fr\u00fcher als erwartet in die Sommerpause der Meisterschaft. \ud835\udc77\ud835\udc8d\ud835\udc82\ud835\udc96\ud835\udc94\ud835\udc84\ud835\udc89\ud835\udc95\ud835\udc93\ud835\udc82\ud835\udc8a\ud835\udc8f\ud835\udc8a\ud835\udc8f\ud835\udc88 \ud835\udc82\ud835\udc8d\ud835\udc94 \ud835\udc7a\ud835\udc95\ud835\udc82\ud835\udc93\ud835\udc95 \ud835\udc8a\ud835\udc8f \ud835\udc85\ud835\udc8a\ud835\udc86 \ud835\udc7a\ud835\udc90\ud835\udc8e\ud835\udc8e\ud835\udc86\ud835\udc93\ud835\udc91\ud835\udc82\ud835\udc96\ud835\udc94\ud835\udc86Obwohl die Meisterschaft pausiert, bleiben wir noch ein wenig aktiv, bis wir drei Wochen trainingsfrei haben. Am Donnerstag, [&hellip;]","og_url":"https:\/\/ihc-grenchen.ch\/wordpress\/index.php\/2024\/08\/16\/spieltag-13-ihc-grenchen-vs-shc-la-roche-forfait\/","og_site_name":"IHC Grenchen","article_publisher":"https:\/\/www.facebook.com\/ihcgrenchen\/","article_published_time":"2024-08-16T20:12:24+00:00","article_modified_time":"2024-08-16T20:13:07+00:00","author":"Nils Sterchi","twitter_card":"summary_large_image","twitter_misc":{"Verfasst von":"Nils Sterchi","Gesch\u00e4tzte Lesezeit":"1\u00a0Minute"},"schema":{"@context":"https:\/\/schema.org","@graph":[{"@type":"Article","@id":"https:\/\/ihc-grenchen.ch\/wordpress\/index.php\/2024\/08\/16\/spieltag-13-ihc-grenchen-vs-shc-la-roche-forfait\/#article","isPartOf":{"@id":"https:\/\/ihc-grenchen.ch\/wordpress\/index.php\/2024\/08\/16\/spieltag-13-ihc-grenchen-vs-shc-la-roche-forfait\/"},"author":{"name":"Nils Sterchi","@id":"https:\/\/ihc-grenchen.ch\/wordpress\/#\/schema\/person\/7506e61e7c8314d00626de5c2ad0c96c"},"headline":"Spieltag 13: IHC Grenchen vs. SHC La Roche (Forfait)","datePublished":"2024-08-16T20:12:24+00:00","dateModified":"2024-08-16T20:13:07+00:00","mainEntityOfPage":{"@id":"https:\/\/ihc-grenchen.ch\/wordpress\/index.php\/2024\/08\/16\/spieltag-13-ihc-grenchen-vs-shc-la-roche-forfait\/"},"wordCount":146,"publisher":{"@id":"https:\/\/ihc-grenchen.ch\/wordpress\/#organization"},"articleSection":["Meisterschaft","Saison 2024"],"inLanguage":"de-CH"},{"@type":"WebPage","@id":"https:\/\/ihc-grenchen.ch\/wordpress\/index.php\/2024\/08\/16\/spieltag-13-ihc-grenchen-vs-shc-la-roche-forfait\/","url":"https:\/\/ihc-grenchen.ch\/wordpress\/index.php\/2024\/08\/16\/spieltag-13-ihc-grenchen-vs-shc-la-roche-forfait\/","name":"Spieltag 13: IHC Grenchen vs. SHC La Roche (Forfait) - IHC Grenchen","isPartOf":{"@id":"https:\/\/ihc-grenchen.ch\/wordpress\/#website"},"datePublished":"2024-08-16T20:12:24+00:00","dateModified":"2024-08-16T20:13:07+00:00","breadcrumb":{"@id":"https:\/\/ihc-grenchen.ch\/wordpress\/index.php\/2024\/08\/16\/spieltag-13-ihc-grenchen-vs-shc-la-roche-forfait\/#breadcrumb"},"inLanguage":"de-CH","potentialAction":[{"@type":"ReadAction","target":["https:\/\/ihc-grenchen.ch\/wordpress\/index.php\/2024\/08\/16\/spieltag-13-ihc-grenchen-vs-shc-la-roche-forfait\/"]}]},{"@type":"BreadcrumbList","@id":"https:\/\/ihc-grenchen.ch\/wordpress\/index.php\/2024\/08\/16\/spieltag-13-ihc-grenchen-vs-shc-la-roche-forfait\/#breadcrumb","itemListElement":[{"@type":"ListItem","position":1,"name":"Startseite","item":"https:\/\/ihc-grenchen.ch\/wordpress\/"},{"@type":"ListItem","position":2,"name":"Spieltag 13: IHC Grenchen vs. SHC La Roche (Forfait)"}]},{"@type":"WebSite","@id":"https:\/\/ihc-grenchen.ch\/wordpress\/#website","url":"https:\/\/ihc-grenchen.ch\/wordpress\/","name":"IHC Grenchen","description":"Inlinehockey Verein aus Grenchen","publisher":{"@id":"https:\/\/ihc-grenchen.ch\/wordpress\/#organization"},"potentialAction":[{"@type":"SearchAction","target":{"@type":"EntryPoint","urlTemplate":"https:\/\/ihc-grenchen.ch\/wordpress\/?s={search_term_string}"},"query-input":{"@type":"PropertyValueSpecification","valueRequired":true,"valueName":"search_term_string"}}],"inLanguage":"de-CH"},{"@type":"Organization","@id":"https:\/\/ihc-grenchen.ch\/wordpress\/#organization","name":"IHC Grenchen","url":"https:\/\/ihc-grenchen.ch\/wordpress\/","logo":{"@type":"ImageObject","inLanguage":"de-CH","@id":"https:\/\/ihc-grenchen.ch\/wordpress\/#\/schema\/logo\/image\/","url":"https:\/\/ihc-grenchen.ch\/wordpress\/wp-content\/uploads\/2023\/12\/grenchen-58d05f5f593cf-1.jpg","contentUrl":"https:\/\/ihc-grenchen.ch\/wordpress\/wp-content\/uploads\/2023\/12\/grenchen-58d05f5f593cf-1.jpg","width":200,"height":200,"caption":"IHC Grenchen"},"image":{"@id":"https:\/\/ihc-grenchen.ch\/wordpress\/#\/schema\/logo\/image\/"},"sameAs":["https:\/\/www.facebook.com\/ihcgrenchen\/","https:\/\/www.instagram.com\/ihc_grenchen\/"]},{"@type":"Person","@id":"https:\/\/ihc-grenchen.ch\/wordpress\/#\/schema\/person\/7506e61e7c8314d00626de5c2ad0c96c","name":"Nils Sterchi","image":{"@type":"ImageObject","inLanguage":"de-CH","@id":"https:\/\/secure.gravatar.com\/avatar\/9d2a4825f9663654cea9fa5415f0dbaa59575f8e1bc60c4b7ef45c473f56e9e3?s=96&d=mm&r=g","url":"https:\/\/secure.gravatar.com\/avatar\/9d2a4825f9663654cea9fa5415f0dbaa59575f8e1bc60c4b7ef45c473f56e9e3?s=96&d=mm&r=g","contentUrl":"https:\/\/secure.gravatar.com\/avatar\/9d2a4825f9663654cea9fa5415f0dbaa59575f8e1bc60c4b7ef45c473f56e9e3?s=96&d=mm&r=g","caption":"Nils Sterchi"},"sameAs":["https:\/\/ihc-grenchen.ch\/wordpress"],"url":"https:\/\/ihc-grenchen.ch\/wordpress\/index.php\/author\/nsterchi_lustzd0w\/"}]}},"jetpack_featured_media_url":"","_links":{"self":[{"href":"https:\/\/ihc-grenchen.ch\/wordpress\/index.php\/wp-json\/wp\/v2\/posts\/1508","targetHints":{"allow":["GET"]}}],"collection":[{"href":"https:\/\/ihc-grenchen.ch\/wordpress\/index.php\/wp-json\/wp\/v2\/posts"}],"about":[{"href":"https:\/\/ihc-grenchen.ch\/wordpress\/index.php\/wp-json\/wp\/v2\/types\/post"}],"author":[{"embeddable":true,"href":"https:\/\/ihc-grenchen.ch\/wordpress\/index.php\/wp-json\/wp\/v2\/users\/1"}],"replies":[{"embeddable":true,"href":"https:\/\/ihc-grenchen.ch\/wordpress\/index.php\/wp-json\/wp\/v2\/comments?post=1508"}],"version-history":[{"count":5,"href":"https:\/\/ihc-grenchen.ch\/wordpress\/index.php\/wp-json\/wp\/v2\/posts\/1508\/revisions"}],"predecessor-version":[{"id":1540,"href":"https:\/\/ihc-grenchen.ch\/wordpress\/index.php\/wp-json\/wp\/v2\/posts\/1508\/revisions\/1540"}],"wp:attachment":[{"href":"https:\/\/ihc-grenchen.ch\/wordpress\/index.php\/wp-json\/wp\/v2\/media?parent=1508"}],"wp:term":[{"taxonomy":"category","embeddable":true,"href":"https:\/\/ihc-grenchen.ch\/wordpress\/index.php\/wp-json\/wp\/v2\/categories?post=1508"},{"taxonomy":"post_tag","embeddable":true,"href":"https:\/\/ihc-grenchen.ch\/wordpress\/index.php\/wp-json\/wp\/v2\/tags?post=1508"}],"curies":[{"name":"wp","href":"https:\/\/api.w.org\/{rel}","templated":true}]}}