{"id":1541,"date":"2024-10-01T22:05:13","date_gmt":"2024-10-01T21:05:13","guid":{"rendered":"https:\/\/ihc-grenchen.ch\/wordpress\/?p=1541"},"modified":"2024-10-09T10:27:26","modified_gmt":"2024-10-09T09:27:26","slug":"spieltag-15-ihc-grenchen-vs-ihc-la-broye","status":"publish","type":"post","link":"https:\/\/ihc-grenchen.ch\/wordpress\/index.php\/2024\/10\/01\/spieltag-15-ihc-grenchen-vs-ihc-la-broye\/","title":{"rendered":"Spieltag 15: IHC Grenchen vs. IHC La Broye"},"content":{"rendered":"\t\t<div data-elementor-type=\"wp-post\" data-elementor-id=\"1541\" class=\"elementor elementor-1541\">\n\t\t\t\t<div class=\"elementor-element elementor-element-0fc858d e-flex e-con-boxed e-con e-parent\" data-id=\"0fc858d\" data-element_type=\"container\" data-e-type=\"container\">\n\t\t\t\t\t<div class=\"e-con-inner\">\n\t\t\t\t<div class=\"elementor-element elementor-element-babbbee elementor-widget elementor-widget-text-editor\" data-id=\"babbbee\" data-element_type=\"widget\" data-e-type=\"widget\" data-widget_type=\"text-editor.default\">\n\t\t\t\t<div class=\"elementor-widget-container\">\n\t\t\t\t\t\t\t\t\t<p class=\"_ap3a _aaco _aacu _aacx _aad7 _aade\" dir=\"auto\">\ud835\udde6\ud835\uddf6\ud835\uddf2\ud835\uddf4 \ud835\uddf6\ud835\uddfa \ud835\uddd8\ud835\ude05\ud835\uddf6\ud835\uddf9<br \/><br \/>\ud835\udc00\ud835\udc1b\ud835\udc2c\ud835\udc1a\ud835\udc20\ud835\udc1e \ud835\udc1d\ud835\udc1e\ud835\udc2c \ud835\udc07\ud835\udc1e\ud835\udc22\ud835\udc26\ud835\udc2c\ud835\udc29\ud835\udc22\ud835\udc1e\ud835\udc25\ud835\udc2c \ud835\udc2e\ud835\udc27\ud835\udc1d \ud835\udc12\ud835\udc29\ud835\udc22\ud835\udc1e\ud835\udc25\ud835\udc2f\ud835\udc1e\ud835\udc2b\ud835\udc25\ud835\udc1e\ud835\udc20\ud835\udc2e\ud835\udc27\ud835\udc20<br \/>Am Samstag, 7. September 2024, h\u00e4tte das zweitletzte Heimspiel der Saison gegen den <a class=\"x1i10hfl xjbqb8w x1ejq31n xd10rxx x1sy0etr x17r0tee x972fbf xcfux6l x1qhh985 xm0m39n x9f619 x1ypdohk xt0psk2 xe8uvvx xdj266r x11i5rnm xat24cr x1mh8g0r xexx8yu x4uap5 x18d9i69 xkhd6sd x16tdsg8 x1hl2dhg xggy1nq x1a2a7pz notranslate _a6hd\" tabindex=\"0\" role=\"link\" href=\"https:\/\/www.instagram.com\/ihc_la_broye\/\">@ihc_la_broye<\/a> stattfinden sollen. Leider musste der Gegner das Spiel im Vorfeld absagen. Da uns ein Forfaitsieg mit 5:0 zu wenig war und wir unsere Tordifferenz verbessern wollten, einigten wir uns mit La Broye, das Spiel am Montag, 9. September 2024, um 20:00 Uhr bei ihnen nachzuholen.<br \/><br \/>\ud835\udc0c\ud835\udc22\ud835\udc27\ud835\udc22\ud835\udc26\ud835\udc1a\ud835\udc25\ud835\udc1b\ud835\udc1e\ud835\udc2c\ud835\udc1e\ud835\udc2d\ud835\udc33\ud835\udc2e\ud835\udc27\ud835\udc20 \ud835\udc2e\ud835\udc27\ud835\udc1d \ud835\udc1f\ud835\udc2b\u00fc\ud835\udc21\ud835\udc1e \ud835\udc03\ud835\udc28\ud835\udc26\ud835\udc22\ud835\udc27\ud835\udc1a\ud835\udc27\ud835\udc33<br \/>Beide Teams traten mit einem Mini-Kader an \u2013 wir reisten mit nur acht Feldspielern und einem Torh\u00fcter nach Payerne, zum &#171;Heimspiel im Exil.&#187; Von Beginn an zeigten wir unsere Ambitionen und machten klar, dass wir das Spiel mit mehr als f\u00fcnf Toren Differenz gewinnen wollten, um das Nachholen des Spiels zu rechtfertigen. Trotz vieler Chancen brauchten wir f\u00fcnf Minuten, um das erste Tor zu erzielen. La Broye antwortete jedoch umgehend und nutzte einen Fehler hinter unserem Tor eiskalt zum Ausgleich. Danach hatte der Gegner jedoch nichts mehr entgegenzusetzen. Obwohl unsere Chancenverwertung weiterhin nicht \u00fcberzeugte, dominierten wir das Spiel und gingen mit einer 3:1-F\u00fchrung ins erste Drittel.<br \/><br \/>\ud835\udc04\ud835\udc1f\ud835\udc1f\ud835\udc22\ud835\udc33\ud835\udc22\ud835\udc1e\ud835\udc27\ud835\udc33 \ud835\udc2d\ud835\udc2b\ud835\udc28\ud835\udc2d\ud835\udc33 \ud835\udc14\ud835\udc27\ud835\udc2d\ud835\udc1e\ud835\udc2b\ud835\udc33\ud835\udc1a\ud835\udc21\ud835\udc25<br \/>Auch im zweiten Drittel blieb La Broye weitgehend ungef\u00e4hrlich. Selbst in doppelter \u00dcberzahl gelang es ihnen nicht, ihre Chancen zu nutzen. Im Gegenteil: Wir konnten in einfacher Unterzahl gleich zwei Treffer erzielen und erh\u00f6hten auf 7:1 zur zweiten Pause.<br \/><br \/>\ud835\udc13\ud835\udc28\ud835\udc2b\ud835\udc1f\ud835\udc1e\ud835\udc2c\ud835\udc2d\ud835\udc22\ud835\udc2f\ud835\udc1a\ud835\udc25 \ud835\udc22\ud835\udc26 \ud835\udc12\ud835\udc1c\ud835\udc21\ud835\udc25\ud835\udc2e\ud835\udc2c\ud835\udc2c\ud835\udc1d\ud835\udc2b\ud835\udc22\ud835\udc2d\ud835\udc2d\ud835\udc1e\ud835\udc25<br \/>Im letzten Drittel war bei La Broye die Luft raus, und wir nutzten dies konsequent aus. In diesem Abschnitt erzielten wir mehr Tore als in den beiden vorherigen zusammen und feierten am Ende einen beeindruckenden 16:1-Sieg. Ein wichtiger Schritt, um unsere Tordifferenz weiter zu verbessern.<br \/><br \/>\ud835\udc00\ud835\udc2e\ud835\udc2c\ud835\udc1b\ud835\udc25\ud835\udc22\ud835\udc1c\ud835\udc24<br \/>Mit drei weiteren Punkten im Gep\u00e4ck geht es f\u00fcr uns am Sonntag, 15. September 2024, um 15:00 Uhr ausw\u00e4rts gegen die <a class=\"x1i10hfl xjbqb8w x1ejq31n xd10rxx x1sy0etr x17r0tee x972fbf xcfux6l x1qhh985 xm0m39n x9f619 x1ypdohk xt0psk2 xe8uvvx xdj266r x11i5rnm xat24cr x1mh8g0r xexx8yu x4uap5 x18d9i69 xkhd6sd x16tdsg8 x1hl2dhg xggy1nq x1a2a7pz notranslate _a6hd\" tabindex=\"0\" role=\"link\" href=\"https:\/\/www.instagram.com\/shclechelles\/\">@shclechelles<\/a> weiter.<\/p>\t\t\t\t\t\t\t\t<\/div>\n\t\t\t\t<\/div>\n\t\t\t\t\t<\/div>\n\t\t\t\t<\/div>\n\t\t\t\t<\/div>\n\t\t","protected":false},"excerpt":{"rendered":"<p>\ud835\udde6\ud835\uddf6\ud835\uddf2\ud835\uddf4 \ud835\uddf6\ud835\uddfa \ud835\uddd8\ud835\ude05\ud835\uddf6\ud835\uddf9 \ud835\udc00\ud835\udc1b\ud835\udc2c\ud835\udc1a\ud835\udc20\ud835\udc1e \ud835\udc1d\ud835\udc1e\ud835\udc2c \ud835\udc07\ud835\udc1e\ud835\udc22\ud835\udc26\ud835\udc2c\ud835\udc29\ud835\udc22\ud835\udc1e\ud835\udc25\ud835\udc2c \ud835\udc2e\ud835\udc27\ud835\udc1d \ud835\udc12\ud835\udc29\ud835\udc22\ud835\udc1e\ud835\udc25\ud835\udc2f\ud835\udc1e\ud835\udc2b\ud835\udc25\ud835\udc1e\ud835\udc20\ud835\udc2e\ud835\udc27\ud835\udc20Am Samstag, 7. September 2024, h\u00e4tte das zweitletzte Heimspiel der Saison gegen den @ihc_la_broye stattfinden sollen. Leider musste der Gegner das Spiel im Vorfeld absagen. Da uns ein Forfaitsieg mit 5:0 zu wenig war und wir unsere Tordifferenz verbessern wollten, einigten wir uns mit La Broye, das Spiel [&hellip;]<\/p>\n","protected":false},"author":1,"featured_media":0,"comment_status":"closed","ping_status":"closed","sticky":false,"template":"","format":"standard","meta":{"om_disable_all_campaigns":false,"_monsterinsights_skip_tracking":false,"footnotes":""},"categories":[65,63],"tags":[],"class_list":["post-1541","post","type-post","status-publish","format-standard","hentry","category-meisterschaft-saison-2024","category-saison-2024"],"yoast_head":"<!-- This site is optimized with the Yoast SEO plugin v28.3 - https:\/\/yoast.com\/product\/yoast-seo-wordpress\/ -->\n<title>Spieltag 15: IHC Grenchen vs. IHC La Broye - IHC Grenchen<\/title>\n<meta name=\"robots\" content=\"index, follow, max-snippet:-1, max-image-preview:large, max-video-preview:-1\" \/>\n<link rel=\"canonical\" href=\"https:\/\/ihc-grenchen.ch\/wordpress\/index.php\/2024\/10\/01\/spieltag-15-ihc-grenchen-vs-ihc-la-broye\/\" \/>\n<meta property=\"og:locale\" content=\"de_DE\" \/>\n<meta property=\"og:type\" content=\"article\" \/>\n<meta property=\"og:title\" content=\"Spieltag 15: IHC Grenchen vs. IHC La Broye - IHC Grenchen\" \/>\n<meta property=\"og:description\" content=\"\ud835\udde6\ud835\uddf6\ud835\uddf2\ud835\uddf4 \ud835\uddf6\ud835\uddfa \ud835\uddd8\ud835\ude05\ud835\uddf6\ud835\uddf9 \ud835\udc00\ud835\udc1b\ud835\udc2c\ud835\udc1a\ud835\udc20\ud835\udc1e \ud835\udc1d\ud835\udc1e\ud835\udc2c \ud835\udc07\ud835\udc1e\ud835\udc22\ud835\udc26\ud835\udc2c\ud835\udc29\ud835\udc22\ud835\udc1e\ud835\udc25\ud835\udc2c \ud835\udc2e\ud835\udc27\ud835\udc1d \ud835\udc12\ud835\udc29\ud835\udc22\ud835\udc1e\ud835\udc25\ud835\udc2f\ud835\udc1e\ud835\udc2b\ud835\udc25\ud835\udc1e\ud835\udc20\ud835\udc2e\ud835\udc27\ud835\udc20Am Samstag, 7. September 2024, h\u00e4tte das zweitletzte Heimspiel der Saison gegen den @ihc_la_broye stattfinden sollen. Leider musste der Gegner das Spiel im Vorfeld absagen. Da uns ein Forfaitsieg mit 5:0 zu wenig war und wir unsere Tordifferenz verbessern wollten, einigten wir uns mit La Broye, das Spiel [&hellip;]\" \/>\n<meta property=\"og:url\" content=\"https:\/\/ihc-grenchen.ch\/wordpress\/index.php\/2024\/10\/01\/spieltag-15-ihc-grenchen-vs-ihc-la-broye\/\" \/>\n<meta property=\"og:site_name\" content=\"IHC Grenchen\" \/>\n<meta property=\"article:publisher\" content=\"https:\/\/www.facebook.com\/ihcgrenchen\/\" \/>\n<meta property=\"article:published_time\" content=\"2024-10-01T21:05:13+00:00\" \/>\n<meta property=\"article:modified_time\" content=\"2024-10-09T09:27:26+00:00\" \/>\n<meta name=\"author\" content=\"Nils Sterchi\" \/>\n<meta name=\"twitter:card\" content=\"summary_large_image\" \/>\n<meta name=\"twitter:label1\" content=\"Verfasst von\" \/>\n\t<meta name=\"twitter:data1\" content=\"Nils Sterchi\" \/>\n\t<meta name=\"twitter:label2\" content=\"Gesch\u00e4tzte Lesezeit\" \/>\n\t<meta name=\"twitter:data2\" content=\"2\u00a0Minuten\" \/>\n<script type=\"application\/ld+json\" class=\"yoast-schema-graph\">{\"@context\":\"https:\\\/\\\/schema.org\",\"@graph\":[{\"@type\":\"Article\",\"@id\":\"https:\\\/\\\/ihc-grenchen.ch\\\/wordpress\\\/index.php\\\/2024\\\/10\\\/01\\\/spieltag-15-ihc-grenchen-vs-ihc-la-broye\\\/#article\",\"isPartOf\":{\"@id\":\"https:\\\/\\\/ihc-grenchen.ch\\\/wordpress\\\/index.php\\\/2024\\\/10\\\/01\\\/spieltag-15-ihc-grenchen-vs-ihc-la-broye\\\/\"},\"author\":{\"name\":\"Nils Sterchi\",\"@id\":\"https:\\\/\\\/ihc-grenchen.ch\\\/wordpress\\\/#\\\/schema\\\/person\\\/7506e61e7c8314d00626de5c2ad0c96c\"},\"headline\":\"Spieltag 15: IHC Grenchen vs. IHC La Broye\",\"datePublished\":\"2024-10-01T21:05:13+00:00\",\"dateModified\":\"2024-10-09T09:27:26+00:00\",\"mainEntityOfPage\":{\"@id\":\"https:\\\/\\\/ihc-grenchen.ch\\\/wordpress\\\/index.php\\\/2024\\\/10\\\/01\\\/spieltag-15-ihc-grenchen-vs-ihc-la-broye\\\/\"},\"wordCount\":280,\"publisher\":{\"@id\":\"https:\\\/\\\/ihc-grenchen.ch\\\/wordpress\\\/#organization\"},\"articleSection\":[\"Meisterschaft\",\"Saison 2024\"],\"inLanguage\":\"de-CH\"},{\"@type\":\"WebPage\",\"@id\":\"https:\\\/\\\/ihc-grenchen.ch\\\/wordpress\\\/index.php\\\/2024\\\/10\\\/01\\\/spieltag-15-ihc-grenchen-vs-ihc-la-broye\\\/\",\"url\":\"https:\\\/\\\/ihc-grenchen.ch\\\/wordpress\\\/index.php\\\/2024\\\/10\\\/01\\\/spieltag-15-ihc-grenchen-vs-ihc-la-broye\\\/\",\"name\":\"Spieltag 15: IHC Grenchen vs. IHC La Broye - IHC Grenchen\",\"isPartOf\":{\"@id\":\"https:\\\/\\\/ihc-grenchen.ch\\\/wordpress\\\/#website\"},\"datePublished\":\"2024-10-01T21:05:13+00:00\",\"dateModified\":\"2024-10-09T09:27:26+00:00\",\"breadcrumb\":{\"@id\":\"https:\\\/\\\/ihc-grenchen.ch\\\/wordpress\\\/index.php\\\/2024\\\/10\\\/01\\\/spieltag-15-ihc-grenchen-vs-ihc-la-broye\\\/#breadcrumb\"},\"inLanguage\":\"de-CH\",\"potentialAction\":[{\"@type\":\"ReadAction\",\"target\":[\"https:\\\/\\\/ihc-grenchen.ch\\\/wordpress\\\/index.php\\\/2024\\\/10\\\/01\\\/spieltag-15-ihc-grenchen-vs-ihc-la-broye\\\/\"]}]},{\"@type\":\"BreadcrumbList\",\"@id\":\"https:\\\/\\\/ihc-grenchen.ch\\\/wordpress\\\/index.php\\\/2024\\\/10\\\/01\\\/spieltag-15-ihc-grenchen-vs-ihc-la-broye\\\/#breadcrumb\",\"itemListElement\":[{\"@type\":\"ListItem\",\"position\":1,\"name\":\"Startseite\",\"item\":\"https:\\\/\\\/ihc-grenchen.ch\\\/wordpress\\\/\"},{\"@type\":\"ListItem\",\"position\":2,\"name\":\"Spieltag 15: IHC Grenchen vs. IHC La Broye\"}]},{\"@type\":\"WebSite\",\"@id\":\"https:\\\/\\\/ihc-grenchen.ch\\\/wordpress\\\/#website\",\"url\":\"https:\\\/\\\/ihc-grenchen.ch\\\/wordpress\\\/\",\"name\":\"IHC Grenchen\",\"description\":\"Inlinehockey Verein aus Grenchen\",\"publisher\":{\"@id\":\"https:\\\/\\\/ihc-grenchen.ch\\\/wordpress\\\/#organization\"},\"potentialAction\":[{\"@type\":\"SearchAction\",\"target\":{\"@type\":\"EntryPoint\",\"urlTemplate\":\"https:\\\/\\\/ihc-grenchen.ch\\\/wordpress\\\/?s={search_term_string}\"},\"query-input\":{\"@type\":\"PropertyValueSpecification\",\"valueRequired\":true,\"valueName\":\"search_term_string\"}}],\"inLanguage\":\"de-CH\"},{\"@type\":\"Organization\",\"@id\":\"https:\\\/\\\/ihc-grenchen.ch\\\/wordpress\\\/#organization\",\"name\":\"IHC Grenchen\",\"url\":\"https:\\\/\\\/ihc-grenchen.ch\\\/wordpress\\\/\",\"logo\":{\"@type\":\"ImageObject\",\"inLanguage\":\"de-CH\",\"@id\":\"https:\\\/\\\/ihc-grenchen.ch\\\/wordpress\\\/#\\\/schema\\\/logo\\\/image\\\/\",\"url\":\"https:\\\/\\\/ihc-grenchen.ch\\\/wordpress\\\/wp-content\\\/uploads\\\/2023\\\/12\\\/grenchen-58d05f5f593cf-1.jpg\",\"contentUrl\":\"https:\\\/\\\/ihc-grenchen.ch\\\/wordpress\\\/wp-content\\\/uploads\\\/2023\\\/12\\\/grenchen-58d05f5f593cf-1.jpg\",\"width\":200,\"height\":200,\"caption\":\"IHC Grenchen\"},\"image\":{\"@id\":\"https:\\\/\\\/ihc-grenchen.ch\\\/wordpress\\\/#\\\/schema\\\/logo\\\/image\\\/\"},\"sameAs\":[\"https:\\\/\\\/www.facebook.com\\\/ihcgrenchen\\\/\",\"https:\\\/\\\/www.instagram.com\\\/ihc_grenchen\\\/\"]},{\"@type\":\"Person\",\"@id\":\"https:\\\/\\\/ihc-grenchen.ch\\\/wordpress\\\/#\\\/schema\\\/person\\\/7506e61e7c8314d00626de5c2ad0c96c\",\"name\":\"Nils Sterchi\",\"image\":{\"@type\":\"ImageObject\",\"inLanguage\":\"de-CH\",\"@id\":\"https:\\\/\\\/secure.gravatar.com\\\/avatar\\\/9d2a4825f9663654cea9fa5415f0dbaa59575f8e1bc60c4b7ef45c473f56e9e3?s=96&d=mm&r=g\",\"url\":\"https:\\\/\\\/secure.gravatar.com\\\/avatar\\\/9d2a4825f9663654cea9fa5415f0dbaa59575f8e1bc60c4b7ef45c473f56e9e3?s=96&d=mm&r=g\",\"contentUrl\":\"https:\\\/\\\/secure.gravatar.com\\\/avatar\\\/9d2a4825f9663654cea9fa5415f0dbaa59575f8e1bc60c4b7ef45c473f56e9e3?s=96&d=mm&r=g\",\"caption\":\"Nils Sterchi\"},\"sameAs\":[\"https:\\\/\\\/ihc-grenchen.ch\\\/wordpress\"],\"url\":\"https:\\\/\\\/ihc-grenchen.ch\\\/wordpress\\\/index.php\\\/author\\\/nsterchi_lustzd0w\\\/\"}]}<\/script>\n<!-- \/ Yoast SEO plugin. -->","yoast_head_json":{"title":"Spieltag 15: IHC Grenchen vs. IHC La Broye - IHC Grenchen","robots":{"index":"index","follow":"follow","max-snippet":"max-snippet:-1","max-image-preview":"max-image-preview:large","max-video-preview":"max-video-preview:-1"},"canonical":"https:\/\/ihc-grenchen.ch\/wordpress\/index.php\/2024\/10\/01\/spieltag-15-ihc-grenchen-vs-ihc-la-broye\/","og_locale":"de_DE","og_type":"article","og_title":"Spieltag 15: IHC Grenchen vs. IHC La Broye - IHC Grenchen","og_description":"\ud835\udde6\ud835\uddf6\ud835\uddf2\ud835\uddf4 \ud835\uddf6\ud835\uddfa \ud835\uddd8\ud835\ude05\ud835\uddf6\ud835\uddf9 \ud835\udc00\ud835\udc1b\ud835\udc2c\ud835\udc1a\ud835\udc20\ud835\udc1e \ud835\udc1d\ud835\udc1e\ud835\udc2c \ud835\udc07\ud835\udc1e\ud835\udc22\ud835\udc26\ud835\udc2c\ud835\udc29\ud835\udc22\ud835\udc1e\ud835\udc25\ud835\udc2c \ud835\udc2e\ud835\udc27\ud835\udc1d \ud835\udc12\ud835\udc29\ud835\udc22\ud835\udc1e\ud835\udc25\ud835\udc2f\ud835\udc1e\ud835\udc2b\ud835\udc25\ud835\udc1e\ud835\udc20\ud835\udc2e\ud835\udc27\ud835\udc20Am Samstag, 7. September 2024, h\u00e4tte das zweitletzte Heimspiel der Saison gegen den @ihc_la_broye stattfinden sollen. Leider musste der Gegner das Spiel im Vorfeld absagen. Da uns ein Forfaitsieg mit 5:0 zu wenig war und wir unsere Tordifferenz verbessern wollten, einigten wir uns mit La Broye, das Spiel [&hellip;]","og_url":"https:\/\/ihc-grenchen.ch\/wordpress\/index.php\/2024\/10\/01\/spieltag-15-ihc-grenchen-vs-ihc-la-broye\/","og_site_name":"IHC Grenchen","article_publisher":"https:\/\/www.facebook.com\/ihcgrenchen\/","article_published_time":"2024-10-01T21:05:13+00:00","article_modified_time":"2024-10-09T09:27:26+00:00","author":"Nils Sterchi","twitter_card":"summary_large_image","twitter_misc":{"Verfasst von":"Nils Sterchi","Gesch\u00e4tzte Lesezeit":"2\u00a0Minuten"},"schema":{"@context":"https:\/\/schema.org","@graph":[{"@type":"Article","@id":"https:\/\/ihc-grenchen.ch\/wordpress\/index.php\/2024\/10\/01\/spieltag-15-ihc-grenchen-vs-ihc-la-broye\/#article","isPartOf":{"@id":"https:\/\/ihc-grenchen.ch\/wordpress\/index.php\/2024\/10\/01\/spieltag-15-ihc-grenchen-vs-ihc-la-broye\/"},"author":{"name":"Nils Sterchi","@id":"https:\/\/ihc-grenchen.ch\/wordpress\/#\/schema\/person\/7506e61e7c8314d00626de5c2ad0c96c"},"headline":"Spieltag 15: IHC Grenchen vs. IHC La Broye","datePublished":"2024-10-01T21:05:13+00:00","dateModified":"2024-10-09T09:27:26+00:00","mainEntityOfPage":{"@id":"https:\/\/ihc-grenchen.ch\/wordpress\/index.php\/2024\/10\/01\/spieltag-15-ihc-grenchen-vs-ihc-la-broye\/"},"wordCount":280,"publisher":{"@id":"https:\/\/ihc-grenchen.ch\/wordpress\/#organization"},"articleSection":["Meisterschaft","Saison 2024"],"inLanguage":"de-CH"},{"@type":"WebPage","@id":"https:\/\/ihc-grenchen.ch\/wordpress\/index.php\/2024\/10\/01\/spieltag-15-ihc-grenchen-vs-ihc-la-broye\/","url":"https:\/\/ihc-grenchen.ch\/wordpress\/index.php\/2024\/10\/01\/spieltag-15-ihc-grenchen-vs-ihc-la-broye\/","name":"Spieltag 15: IHC Grenchen vs. IHC La Broye - IHC Grenchen","isPartOf":{"@id":"https:\/\/ihc-grenchen.ch\/wordpress\/#website"},"datePublished":"2024-10-01T21:05:13+00:00","dateModified":"2024-10-09T09:27:26+00:00","breadcrumb":{"@id":"https:\/\/ihc-grenchen.ch\/wordpress\/index.php\/2024\/10\/01\/spieltag-15-ihc-grenchen-vs-ihc-la-broye\/#breadcrumb"},"inLanguage":"de-CH","potentialAction":[{"@type":"ReadAction","target":["https:\/\/ihc-grenchen.ch\/wordpress\/index.php\/2024\/10\/01\/spieltag-15-ihc-grenchen-vs-ihc-la-broye\/"]}]},{"@type":"BreadcrumbList","@id":"https:\/\/ihc-grenchen.ch\/wordpress\/index.php\/2024\/10\/01\/spieltag-15-ihc-grenchen-vs-ihc-la-broye\/#breadcrumb","itemListElement":[{"@type":"ListItem","position":1,"name":"Startseite","item":"https:\/\/ihc-grenchen.ch\/wordpress\/"},{"@type":"ListItem","position":2,"name":"Spieltag 15: IHC Grenchen vs. IHC La Broye"}]},{"@type":"WebSite","@id":"https:\/\/ihc-grenchen.ch\/wordpress\/#website","url":"https:\/\/ihc-grenchen.ch\/wordpress\/","name":"IHC Grenchen","description":"Inlinehockey Verein aus Grenchen","publisher":{"@id":"https:\/\/ihc-grenchen.ch\/wordpress\/#organization"},"potentialAction":[{"@type":"SearchAction","target":{"@type":"EntryPoint","urlTemplate":"https:\/\/ihc-grenchen.ch\/wordpress\/?s={search_term_string}"},"query-input":{"@type":"PropertyValueSpecification","valueRequired":true,"valueName":"search_term_string"}}],"inLanguage":"de-CH"},{"@type":"Organization","@id":"https:\/\/ihc-grenchen.ch\/wordpress\/#organization","name":"IHC Grenchen","url":"https:\/\/ihc-grenchen.ch\/wordpress\/","logo":{"@type":"ImageObject","inLanguage":"de-CH","@id":"https:\/\/ihc-grenchen.ch\/wordpress\/#\/schema\/logo\/image\/","url":"https:\/\/ihc-grenchen.ch\/wordpress\/wp-content\/uploads\/2023\/12\/grenchen-58d05f5f593cf-1.jpg","contentUrl":"https:\/\/ihc-grenchen.ch\/wordpress\/wp-content\/uploads\/2023\/12\/grenchen-58d05f5f593cf-1.jpg","width":200,"height":200,"caption":"IHC Grenchen"},"image":{"@id":"https:\/\/ihc-grenchen.ch\/wordpress\/#\/schema\/logo\/image\/"},"sameAs":["https:\/\/www.facebook.com\/ihcgrenchen\/","https:\/\/www.instagram.com\/ihc_grenchen\/"]},{"@type":"Person","@id":"https:\/\/ihc-grenchen.ch\/wordpress\/#\/schema\/person\/7506e61e7c8314d00626de5c2ad0c96c","name":"Nils Sterchi","image":{"@type":"ImageObject","inLanguage":"de-CH","@id":"https:\/\/secure.gravatar.com\/avatar\/9d2a4825f9663654cea9fa5415f0dbaa59575f8e1bc60c4b7ef45c473f56e9e3?s=96&d=mm&r=g","url":"https:\/\/secure.gravatar.com\/avatar\/9d2a4825f9663654cea9fa5415f0dbaa59575f8e1bc60c4b7ef45c473f56e9e3?s=96&d=mm&r=g","contentUrl":"https:\/\/secure.gravatar.com\/avatar\/9d2a4825f9663654cea9fa5415f0dbaa59575f8e1bc60c4b7ef45c473f56e9e3?s=96&d=mm&r=g","caption":"Nils Sterchi"},"sameAs":["https:\/\/ihc-grenchen.ch\/wordpress"],"url":"https:\/\/ihc-grenchen.ch\/wordpress\/index.php\/author\/nsterchi_lustzd0w\/"}]}},"jetpack_featured_media_url":"","_links":{"self":[{"href":"https:\/\/ihc-grenchen.ch\/wordpress\/index.php\/wp-json\/wp\/v2\/posts\/1541","targetHints":{"allow":["GET"]}}],"collection":[{"href":"https:\/\/ihc-grenchen.ch\/wordpress\/index.php\/wp-json\/wp\/v2\/posts"}],"about":[{"href":"https:\/\/ihc-grenchen.ch\/wordpress\/index.php\/wp-json\/wp\/v2\/types\/post"}],"author":[{"embeddable":true,"href":"https:\/\/ihc-grenchen.ch\/wordpress\/index.php\/wp-json\/wp\/v2\/users\/1"}],"replies":[{"embeddable":true,"href":"https:\/\/ihc-grenchen.ch\/wordpress\/index.php\/wp-json\/wp\/v2\/comments?post=1541"}],"version-history":[{"count":4,"href":"https:\/\/ihc-grenchen.ch\/wordpress\/index.php\/wp-json\/wp\/v2\/posts\/1541\/revisions"}],"predecessor-version":[{"id":1545,"href":"https:\/\/ihc-grenchen.ch\/wordpress\/index.php\/wp-json\/wp\/v2\/posts\/1541\/revisions\/1545"}],"wp:attachment":[{"href":"https:\/\/ihc-grenchen.ch\/wordpress\/index.php\/wp-json\/wp\/v2\/media?parent=1541"}],"wp:term":[{"taxonomy":"category","embeddable":true,"href":"https:\/\/ihc-grenchen.ch\/wordpress\/index.php\/wp-json\/wp\/v2\/categories?post=1541"},{"taxonomy":"post_tag","embeddable":true,"href":"https:\/\/ihc-grenchen.ch\/wordpress\/index.php\/wp-json\/wp\/v2\/tags?post=1541"}],"curies":[{"name":"wp","href":"https:\/\/api.w.org\/{rel}","templated":true}]}}