{"id":1603,"date":"2024-11-02T23:13:14","date_gmt":"2024-11-02T22:13:14","guid":{"rendered":"https:\/\/ihc-grenchen.ch\/wordpress\/?p=1603"},"modified":"2025-04-06T11:16:39","modified_gmt":"2025-04-06T10:16:39","slug":"playoffs-final-game-1-ihc-grenchen-vs-ihc-langnau-stars","status":"publish","type":"post","link":"https:\/\/ihc-grenchen.ch\/wordpress\/index.php\/2024\/11\/02\/playoffs-final-game-1-ihc-grenchen-vs-ihc-langnau-stars\/","title":{"rendered":"Playoffs Final | Game 1: IHC Grenchen vs. IHC Langnau Stars"},"content":{"rendered":"\t\t<div data-elementor-type=\"wp-post\" data-elementor-id=\"1603\" class=\"elementor elementor-1603\">\n\t\t\t\t<div class=\"elementor-element elementor-element-5f5e58d e-flex e-con-boxed e-con e-parent\" data-id=\"5f5e58d\" data-element_type=\"container\" data-e-type=\"container\">\n\t\t\t\t\t<div class=\"e-con-inner\">\n\t\t\t\t<div class=\"elementor-element elementor-element-0a69ad3 elementor-widget elementor-widget-text-editor\" data-id=\"0a69ad3\" data-element_type=\"widget\" data-e-type=\"widget\" data-widget_type=\"text-editor.default\">\n\t\t\t\t<div class=\"elementor-widget-container\">\n\t\t\t\t\t\t\t\t\t<p>\ud835\udc04\ud835\udc2b\ud835\udc1f\ud835\udc28\ud835\udc25\ud835\udc20\ud835\udc2b\ud835\udc1e\ud835\udc22\ud835\udc1c\ud835\udc21\ud835\udc1e\ud835\udc2b \ud835\udc00\ud835\udc2e\ud835\udc1f\ud835\udc2d\ud835\udc1a\ud835\udc24\ud835\udc2d \ud835\udc20\ud835\udc1e\ud835\udc20\ud835\udc1e\ud835\udc27 \ud835\udc1d\ud835\udc1e\ud835\udc27 \ud835\udc08\ud835\udc07\ud835\udc02 \ud835\udc0b\ud835\udc1a\ud835\udc27\ud835\udc20\ud835\udc27\ud835\udc1a\ud835\udc2e \ud835\udc12\ud835\udc2d\ud835\udc1a\ud835\udc2b\ud835\udc2c<br \/>Am Samstag, 02.11.2024, war es endlich soweit: Der Playoff-Final startete mit dem Heimspiel gegen den IHC Langnau Stars. Die beiden Zweitplatzierten der Gruppen trafen aufeinander, doch dank drei Punkten mehr in der Meisterschaft genossen wir Heimrecht und hatten die Chance, vor heimischem Publikum vorzulegen.<\/p><p><br \/>\ud835\uddd4\ud835\ude02\ud835\ude00\ud835\uddf4\ud835\uddf2\ud835\uddf4\ud835\uddf9\ud835\uddf6\ud835\uddf0\ud835\uddf5\ud835\uddf2\ud835\uddfb\ud835\uddf2\ud835\uddff \ud835\uddd5\ud835\uddf2\ud835\uddf4\ud835\uddf6\ud835\uddfb\ud835\uddfb \ud835\ude02\ud835\uddfb\ud835\uddf1 \ud835\udde6\ud835\uddf0\ud835\uddf5\ud835\uddf9\ud835\uddee\ud835\uddf4\ud835\uddee\ud835\uddef\ud835\ude01\ud835\uddee\ud835\ude02\ud835\ude00\ud835\uddf0\ud835\uddf5 \ud835\uddf6\ud835\uddfa \ud835\uddf2\ud835\uddff\ud835\ude00\ud835\ude01\ud835\uddf2\ud835\uddfb \ud835\uddd7\ud835\uddff\ud835\uddf6\ud835\ude01\ud835\ude01\ud835\uddf2\ud835\uddf9<br \/>Der Start war intensiv: Nach 26 Sekunden mussten wir in Unterzahl spielen, \u00fcberstanden dies jedoch gut. Kurz vor Ablauf der Strafe erhielt auch Langnau eine Strafe, die wir zur F\u00fchrung nutzten. Langnau glich 30 Sekunden sp\u00e4ter aus und ging kurz darauf in F\u00fchrung. In der 8. Minute erzielten wir den erneuten Ausgleich. In der 18. Minute ging Langnau nochmals in F\u00fchrung, doch wir glichen sofort aus. Nach 20 Minuten stand es 3:3.<\/p><p><br \/>\ud835\uddde\ud835\uddfb\ud835\uddee\ud835\uddfd\ud835\uddfd\ud835\uddf2 \ud835\uddd9\u00fc\ud835\uddf5\ud835\uddff\ud835\ude02\ud835\uddfb\ud835\uddf4 \ud835\ude02\ud835\uddfb\ud835\uddf1 \ud835\ude00\ud835\ude01\ud835\uddee\ud835\uddff\ud835\uddf8\ud835\uddf2\ud835\uddff \ud835\uddde\ud835\uddee\ud835\uddfa\ud835\uddfd\ud835\uddf3 \ud835\uddf6\ud835\uddfa \ud835\ude07\ud835\ude04\ud835\uddf2\ud835\uddf6\ud835\ude01\ud835\uddf2\ud835\uddfb \ud835\uddd7\ud835\uddff\ud835\uddf6\ud835\ude01\ud835\ude01\ud835\uddf2\ud835\uddf9<br \/>Das zweite Drittel verlief hart umk\u00e4mpft, mit vielen Unterzahlphasen unsererseits. In einem unserer Powerplays kassierten wir jedoch einen Gegentreffer nach einem Ballverlust hinter unserem Tor \u2013 Langnau nutzte diese Chance zur erneuten F\u00fchrung. Nach \u00fcberstandenen Unterzahlsituationen gelang uns der erneute Ausgleich. Beide Teams hatten Chancen, doch bis zur Drittelpause fielen keine Tore mehr.<\/p><p><br \/>\ud835\uddd8\ud835\uddfb\ud835\ude01\ud835\ude00\ud835\uddf0\ud835\uddf5\ud835\uddf2\ud835\uddf6\ud835\uddf1\ud835\ude02\ud835\uddfb\ud835\uddf4 \ud835\uddf6\ud835\uddfa \ud835\udde6\ud835\uddf0\ud835\uddf5\ud835\uddf9\ud835\ude02\ud835\ude00\ud835\ude00\ud835\uddee\ud835\uddef\ud835\ude00\ud835\uddf0\ud835\uddf5\ud835\uddfb\ud835\uddf6\ud835\ude01\ud835\ude01<br \/>Im letzten Drittel blieb das Spiel offen, und beide Teams suchten die Entscheidung. In der 47. Minute nutzten wir ein Powerplay zur F\u00fchrung, doch Langnau glich in \u00dcberzahl erneut aus. 20 Sekunden vor Schluss gelang uns die F\u00fchrung nach einem Fehler des Gegners, gefolgt von einem Empty-Net-Treffer zum 7:5-Endstand.<\/p><p><br \/>\ud835\udde0\ud835\uddee\ud835\ude01\ud835\uddf0\ud835\uddf5\ud835\uddef\ud835\uddee\ud835\uddf9\ud835\uddf9 \ud835\uddf6\ud835\uddfa \ud835\ude07\ud835\ude04\ud835\uddf2\ud835\uddf6\ud835\ude01\ud835\uddf2\ud835\uddfb \ud835\udde6\ud835\uddfd\ud835\uddf6\ud835\uddf2\ud835\uddf9<br \/>Mit dem 1:0 in der Best-of-3-Serie haben wir uns den ersten Vorteil gesichert. Spiel 2 findet am Samstag, 09.11.2024, um 14:00 Uhr ausw\u00e4rts in Langnau am Albis statt. Mit einem weiteren Sieg k\u00f6nnten wir den Schweizer Meistertitel sichern. Wir reisen im Car an und haben noch einige freie Pl\u00e4tze f\u00fcr Fans \u2013 Anmeldungen bitte via PN oder per Mail an info.ihcgrenchen@gmail.com.<\/p>\t\t\t\t\t\t\t\t<\/div>\n\t\t\t\t<\/div>\n\t\t\t\t\t<\/div>\n\t\t\t\t<\/div>\n\t\t\t\t<\/div>\n\t\t","protected":false},"excerpt":{"rendered":"<p>\ud835\udc04\ud835\udc2b\ud835\udc1f\ud835\udc28\ud835\udc25\ud835\udc20\ud835\udc2b\ud835\udc1e\ud835\udc22\ud835\udc1c\ud835\udc21\ud835\udc1e\ud835\udc2b \ud835\udc00\ud835\udc2e\ud835\udc1f\ud835\udc2d\ud835\udc1a\ud835\udc24\ud835\udc2d \ud835\udc20\ud835\udc1e\ud835\udc20\ud835\udc1e\ud835\udc27 \ud835\udc1d\ud835\udc1e\ud835\udc27 \ud835\udc08\ud835\udc07\ud835\udc02 \ud835\udc0b\ud835\udc1a\ud835\udc27\ud835\udc20\ud835\udc27\ud835\udc1a\ud835\udc2e \ud835\udc12\ud835\udc2d\ud835\udc1a\ud835\udc2b\ud835\udc2cAm Samstag, 02.11.2024, war es endlich soweit: Der Playoff-Final startete mit dem Heimspiel gegen den IHC Langnau Stars. Die beiden Zweitplatzierten der Gruppen trafen aufeinander, doch dank drei Punkten mehr in der Meisterschaft genossen wir Heimrecht und hatten die Chance, vor heimischem Publikum vorzulegen. \ud835\uddd4\ud835\ude02\ud835\ude00\ud835\uddf4\ud835\uddf2\ud835\uddf4\ud835\uddf9\ud835\uddf6\ud835\uddf0\ud835\uddf5\ud835\uddf2\ud835\uddfb\ud835\uddf2\ud835\uddff \ud835\uddd5\ud835\uddf2\ud835\uddf4\ud835\uddf6\ud835\uddfb\ud835\uddfb \ud835\ude02\ud835\uddfb\ud835\uddf1 \ud835\udde6\ud835\uddf0\ud835\uddf5\ud835\uddf9\ud835\uddee\ud835\uddf4\ud835\uddee\ud835\uddef\ud835\ude01\ud835\uddee\ud835\ude02\ud835\ude00\ud835\uddf0\ud835\uddf5 \ud835\uddf6\ud835\uddfa [&hellip;]<\/p>\n","protected":false},"author":1,"featured_media":0,"comment_status":"closed","ping_status":"closed","sticky":false,"template":"","format":"standard","meta":{"om_disable_all_campaigns":false,"_monsterinsights_skip_tracking":false,"footnotes":""},"categories":[65,63],"tags":[],"class_list":["post-1603","post","type-post","status-publish","format-standard","hentry","category-meisterschaft-saison-2024","category-saison-2024"],"yoast_head":"<!-- This site is optimized with the Yoast SEO plugin v28.3 - https:\/\/yoast.com\/product\/yoast-seo-wordpress\/ -->\n<title>Playoffs Final | Game 1: IHC Grenchen vs. IHC Langnau Stars - IHC Grenchen<\/title>\n<meta name=\"robots\" content=\"index, follow, max-snippet:-1, max-image-preview:large, max-video-preview:-1\" \/>\n<link rel=\"canonical\" href=\"https:\/\/ihc-grenchen.ch\/wordpress\/index.php\/2024\/11\/02\/playoffs-final-game-1-ihc-grenchen-vs-ihc-langnau-stars\/\" \/>\n<meta property=\"og:locale\" content=\"de_DE\" \/>\n<meta property=\"og:type\" content=\"article\" \/>\n<meta property=\"og:title\" content=\"Playoffs Final | Game 1: IHC Grenchen vs. IHC Langnau Stars - IHC Grenchen\" \/>\n<meta property=\"og:description\" content=\"\ud835\udc04\ud835\udc2b\ud835\udc1f\ud835\udc28\ud835\udc25\ud835\udc20\ud835\udc2b\ud835\udc1e\ud835\udc22\ud835\udc1c\ud835\udc21\ud835\udc1e\ud835\udc2b \ud835\udc00\ud835\udc2e\ud835\udc1f\ud835\udc2d\ud835\udc1a\ud835\udc24\ud835\udc2d \ud835\udc20\ud835\udc1e\ud835\udc20\ud835\udc1e\ud835\udc27 \ud835\udc1d\ud835\udc1e\ud835\udc27 \ud835\udc08\ud835\udc07\ud835\udc02 \ud835\udc0b\ud835\udc1a\ud835\udc27\ud835\udc20\ud835\udc27\ud835\udc1a\ud835\udc2e \ud835\udc12\ud835\udc2d\ud835\udc1a\ud835\udc2b\ud835\udc2cAm Samstag, 02.11.2024, war es endlich soweit: Der Playoff-Final startete mit dem Heimspiel gegen den IHC Langnau Stars. Die beiden Zweitplatzierten der Gruppen trafen aufeinander, doch dank drei Punkten mehr in der Meisterschaft genossen wir Heimrecht und hatten die Chance, vor heimischem Publikum vorzulegen. \ud835\uddd4\ud835\ude02\ud835\ude00\ud835\uddf4\ud835\uddf2\ud835\uddf4\ud835\uddf9\ud835\uddf6\ud835\uddf0\ud835\uddf5\ud835\uddf2\ud835\uddfb\ud835\uddf2\ud835\uddff \ud835\uddd5\ud835\uddf2\ud835\uddf4\ud835\uddf6\ud835\uddfb\ud835\uddfb \ud835\ude02\ud835\uddfb\ud835\uddf1 \ud835\udde6\ud835\uddf0\ud835\uddf5\ud835\uddf9\ud835\uddee\ud835\uddf4\ud835\uddee\ud835\uddef\ud835\ude01\ud835\uddee\ud835\ude02\ud835\ude00\ud835\uddf0\ud835\uddf5 \ud835\uddf6\ud835\uddfa [&hellip;]\" \/>\n<meta property=\"og:url\" content=\"https:\/\/ihc-grenchen.ch\/wordpress\/index.php\/2024\/11\/02\/playoffs-final-game-1-ihc-grenchen-vs-ihc-langnau-stars\/\" \/>\n<meta property=\"og:site_name\" content=\"IHC Grenchen\" \/>\n<meta property=\"article:publisher\" content=\"https:\/\/www.facebook.com\/ihcgrenchen\/\" \/>\n<meta property=\"article:published_time\" content=\"2024-11-02T22:13:14+00:00\" \/>\n<meta property=\"article:modified_time\" content=\"2025-04-06T10:16:39+00:00\" \/>\n<meta name=\"author\" content=\"Nils Sterchi\" \/>\n<meta name=\"twitter:card\" content=\"summary_large_image\" \/>\n<meta name=\"twitter:label1\" content=\"Verfasst von\" \/>\n\t<meta name=\"twitter:data1\" content=\"Nils Sterchi\" \/>\n\t<meta name=\"twitter:label2\" content=\"Gesch\u00e4tzte Lesezeit\" \/>\n\t<meta name=\"twitter:data2\" content=\"2\u00a0Minuten\" \/>\n<script type=\"application\/ld+json\" class=\"yoast-schema-graph\">{\"@context\":\"https:\\\/\\\/schema.org\",\"@graph\":[{\"@type\":\"Article\",\"@id\":\"https:\\\/\\\/ihc-grenchen.ch\\\/wordpress\\\/index.php\\\/2024\\\/11\\\/02\\\/playoffs-final-game-1-ihc-grenchen-vs-ihc-langnau-stars\\\/#article\",\"isPartOf\":{\"@id\":\"https:\\\/\\\/ihc-grenchen.ch\\\/wordpress\\\/index.php\\\/2024\\\/11\\\/02\\\/playoffs-final-game-1-ihc-grenchen-vs-ihc-langnau-stars\\\/\"},\"author\":{\"name\":\"Nils Sterchi\",\"@id\":\"https:\\\/\\\/ihc-grenchen.ch\\\/wordpress\\\/#\\\/schema\\\/person\\\/7506e61e7c8314d00626de5c2ad0c96c\"},\"headline\":\"Playoffs Final | Game 1: IHC Grenchen vs. IHC Langnau Stars\",\"datePublished\":\"2024-11-02T22:13:14+00:00\",\"dateModified\":\"2025-04-06T10:16:39+00:00\",\"mainEntityOfPage\":{\"@id\":\"https:\\\/\\\/ihc-grenchen.ch\\\/wordpress\\\/index.php\\\/2024\\\/11\\\/02\\\/playoffs-final-game-1-ihc-grenchen-vs-ihc-langnau-stars\\\/\"},\"wordCount\":289,\"publisher\":{\"@id\":\"https:\\\/\\\/ihc-grenchen.ch\\\/wordpress\\\/#organization\"},\"articleSection\":[\"Meisterschaft\",\"Saison 2024\"],\"inLanguage\":\"de-CH\"},{\"@type\":\"WebPage\",\"@id\":\"https:\\\/\\\/ihc-grenchen.ch\\\/wordpress\\\/index.php\\\/2024\\\/11\\\/02\\\/playoffs-final-game-1-ihc-grenchen-vs-ihc-langnau-stars\\\/\",\"url\":\"https:\\\/\\\/ihc-grenchen.ch\\\/wordpress\\\/index.php\\\/2024\\\/11\\\/02\\\/playoffs-final-game-1-ihc-grenchen-vs-ihc-langnau-stars\\\/\",\"name\":\"Playoffs Final | Game 1: IHC Grenchen vs. IHC Langnau Stars - IHC Grenchen\",\"isPartOf\":{\"@id\":\"https:\\\/\\\/ihc-grenchen.ch\\\/wordpress\\\/#website\"},\"datePublished\":\"2024-11-02T22:13:14+00:00\",\"dateModified\":\"2025-04-06T10:16:39+00:00\",\"breadcrumb\":{\"@id\":\"https:\\\/\\\/ihc-grenchen.ch\\\/wordpress\\\/index.php\\\/2024\\\/11\\\/02\\\/playoffs-final-game-1-ihc-grenchen-vs-ihc-langnau-stars\\\/#breadcrumb\"},\"inLanguage\":\"de-CH\",\"potentialAction\":[{\"@type\":\"ReadAction\",\"target\":[\"https:\\\/\\\/ihc-grenchen.ch\\\/wordpress\\\/index.php\\\/2024\\\/11\\\/02\\\/playoffs-final-game-1-ihc-grenchen-vs-ihc-langnau-stars\\\/\"]}]},{\"@type\":\"BreadcrumbList\",\"@id\":\"https:\\\/\\\/ihc-grenchen.ch\\\/wordpress\\\/index.php\\\/2024\\\/11\\\/02\\\/playoffs-final-game-1-ihc-grenchen-vs-ihc-langnau-stars\\\/#breadcrumb\",\"itemListElement\":[{\"@type\":\"ListItem\",\"position\":1,\"name\":\"Startseite\",\"item\":\"https:\\\/\\\/ihc-grenchen.ch\\\/wordpress\\\/\"},{\"@type\":\"ListItem\",\"position\":2,\"name\":\"Playoffs Final | Game 1: IHC Grenchen vs. IHC Langnau Stars\"}]},{\"@type\":\"WebSite\",\"@id\":\"https:\\\/\\\/ihc-grenchen.ch\\\/wordpress\\\/#website\",\"url\":\"https:\\\/\\\/ihc-grenchen.ch\\\/wordpress\\\/\",\"name\":\"IHC Grenchen\",\"description\":\"Inlinehockey Verein aus Grenchen\",\"publisher\":{\"@id\":\"https:\\\/\\\/ihc-grenchen.ch\\\/wordpress\\\/#organization\"},\"potentialAction\":[{\"@type\":\"SearchAction\",\"target\":{\"@type\":\"EntryPoint\",\"urlTemplate\":\"https:\\\/\\\/ihc-grenchen.ch\\\/wordpress\\\/?s={search_term_string}\"},\"query-input\":{\"@type\":\"PropertyValueSpecification\",\"valueRequired\":true,\"valueName\":\"search_term_string\"}}],\"inLanguage\":\"de-CH\"},{\"@type\":\"Organization\",\"@id\":\"https:\\\/\\\/ihc-grenchen.ch\\\/wordpress\\\/#organization\",\"name\":\"IHC Grenchen\",\"url\":\"https:\\\/\\\/ihc-grenchen.ch\\\/wordpress\\\/\",\"logo\":{\"@type\":\"ImageObject\",\"inLanguage\":\"de-CH\",\"@id\":\"https:\\\/\\\/ihc-grenchen.ch\\\/wordpress\\\/#\\\/schema\\\/logo\\\/image\\\/\",\"url\":\"https:\\\/\\\/ihc-grenchen.ch\\\/wordpress\\\/wp-content\\\/uploads\\\/2023\\\/12\\\/grenchen-58d05f5f593cf-1.jpg\",\"contentUrl\":\"https:\\\/\\\/ihc-grenchen.ch\\\/wordpress\\\/wp-content\\\/uploads\\\/2023\\\/12\\\/grenchen-58d05f5f593cf-1.jpg\",\"width\":200,\"height\":200,\"caption\":\"IHC Grenchen\"},\"image\":{\"@id\":\"https:\\\/\\\/ihc-grenchen.ch\\\/wordpress\\\/#\\\/schema\\\/logo\\\/image\\\/\"},\"sameAs\":[\"https:\\\/\\\/www.facebook.com\\\/ihcgrenchen\\\/\",\"https:\\\/\\\/www.instagram.com\\\/ihc_grenchen\\\/\"]},{\"@type\":\"Person\",\"@id\":\"https:\\\/\\\/ihc-grenchen.ch\\\/wordpress\\\/#\\\/schema\\\/person\\\/7506e61e7c8314d00626de5c2ad0c96c\",\"name\":\"Nils Sterchi\",\"image\":{\"@type\":\"ImageObject\",\"inLanguage\":\"de-CH\",\"@id\":\"https:\\\/\\\/secure.gravatar.com\\\/avatar\\\/9d2a4825f9663654cea9fa5415f0dbaa59575f8e1bc60c4b7ef45c473f56e9e3?s=96&d=mm&r=g\",\"url\":\"https:\\\/\\\/secure.gravatar.com\\\/avatar\\\/9d2a4825f9663654cea9fa5415f0dbaa59575f8e1bc60c4b7ef45c473f56e9e3?s=96&d=mm&r=g\",\"contentUrl\":\"https:\\\/\\\/secure.gravatar.com\\\/avatar\\\/9d2a4825f9663654cea9fa5415f0dbaa59575f8e1bc60c4b7ef45c473f56e9e3?s=96&d=mm&r=g\",\"caption\":\"Nils Sterchi\"},\"sameAs\":[\"https:\\\/\\\/ihc-grenchen.ch\\\/wordpress\"],\"url\":\"https:\\\/\\\/ihc-grenchen.ch\\\/wordpress\\\/index.php\\\/author\\\/nsterchi_lustzd0w\\\/\"}]}<\/script>\n<!-- \/ Yoast SEO plugin. -->","yoast_head_json":{"title":"Playoffs Final | Game 1: IHC Grenchen vs. IHC Langnau Stars - IHC Grenchen","robots":{"index":"index","follow":"follow","max-snippet":"max-snippet:-1","max-image-preview":"max-image-preview:large","max-video-preview":"max-video-preview:-1"},"canonical":"https:\/\/ihc-grenchen.ch\/wordpress\/index.php\/2024\/11\/02\/playoffs-final-game-1-ihc-grenchen-vs-ihc-langnau-stars\/","og_locale":"de_DE","og_type":"article","og_title":"Playoffs Final | Game 1: IHC Grenchen vs. IHC Langnau Stars - IHC Grenchen","og_description":"\ud835\udc04\ud835\udc2b\ud835\udc1f\ud835\udc28\ud835\udc25\ud835\udc20\ud835\udc2b\ud835\udc1e\ud835\udc22\ud835\udc1c\ud835\udc21\ud835\udc1e\ud835\udc2b \ud835\udc00\ud835\udc2e\ud835\udc1f\ud835\udc2d\ud835\udc1a\ud835\udc24\ud835\udc2d \ud835\udc20\ud835\udc1e\ud835\udc20\ud835\udc1e\ud835\udc27 \ud835\udc1d\ud835\udc1e\ud835\udc27 \ud835\udc08\ud835\udc07\ud835\udc02 \ud835\udc0b\ud835\udc1a\ud835\udc27\ud835\udc20\ud835\udc27\ud835\udc1a\ud835\udc2e \ud835\udc12\ud835\udc2d\ud835\udc1a\ud835\udc2b\ud835\udc2cAm Samstag, 02.11.2024, war es endlich soweit: Der Playoff-Final startete mit dem Heimspiel gegen den IHC Langnau Stars. Die beiden Zweitplatzierten der Gruppen trafen aufeinander, doch dank drei Punkten mehr in der Meisterschaft genossen wir Heimrecht und hatten die Chance, vor heimischem Publikum vorzulegen. \ud835\uddd4\ud835\ude02\ud835\ude00\ud835\uddf4\ud835\uddf2\ud835\uddf4\ud835\uddf9\ud835\uddf6\ud835\uddf0\ud835\uddf5\ud835\uddf2\ud835\uddfb\ud835\uddf2\ud835\uddff \ud835\uddd5\ud835\uddf2\ud835\uddf4\ud835\uddf6\ud835\uddfb\ud835\uddfb \ud835\ude02\ud835\uddfb\ud835\uddf1 \ud835\udde6\ud835\uddf0\ud835\uddf5\ud835\uddf9\ud835\uddee\ud835\uddf4\ud835\uddee\ud835\uddef\ud835\ude01\ud835\uddee\ud835\ude02\ud835\ude00\ud835\uddf0\ud835\uddf5 \ud835\uddf6\ud835\uddfa [&hellip;]","og_url":"https:\/\/ihc-grenchen.ch\/wordpress\/index.php\/2024\/11\/02\/playoffs-final-game-1-ihc-grenchen-vs-ihc-langnau-stars\/","og_site_name":"IHC Grenchen","article_publisher":"https:\/\/www.facebook.com\/ihcgrenchen\/","article_published_time":"2024-11-02T22:13:14+00:00","article_modified_time":"2025-04-06T10:16:39+00:00","author":"Nils Sterchi","twitter_card":"summary_large_image","twitter_misc":{"Verfasst von":"Nils Sterchi","Gesch\u00e4tzte Lesezeit":"2\u00a0Minuten"},"schema":{"@context":"https:\/\/schema.org","@graph":[{"@type":"Article","@id":"https:\/\/ihc-grenchen.ch\/wordpress\/index.php\/2024\/11\/02\/playoffs-final-game-1-ihc-grenchen-vs-ihc-langnau-stars\/#article","isPartOf":{"@id":"https:\/\/ihc-grenchen.ch\/wordpress\/index.php\/2024\/11\/02\/playoffs-final-game-1-ihc-grenchen-vs-ihc-langnau-stars\/"},"author":{"name":"Nils Sterchi","@id":"https:\/\/ihc-grenchen.ch\/wordpress\/#\/schema\/person\/7506e61e7c8314d00626de5c2ad0c96c"},"headline":"Playoffs Final | Game 1: IHC Grenchen vs. IHC Langnau Stars","datePublished":"2024-11-02T22:13:14+00:00","dateModified":"2025-04-06T10:16:39+00:00","mainEntityOfPage":{"@id":"https:\/\/ihc-grenchen.ch\/wordpress\/index.php\/2024\/11\/02\/playoffs-final-game-1-ihc-grenchen-vs-ihc-langnau-stars\/"},"wordCount":289,"publisher":{"@id":"https:\/\/ihc-grenchen.ch\/wordpress\/#organization"},"articleSection":["Meisterschaft","Saison 2024"],"inLanguage":"de-CH"},{"@type":"WebPage","@id":"https:\/\/ihc-grenchen.ch\/wordpress\/index.php\/2024\/11\/02\/playoffs-final-game-1-ihc-grenchen-vs-ihc-langnau-stars\/","url":"https:\/\/ihc-grenchen.ch\/wordpress\/index.php\/2024\/11\/02\/playoffs-final-game-1-ihc-grenchen-vs-ihc-langnau-stars\/","name":"Playoffs Final | Game 1: IHC Grenchen vs. IHC Langnau Stars - IHC Grenchen","isPartOf":{"@id":"https:\/\/ihc-grenchen.ch\/wordpress\/#website"},"datePublished":"2024-11-02T22:13:14+00:00","dateModified":"2025-04-06T10:16:39+00:00","breadcrumb":{"@id":"https:\/\/ihc-grenchen.ch\/wordpress\/index.php\/2024\/11\/02\/playoffs-final-game-1-ihc-grenchen-vs-ihc-langnau-stars\/#breadcrumb"},"inLanguage":"de-CH","potentialAction":[{"@type":"ReadAction","target":["https:\/\/ihc-grenchen.ch\/wordpress\/index.php\/2024\/11\/02\/playoffs-final-game-1-ihc-grenchen-vs-ihc-langnau-stars\/"]}]},{"@type":"BreadcrumbList","@id":"https:\/\/ihc-grenchen.ch\/wordpress\/index.php\/2024\/11\/02\/playoffs-final-game-1-ihc-grenchen-vs-ihc-langnau-stars\/#breadcrumb","itemListElement":[{"@type":"ListItem","position":1,"name":"Startseite","item":"https:\/\/ihc-grenchen.ch\/wordpress\/"},{"@type":"ListItem","position":2,"name":"Playoffs Final | Game 1: IHC Grenchen vs. IHC Langnau Stars"}]},{"@type":"WebSite","@id":"https:\/\/ihc-grenchen.ch\/wordpress\/#website","url":"https:\/\/ihc-grenchen.ch\/wordpress\/","name":"IHC Grenchen","description":"Inlinehockey Verein aus Grenchen","publisher":{"@id":"https:\/\/ihc-grenchen.ch\/wordpress\/#organization"},"potentialAction":[{"@type":"SearchAction","target":{"@type":"EntryPoint","urlTemplate":"https:\/\/ihc-grenchen.ch\/wordpress\/?s={search_term_string}"},"query-input":{"@type":"PropertyValueSpecification","valueRequired":true,"valueName":"search_term_string"}}],"inLanguage":"de-CH"},{"@type":"Organization","@id":"https:\/\/ihc-grenchen.ch\/wordpress\/#organization","name":"IHC Grenchen","url":"https:\/\/ihc-grenchen.ch\/wordpress\/","logo":{"@type":"ImageObject","inLanguage":"de-CH","@id":"https:\/\/ihc-grenchen.ch\/wordpress\/#\/schema\/logo\/image\/","url":"https:\/\/ihc-grenchen.ch\/wordpress\/wp-content\/uploads\/2023\/12\/grenchen-58d05f5f593cf-1.jpg","contentUrl":"https:\/\/ihc-grenchen.ch\/wordpress\/wp-content\/uploads\/2023\/12\/grenchen-58d05f5f593cf-1.jpg","width":200,"height":200,"caption":"IHC Grenchen"},"image":{"@id":"https:\/\/ihc-grenchen.ch\/wordpress\/#\/schema\/logo\/image\/"},"sameAs":["https:\/\/www.facebook.com\/ihcgrenchen\/","https:\/\/www.instagram.com\/ihc_grenchen\/"]},{"@type":"Person","@id":"https:\/\/ihc-grenchen.ch\/wordpress\/#\/schema\/person\/7506e61e7c8314d00626de5c2ad0c96c","name":"Nils Sterchi","image":{"@type":"ImageObject","inLanguage":"de-CH","@id":"https:\/\/secure.gravatar.com\/avatar\/9d2a4825f9663654cea9fa5415f0dbaa59575f8e1bc60c4b7ef45c473f56e9e3?s=96&d=mm&r=g","url":"https:\/\/secure.gravatar.com\/avatar\/9d2a4825f9663654cea9fa5415f0dbaa59575f8e1bc60c4b7ef45c473f56e9e3?s=96&d=mm&r=g","contentUrl":"https:\/\/secure.gravatar.com\/avatar\/9d2a4825f9663654cea9fa5415f0dbaa59575f8e1bc60c4b7ef45c473f56e9e3?s=96&d=mm&r=g","caption":"Nils Sterchi"},"sameAs":["https:\/\/ihc-grenchen.ch\/wordpress"],"url":"https:\/\/ihc-grenchen.ch\/wordpress\/index.php\/author\/nsterchi_lustzd0w\/"}]}},"jetpack_featured_media_url":"","_links":{"self":[{"href":"https:\/\/ihc-grenchen.ch\/wordpress\/index.php\/wp-json\/wp\/v2\/posts\/1603","targetHints":{"allow":["GET"]}}],"collection":[{"href":"https:\/\/ihc-grenchen.ch\/wordpress\/index.php\/wp-json\/wp\/v2\/posts"}],"about":[{"href":"https:\/\/ihc-grenchen.ch\/wordpress\/index.php\/wp-json\/wp\/v2\/types\/post"}],"author":[{"embeddable":true,"href":"https:\/\/ihc-grenchen.ch\/wordpress\/index.php\/wp-json\/wp\/v2\/users\/1"}],"replies":[{"embeddable":true,"href":"https:\/\/ihc-grenchen.ch\/wordpress\/index.php\/wp-json\/wp\/v2\/comments?post=1603"}],"version-history":[{"count":5,"href":"https:\/\/ihc-grenchen.ch\/wordpress\/index.php\/wp-json\/wp\/v2\/posts\/1603\/revisions"}],"predecessor-version":[{"id":1643,"href":"https:\/\/ihc-grenchen.ch\/wordpress\/index.php\/wp-json\/wp\/v2\/posts\/1603\/revisions\/1643"}],"wp:attachment":[{"href":"https:\/\/ihc-grenchen.ch\/wordpress\/index.php\/wp-json\/wp\/v2\/media?parent=1603"}],"wp:term":[{"taxonomy":"category","embeddable":true,"href":"https:\/\/ihc-grenchen.ch\/wordpress\/index.php\/wp-json\/wp\/v2\/categories?post=1603"},{"taxonomy":"post_tag","embeddable":true,"href":"https:\/\/ihc-grenchen.ch\/wordpress\/index.php\/wp-json\/wp\/v2\/tags?post=1603"}],"curies":[{"name":"wp","href":"https:\/\/api.w.org\/{rel}","templated":true}]}}