{"id":1866,"date":"2025-03-14T23:56:04","date_gmt":"2025-03-14T22:56:04","guid":{"rendered":"https:\/\/ihc-grenchen.ch\/wordpress\/?p=1866"},"modified":"2025-03-15T00:01:50","modified_gmt":"2025-03-14T23:01:50","slug":"nlb-spieltag-1-ihc-bienne-vs-ihc-grenchen","status":"publish","type":"post","link":"https:\/\/ihc-grenchen.ch\/wordpress\/index.php\/2025\/03\/14\/nlb-spieltag-1-ihc-bienne-vs-ihc-grenchen\/","title":{"rendered":"NLB | Spieltag 1: IHC Bienne vs. IHC Grenchen"},"content":{"rendered":"\t\t<div data-elementor-type=\"wp-post\" data-elementor-id=\"1866\" class=\"elementor elementor-1866\">\n\t\t\t\t<div class=\"elementor-element elementor-element-2a83057 e-flex e-con-boxed e-con e-parent\" data-id=\"2a83057\" data-element_type=\"container\" data-e-type=\"container\">\n\t\t\t\t\t<div class=\"e-con-inner\">\n\t\t\t\t<div class=\"elementor-element elementor-element-8cc7790 elementor-widget elementor-widget-text-editor\" data-id=\"8cc7790\" data-element_type=\"widget\" data-e-type=\"widget\" data-widget_type=\"text-editor.default\">\n\t\t\t\t<div class=\"elementor-widget-container\">\n\t\t\t\t\t\t\t\t\t<p data-start=\"56\" data-end=\"505\">Wir haben uns f\u00fcr unser erstes Saisonspiel in der neuen NLB viel vorgenommen. Entsprechend gross war die Aufregung und Vorfreude, als wir am vergangenen Freitag bei IHC Bienne antraten. Unter der Leitung von Trainer Iwan Sterchi wollten wir von Beginn weg zeigen, dass wir in dieser Liga mithalten k\u00f6nnen. Doch leider lief an diesem Abend vieles gegen uns, sodass wir schliesslich mit einer deutlichen 4:11-Niederlage die Heimreise antreten mussten.<\/p><p data-start=\"507\" data-end=\"908\">Der Start ins Spiel verlief hektisch, beide Teams tasteten sich vorsichtig ab. In der achten Spielminute er\u00f6ffnete dann Bienne nach einer fr\u00fchen Strafe gegen uns den Torreigen. Kurz darauf mussten wir erneut einen Treffer hinnehmen. Nach dem dritten Gegentor in der 19. Minute war die Verunsicherung bei uns sp\u00fcrbar, auch wenn wir versuchten, ruhig zu bleiben und unsere Spielz\u00fcge sauber auszuspielen.<\/p><p data-start=\"910\" data-end=\"1486\">Im zweiten Drittel wollten wir unbedingt reagieren und wurden in der 23. Minute belohnt: Mirco Hofer erzielte auf Pass von Anja Wyss unseren ersten Saisontreffer in der NLB. Doch kaum hatten wir etwas Hoffnung gesch\u00f6pft, schlug Bienne zur\u00fcck und erh\u00f6hte den Druck. Durch zu viele individuelle Fehler und eine schwache Chancenauswertung gerieten wir bis zur 37. Minute mit 1:7 in R\u00fcckstand. Kurz vor Ende des Drittels gelang es uns aber nochmals, ein Zeichen zu setzen: Erst traf Yanis Wittich zum 2:7, dann erzielte Max B\u00fcchi das 3:7. Trotzdem lag noch ein langer Weg vor uns.<\/p><p data-start=\"1488\" data-end=\"1989\">Nach dem Seitenwechsel versuchten wir mit einem Torh\u00fcterwechsel neue Impulse zu setzen, doch auch im Schlussabschnitt wollte uns nicht alles gelingen. Zwar konnte Sacha Dick in der 51. Minute nochmals auf 4:8 verk\u00fcrzen, doch die Gastgeber legten ihrerseits weiter nach. Eine hitzige Szene in der 50. Minute f\u00fchrte zus\u00e4tzlich zu einer 5-Minuten-Strafe gegen uns und liess Frustration aufkommen. Bienne nutzte die \u00dcberlegenheit eiskalt aus, traf noch dreimal und machte den klaren 11:4-Endstand perfekt.<\/p><p data-start=\"1991\" data-end=\"2278\">Trotz dieser deutlichen Niederlage nehmen wir wertvolle Lehren mit. Wir befinden uns in einer neuen Liga, es ist unsere erste Saison in der NLB \u2013 da ist die Lernkurve steil. Nun m\u00fcssen wir daran arbeiten, unsere individuellen Fehler abzustellen und im Abschluss konsequenter zu agieren.<\/p><p data-start=\"2280\" data-end=\"2629\">Bereits am <strong data-start=\"2291\" data-end=\"2308\">21. M\u00e4rz 2025<\/strong> um <strong data-start=\"2312\" data-end=\"2325\">19:45 Uhr<\/strong> steht unser n\u00e4chstes Ausw\u00e4rtsspiel gegen den <strong data-start=\"2371\" data-end=\"2384\">SHC Ajoie<\/strong> an. Wir werden die Trainingseinheiten intensiv nutzen, um uns besser aufeinander abzustimmen und st\u00e4rker aufzutreten. Wir sind \u00fcberzeugt, dass wir uns in den kommenden Partien steigern und unser Potenzial in der NLB unter Beweis stellen k\u00f6nnen.<\/p>\t\t\t\t\t\t\t\t<\/div>\n\t\t\t\t<\/div>\n\t\t\t\t\t<\/div>\n\t\t\t\t<\/div>\n\t\t\t\t<\/div>\n\t\t","protected":false},"excerpt":{"rendered":"<p>Wir haben uns f\u00fcr unser erstes Saisonspiel in der neuen NLB viel vorgenommen. Entsprechend gross war die Aufregung und Vorfreude, als wir am vergangenen Freitag bei IHC Bienne antraten. Unter der Leitung von Trainer Iwan Sterchi wollten wir von Beginn weg zeigen, dass wir in dieser Liga mithalten k\u00f6nnen. Doch leider lief an diesem Abend [&hellip;]<\/p>\n","protected":false},"author":1,"featured_media":0,"comment_status":"closed","ping_status":"closed","sticky":false,"template":"","format":"standard","meta":{"om_disable_all_campaigns":false,"_monsterinsights_skip_tracking":false,"footnotes":""},"categories":[75,73],"tags":[],"class_list":["post-1866","post","type-post","status-publish","format-standard","hentry","category-meisterschaft-saison-2025","category-saison-2025"],"yoast_head":"<!-- This site is optimized with the Yoast SEO plugin v28.3 - https:\/\/yoast.com\/product\/yoast-seo-wordpress\/ -->\n<title>NLB | Spieltag 1: IHC Bienne vs. IHC Grenchen - IHC Grenchen<\/title>\n<meta name=\"robots\" content=\"index, follow, max-snippet:-1, max-image-preview:large, max-video-preview:-1\" \/>\n<link rel=\"canonical\" href=\"https:\/\/ihc-grenchen.ch\/wordpress\/index.php\/2025\/03\/14\/nlb-spieltag-1-ihc-bienne-vs-ihc-grenchen\/\" \/>\n<meta property=\"og:locale\" content=\"de_DE\" \/>\n<meta property=\"og:type\" content=\"article\" \/>\n<meta property=\"og:title\" content=\"NLB | Spieltag 1: IHC Bienne vs. IHC Grenchen - IHC Grenchen\" \/>\n<meta property=\"og:description\" content=\"Wir haben uns f\u00fcr unser erstes Saisonspiel in der neuen NLB viel vorgenommen. Entsprechend gross war die Aufregung und Vorfreude, als wir am vergangenen Freitag bei IHC Bienne antraten. Unter der Leitung von Trainer Iwan Sterchi wollten wir von Beginn weg zeigen, dass wir in dieser Liga mithalten k\u00f6nnen. Doch leider lief an diesem Abend [&hellip;]\" \/>\n<meta property=\"og:url\" content=\"https:\/\/ihc-grenchen.ch\/wordpress\/index.php\/2025\/03\/14\/nlb-spieltag-1-ihc-bienne-vs-ihc-grenchen\/\" \/>\n<meta property=\"og:site_name\" content=\"IHC Grenchen\" \/>\n<meta property=\"article:publisher\" content=\"https:\/\/www.facebook.com\/ihcgrenchen\/\" \/>\n<meta property=\"article:published_time\" content=\"2025-03-14T22:56:04+00:00\" \/>\n<meta property=\"article:modified_time\" content=\"2025-03-14T23:01:50+00:00\" \/>\n<meta name=\"author\" content=\"Nils Sterchi\" \/>\n<meta name=\"twitter:card\" content=\"summary_large_image\" \/>\n<meta name=\"twitter:label1\" content=\"Verfasst von\" \/>\n\t<meta name=\"twitter:data1\" content=\"Nils Sterchi\" \/>\n\t<meta name=\"twitter:label2\" content=\"Gesch\u00e4tzte Lesezeit\" \/>\n\t<meta name=\"twitter:data2\" content=\"3\u00a0Minuten\" \/>\n<script type=\"application\/ld+json\" class=\"yoast-schema-graph\">{\"@context\":\"https:\\\/\\\/schema.org\",\"@graph\":[{\"@type\":\"Article\",\"@id\":\"https:\\\/\\\/ihc-grenchen.ch\\\/wordpress\\\/index.php\\\/2025\\\/03\\\/14\\\/nlb-spieltag-1-ihc-bienne-vs-ihc-grenchen\\\/#article\",\"isPartOf\":{\"@id\":\"https:\\\/\\\/ihc-grenchen.ch\\\/wordpress\\\/index.php\\\/2025\\\/03\\\/14\\\/nlb-spieltag-1-ihc-bienne-vs-ihc-grenchen\\\/\"},\"author\":{\"name\":\"Nils Sterchi\",\"@id\":\"https:\\\/\\\/ihc-grenchen.ch\\\/wordpress\\\/#\\\/schema\\\/person\\\/7506e61e7c8314d00626de5c2ad0c96c\"},\"headline\":\"NLB | Spieltag 1: IHC Bienne vs. IHC Grenchen\",\"datePublished\":\"2025-03-14T22:56:04+00:00\",\"dateModified\":\"2025-03-14T23:01:50+00:00\",\"mainEntityOfPage\":{\"@id\":\"https:\\\/\\\/ihc-grenchen.ch\\\/wordpress\\\/index.php\\\/2025\\\/03\\\/14\\\/nlb-spieltag-1-ihc-bienne-vs-ihc-grenchen\\\/\"},\"wordCount\":410,\"publisher\":{\"@id\":\"https:\\\/\\\/ihc-grenchen.ch\\\/wordpress\\\/#organization\"},\"articleSection\":[\"Meisterschaft\",\"Saison 2025\"],\"inLanguage\":\"de-CH\"},{\"@type\":\"WebPage\",\"@id\":\"https:\\\/\\\/ihc-grenchen.ch\\\/wordpress\\\/index.php\\\/2025\\\/03\\\/14\\\/nlb-spieltag-1-ihc-bienne-vs-ihc-grenchen\\\/\",\"url\":\"https:\\\/\\\/ihc-grenchen.ch\\\/wordpress\\\/index.php\\\/2025\\\/03\\\/14\\\/nlb-spieltag-1-ihc-bienne-vs-ihc-grenchen\\\/\",\"name\":\"NLB | Spieltag 1: IHC Bienne vs. IHC Grenchen - IHC Grenchen\",\"isPartOf\":{\"@id\":\"https:\\\/\\\/ihc-grenchen.ch\\\/wordpress\\\/#website\"},\"datePublished\":\"2025-03-14T22:56:04+00:00\",\"dateModified\":\"2025-03-14T23:01:50+00:00\",\"breadcrumb\":{\"@id\":\"https:\\\/\\\/ihc-grenchen.ch\\\/wordpress\\\/index.php\\\/2025\\\/03\\\/14\\\/nlb-spieltag-1-ihc-bienne-vs-ihc-grenchen\\\/#breadcrumb\"},\"inLanguage\":\"de-CH\",\"potentialAction\":[{\"@type\":\"ReadAction\",\"target\":[\"https:\\\/\\\/ihc-grenchen.ch\\\/wordpress\\\/index.php\\\/2025\\\/03\\\/14\\\/nlb-spieltag-1-ihc-bienne-vs-ihc-grenchen\\\/\"]}]},{\"@type\":\"BreadcrumbList\",\"@id\":\"https:\\\/\\\/ihc-grenchen.ch\\\/wordpress\\\/index.php\\\/2025\\\/03\\\/14\\\/nlb-spieltag-1-ihc-bienne-vs-ihc-grenchen\\\/#breadcrumb\",\"itemListElement\":[{\"@type\":\"ListItem\",\"position\":1,\"name\":\"Startseite\",\"item\":\"https:\\\/\\\/ihc-grenchen.ch\\\/wordpress\\\/\"},{\"@type\":\"ListItem\",\"position\":2,\"name\":\"NLB | Spieltag 1: IHC Bienne vs. IHC Grenchen\"}]},{\"@type\":\"WebSite\",\"@id\":\"https:\\\/\\\/ihc-grenchen.ch\\\/wordpress\\\/#website\",\"url\":\"https:\\\/\\\/ihc-grenchen.ch\\\/wordpress\\\/\",\"name\":\"IHC Grenchen\",\"description\":\"Inlinehockey Verein aus Grenchen\",\"publisher\":{\"@id\":\"https:\\\/\\\/ihc-grenchen.ch\\\/wordpress\\\/#organization\"},\"potentialAction\":[{\"@type\":\"SearchAction\",\"target\":{\"@type\":\"EntryPoint\",\"urlTemplate\":\"https:\\\/\\\/ihc-grenchen.ch\\\/wordpress\\\/?s={search_term_string}\"},\"query-input\":{\"@type\":\"PropertyValueSpecification\",\"valueRequired\":true,\"valueName\":\"search_term_string\"}}],\"inLanguage\":\"de-CH\"},{\"@type\":\"Organization\",\"@id\":\"https:\\\/\\\/ihc-grenchen.ch\\\/wordpress\\\/#organization\",\"name\":\"IHC Grenchen\",\"url\":\"https:\\\/\\\/ihc-grenchen.ch\\\/wordpress\\\/\",\"logo\":{\"@type\":\"ImageObject\",\"inLanguage\":\"de-CH\",\"@id\":\"https:\\\/\\\/ihc-grenchen.ch\\\/wordpress\\\/#\\\/schema\\\/logo\\\/image\\\/\",\"url\":\"https:\\\/\\\/ihc-grenchen.ch\\\/wordpress\\\/wp-content\\\/uploads\\\/2023\\\/12\\\/grenchen-58d05f5f593cf-1.jpg\",\"contentUrl\":\"https:\\\/\\\/ihc-grenchen.ch\\\/wordpress\\\/wp-content\\\/uploads\\\/2023\\\/12\\\/grenchen-58d05f5f593cf-1.jpg\",\"width\":200,\"height\":200,\"caption\":\"IHC Grenchen\"},\"image\":{\"@id\":\"https:\\\/\\\/ihc-grenchen.ch\\\/wordpress\\\/#\\\/schema\\\/logo\\\/image\\\/\"},\"sameAs\":[\"https:\\\/\\\/www.facebook.com\\\/ihcgrenchen\\\/\",\"https:\\\/\\\/www.instagram.com\\\/ihc_grenchen\\\/\"]},{\"@type\":\"Person\",\"@id\":\"https:\\\/\\\/ihc-grenchen.ch\\\/wordpress\\\/#\\\/schema\\\/person\\\/7506e61e7c8314d00626de5c2ad0c96c\",\"name\":\"Nils Sterchi\",\"image\":{\"@type\":\"ImageObject\",\"inLanguage\":\"de-CH\",\"@id\":\"https:\\\/\\\/secure.gravatar.com\\\/avatar\\\/9d2a4825f9663654cea9fa5415f0dbaa59575f8e1bc60c4b7ef45c473f56e9e3?s=96&d=mm&r=g\",\"url\":\"https:\\\/\\\/secure.gravatar.com\\\/avatar\\\/9d2a4825f9663654cea9fa5415f0dbaa59575f8e1bc60c4b7ef45c473f56e9e3?s=96&d=mm&r=g\",\"contentUrl\":\"https:\\\/\\\/secure.gravatar.com\\\/avatar\\\/9d2a4825f9663654cea9fa5415f0dbaa59575f8e1bc60c4b7ef45c473f56e9e3?s=96&d=mm&r=g\",\"caption\":\"Nils Sterchi\"},\"sameAs\":[\"https:\\\/\\\/ihc-grenchen.ch\\\/wordpress\"],\"url\":\"https:\\\/\\\/ihc-grenchen.ch\\\/wordpress\\\/index.php\\\/author\\\/nsterchi_lustzd0w\\\/\"}]}<\/script>\n<!-- \/ Yoast SEO plugin. -->","yoast_head_json":{"title":"NLB | Spieltag 1: IHC Bienne vs. IHC Grenchen - IHC Grenchen","robots":{"index":"index","follow":"follow","max-snippet":"max-snippet:-1","max-image-preview":"max-image-preview:large","max-video-preview":"max-video-preview:-1"},"canonical":"https:\/\/ihc-grenchen.ch\/wordpress\/index.php\/2025\/03\/14\/nlb-spieltag-1-ihc-bienne-vs-ihc-grenchen\/","og_locale":"de_DE","og_type":"article","og_title":"NLB | Spieltag 1: IHC Bienne vs. IHC Grenchen - IHC Grenchen","og_description":"Wir haben uns f\u00fcr unser erstes Saisonspiel in der neuen NLB viel vorgenommen. Entsprechend gross war die Aufregung und Vorfreude, als wir am vergangenen Freitag bei IHC Bienne antraten. Unter der Leitung von Trainer Iwan Sterchi wollten wir von Beginn weg zeigen, dass wir in dieser Liga mithalten k\u00f6nnen. Doch leider lief an diesem Abend [&hellip;]","og_url":"https:\/\/ihc-grenchen.ch\/wordpress\/index.php\/2025\/03\/14\/nlb-spieltag-1-ihc-bienne-vs-ihc-grenchen\/","og_site_name":"IHC Grenchen","article_publisher":"https:\/\/www.facebook.com\/ihcgrenchen\/","article_published_time":"2025-03-14T22:56:04+00:00","article_modified_time":"2025-03-14T23:01:50+00:00","author":"Nils Sterchi","twitter_card":"summary_large_image","twitter_misc":{"Verfasst von":"Nils Sterchi","Gesch\u00e4tzte Lesezeit":"3\u00a0Minuten"},"schema":{"@context":"https:\/\/schema.org","@graph":[{"@type":"Article","@id":"https:\/\/ihc-grenchen.ch\/wordpress\/index.php\/2025\/03\/14\/nlb-spieltag-1-ihc-bienne-vs-ihc-grenchen\/#article","isPartOf":{"@id":"https:\/\/ihc-grenchen.ch\/wordpress\/index.php\/2025\/03\/14\/nlb-spieltag-1-ihc-bienne-vs-ihc-grenchen\/"},"author":{"name":"Nils Sterchi","@id":"https:\/\/ihc-grenchen.ch\/wordpress\/#\/schema\/person\/7506e61e7c8314d00626de5c2ad0c96c"},"headline":"NLB | Spieltag 1: IHC Bienne vs. IHC Grenchen","datePublished":"2025-03-14T22:56:04+00:00","dateModified":"2025-03-14T23:01:50+00:00","mainEntityOfPage":{"@id":"https:\/\/ihc-grenchen.ch\/wordpress\/index.php\/2025\/03\/14\/nlb-spieltag-1-ihc-bienne-vs-ihc-grenchen\/"},"wordCount":410,"publisher":{"@id":"https:\/\/ihc-grenchen.ch\/wordpress\/#organization"},"articleSection":["Meisterschaft","Saison 2025"],"inLanguage":"de-CH"},{"@type":"WebPage","@id":"https:\/\/ihc-grenchen.ch\/wordpress\/index.php\/2025\/03\/14\/nlb-spieltag-1-ihc-bienne-vs-ihc-grenchen\/","url":"https:\/\/ihc-grenchen.ch\/wordpress\/index.php\/2025\/03\/14\/nlb-spieltag-1-ihc-bienne-vs-ihc-grenchen\/","name":"NLB | Spieltag 1: IHC Bienne vs. IHC Grenchen - IHC Grenchen","isPartOf":{"@id":"https:\/\/ihc-grenchen.ch\/wordpress\/#website"},"datePublished":"2025-03-14T22:56:04+00:00","dateModified":"2025-03-14T23:01:50+00:00","breadcrumb":{"@id":"https:\/\/ihc-grenchen.ch\/wordpress\/index.php\/2025\/03\/14\/nlb-spieltag-1-ihc-bienne-vs-ihc-grenchen\/#breadcrumb"},"inLanguage":"de-CH","potentialAction":[{"@type":"ReadAction","target":["https:\/\/ihc-grenchen.ch\/wordpress\/index.php\/2025\/03\/14\/nlb-spieltag-1-ihc-bienne-vs-ihc-grenchen\/"]}]},{"@type":"BreadcrumbList","@id":"https:\/\/ihc-grenchen.ch\/wordpress\/index.php\/2025\/03\/14\/nlb-spieltag-1-ihc-bienne-vs-ihc-grenchen\/#breadcrumb","itemListElement":[{"@type":"ListItem","position":1,"name":"Startseite","item":"https:\/\/ihc-grenchen.ch\/wordpress\/"},{"@type":"ListItem","position":2,"name":"NLB | Spieltag 1: IHC Bienne vs. IHC Grenchen"}]},{"@type":"WebSite","@id":"https:\/\/ihc-grenchen.ch\/wordpress\/#website","url":"https:\/\/ihc-grenchen.ch\/wordpress\/","name":"IHC Grenchen","description":"Inlinehockey Verein aus Grenchen","publisher":{"@id":"https:\/\/ihc-grenchen.ch\/wordpress\/#organization"},"potentialAction":[{"@type":"SearchAction","target":{"@type":"EntryPoint","urlTemplate":"https:\/\/ihc-grenchen.ch\/wordpress\/?s={search_term_string}"},"query-input":{"@type":"PropertyValueSpecification","valueRequired":true,"valueName":"search_term_string"}}],"inLanguage":"de-CH"},{"@type":"Organization","@id":"https:\/\/ihc-grenchen.ch\/wordpress\/#organization","name":"IHC Grenchen","url":"https:\/\/ihc-grenchen.ch\/wordpress\/","logo":{"@type":"ImageObject","inLanguage":"de-CH","@id":"https:\/\/ihc-grenchen.ch\/wordpress\/#\/schema\/logo\/image\/","url":"https:\/\/ihc-grenchen.ch\/wordpress\/wp-content\/uploads\/2023\/12\/grenchen-58d05f5f593cf-1.jpg","contentUrl":"https:\/\/ihc-grenchen.ch\/wordpress\/wp-content\/uploads\/2023\/12\/grenchen-58d05f5f593cf-1.jpg","width":200,"height":200,"caption":"IHC Grenchen"},"image":{"@id":"https:\/\/ihc-grenchen.ch\/wordpress\/#\/schema\/logo\/image\/"},"sameAs":["https:\/\/www.facebook.com\/ihcgrenchen\/","https:\/\/www.instagram.com\/ihc_grenchen\/"]},{"@type":"Person","@id":"https:\/\/ihc-grenchen.ch\/wordpress\/#\/schema\/person\/7506e61e7c8314d00626de5c2ad0c96c","name":"Nils Sterchi","image":{"@type":"ImageObject","inLanguage":"de-CH","@id":"https:\/\/secure.gravatar.com\/avatar\/9d2a4825f9663654cea9fa5415f0dbaa59575f8e1bc60c4b7ef45c473f56e9e3?s=96&d=mm&r=g","url":"https:\/\/secure.gravatar.com\/avatar\/9d2a4825f9663654cea9fa5415f0dbaa59575f8e1bc60c4b7ef45c473f56e9e3?s=96&d=mm&r=g","contentUrl":"https:\/\/secure.gravatar.com\/avatar\/9d2a4825f9663654cea9fa5415f0dbaa59575f8e1bc60c4b7ef45c473f56e9e3?s=96&d=mm&r=g","caption":"Nils Sterchi"},"sameAs":["https:\/\/ihc-grenchen.ch\/wordpress"],"url":"https:\/\/ihc-grenchen.ch\/wordpress\/index.php\/author\/nsterchi_lustzd0w\/"}]}},"jetpack_featured_media_url":"","_links":{"self":[{"href":"https:\/\/ihc-grenchen.ch\/wordpress\/index.php\/wp-json\/wp\/v2\/posts\/1866","targetHints":{"allow":["GET"]}}],"collection":[{"href":"https:\/\/ihc-grenchen.ch\/wordpress\/index.php\/wp-json\/wp\/v2\/posts"}],"about":[{"href":"https:\/\/ihc-grenchen.ch\/wordpress\/index.php\/wp-json\/wp\/v2\/types\/post"}],"author":[{"embeddable":true,"href":"https:\/\/ihc-grenchen.ch\/wordpress\/index.php\/wp-json\/wp\/v2\/users\/1"}],"replies":[{"embeddable":true,"href":"https:\/\/ihc-grenchen.ch\/wordpress\/index.php\/wp-json\/wp\/v2\/comments?post=1866"}],"version-history":[{"count":10,"href":"https:\/\/ihc-grenchen.ch\/wordpress\/index.php\/wp-json\/wp\/v2\/posts\/1866\/revisions"}],"predecessor-version":[{"id":1876,"href":"https:\/\/ihc-grenchen.ch\/wordpress\/index.php\/wp-json\/wp\/v2\/posts\/1866\/revisions\/1876"}],"wp:attachment":[{"href":"https:\/\/ihc-grenchen.ch\/wordpress\/index.php\/wp-json\/wp\/v2\/media?parent=1866"}],"wp:term":[{"taxonomy":"category","embeddable":true,"href":"https:\/\/ihc-grenchen.ch\/wordpress\/index.php\/wp-json\/wp\/v2\/categories?post=1866"},{"taxonomy":"post_tag","embeddable":true,"href":"https:\/\/ihc-grenchen.ch\/wordpress\/index.php\/wp-json\/wp\/v2\/tags?post=1866"}],"curies":[{"name":"wp","href":"https:\/\/api.w.org\/{rel}","templated":true}]}}