{"id":1899,"date":"2025-04-02T19:30:00","date_gmt":"2025-04-02T18:30:00","guid":{"rendered":"https:\/\/ihc-grenchen.ch\/wordpress\/?p=1899"},"modified":"2025-04-06T11:16:12","modified_gmt":"2025-04-06T10:16:12","slug":"nlb-spieltag-3-ihc-grenchen-vs-shc-buix-ii","status":"publish","type":"post","link":"https:\/\/ihc-grenchen.ch\/wordpress\/index.php\/2025\/04\/02\/nlb-spieltag-3-ihc-grenchen-vs-shc-buix-ii\/","title":{"rendered":"NLB | Spieltag 3: IHC Grenchen vs. SHC Buix II"},"content":{"rendered":"\t\t<div data-elementor-type=\"wp-post\" data-elementor-id=\"1899\" class=\"elementor elementor-1899\">\n\t\t\t\t<div class=\"elementor-element elementor-element-c93249f e-flex e-con-boxed e-con e-parent\" data-id=\"c93249f\" data-element_type=\"container\" data-e-type=\"container\">\n\t\t\t\t\t<div class=\"e-con-inner\">\n\t\t\t\t<div class=\"elementor-element elementor-element-965370e elementor-widget elementor-widget-text-editor\" data-id=\"965370e\" data-element_type=\"widget\" data-e-type=\"widget\" data-widget_type=\"text-editor.default\">\n\t\t\t\t<div class=\"elementor-widget-container\">\n\t\t\t\t\t\t\t\t\t<p class=\"\" data-start=\"55\" data-end=\"652\">Wir durften am 29.03.2025 endlich unser erstes Heimspiel der Saison bestreiten und empfingen den SHC Buix II in Grenchen. Von Beginn an legten wir einen soliden Start hin und kamen in der vierten Minute bereits zu unserem ersten Tor durch Mirco Hofer, der pr\u00e4zise von Yanis Wittich in Szene gesetzt wurde. Diese fr\u00fche F\u00fchrung verlieh uns zwar Schwung, dennoch gerieten wir kurz darauf in R\u00fcckstand, als die G\u00e4ste innerhalb weniger Minuten zweimal trafen. Ein kleiner H\u00e4nger in unserem Defensivverhalten f\u00fchrte zum 1:2 nach dem ersten Drittel, was die Stimmung auf der Bank leicht d\u00e4mpfte.<\/p><p class=\"\" data-start=\"654\" data-end=\"1381\">Zu Beginn des zweiten Drittels sammelten wir uns neu und k\u00e4mpften uns mit viel Engagement zur\u00fcck in die Partie. Nach einer Strafe gegen Buix gelang Marco Dick der wichtige Ausgleich. Dennoch nutzte der Gegner seinerseits wieder eine Unachtsamkeit unsererseits, um erneut in F\u00fchrung zu gehen. Trainer Iwan Sterchi appellierte in der folgenden Auszeit an unsere Entschlossenheit \u2013 und wir sollten belohnt werden: Zun\u00e4chst glich Mirco Hofer zum 3:3 aus, dann legte erneut Marco Dick zum 4:3 nach. Mit einem Treffer von Marcel L\u00fcthi bauten wir unsere F\u00fchrung auf 5:3 aus, doch kurz vor der zweiten Pause verk\u00fcrzte Buix auf 5:4.<\/p><p class=\"\" data-start=\"1383\" data-end=\"1975\">Das letzte Drittel begann hochspannend und war gepr\u00e4gt von einem harten Kampf um jeden Zentimeter. Nach einer weiteren Strafe der G\u00e4ste nutzte Sascha Dick die Chance, um uns auf 6:4 davonziehen zu lassen. Unser Angriffsdruck zahlte sich aus, als Marco Dick zum 7:4 traf. Es blieb jedoch bis zum Ende spannend, weil Buix in der 57. Minute auf 7:5 verk\u00fcrzte. Die letzten zwei Minuten hatten es in sich: Nach einem Timeout der G\u00e4ste, bei dem sie ihren Torh\u00fcter vom Feld nahmen, nutzte Jan Ruchti in der allerletzten Sekunde die Gelegenheit und markierte per Empty-Net-Treffer den 8:5-Endstand.<\/p><p class=\"\" data-start=\"1977\" data-end=\"2257\">Unser Trainer Iwan Sterchi zeigte sich zufrieden: \u201eWir haben zeitweise unser K\u00f6nnen bewiesen, mussten aber auch k\u00e4mpfen, um den Sieg \u00fcber die Zeit zu bringen.\u201c Besonders die Geschlossenheit des Teams und die konsequente Chancenverwertung in wichtigen Momenten gaben den Ausschlag.<\/p><p class=\"\" data-start=\"2259\" data-end=\"2481\">Bereits am <strong data-start=\"2270\" data-end=\"2297\">05.04.2025 um 18:00 Uhr<\/strong> wartet im Ausw\u00e4rtsspiel gegen den IHC Capolago Flyers die n\u00e4chste Herausforderung. Wir werden alles daransetzen, diese gute Leistung zu best\u00e4tigen und erneut wichtige Punkte zu holen.<\/p>\t\t\t\t\t\t\t\t<\/div>\n\t\t\t\t<\/div>\n\t\t\t\t\t<\/div>\n\t\t\t\t<\/div>\n\t\t\t\t<\/div>\n\t\t","protected":false},"excerpt":{"rendered":"<p>Wir durften am 29.03.2025 endlich unser erstes Heimspiel der Saison bestreiten und empfingen den SHC Buix II in Grenchen. Von Beginn an legten wir einen soliden Start hin und kamen in der vierten Minute bereits zu unserem ersten Tor durch Mirco Hofer, der pr\u00e4zise von Yanis Wittich in Szene gesetzt wurde. Diese fr\u00fche F\u00fchrung verlieh [&hellip;]<\/p>\n","protected":false},"author":1,"featured_media":0,"comment_status":"closed","ping_status":"closed","sticky":false,"template":"","format":"standard","meta":{"om_disable_all_campaigns":false,"_monsterinsights_skip_tracking":false,"footnotes":""},"categories":[75,73],"tags":[],"class_list":["post-1899","post","type-post","status-publish","format-standard","hentry","category-meisterschaft-saison-2025","category-saison-2025"],"yoast_head":"<!-- This site is optimized with the Yoast SEO plugin v28.3 - https:\/\/yoast.com\/product\/yoast-seo-wordpress\/ -->\n<title>NLB | Spieltag 3: IHC Grenchen vs. SHC Buix II - IHC Grenchen<\/title>\n<meta name=\"robots\" content=\"index, follow, max-snippet:-1, max-image-preview:large, max-video-preview:-1\" \/>\n<link rel=\"canonical\" href=\"https:\/\/ihc-grenchen.ch\/wordpress\/index.php\/2025\/04\/02\/nlb-spieltag-3-ihc-grenchen-vs-shc-buix-ii\/\" \/>\n<meta property=\"og:locale\" content=\"de_DE\" \/>\n<meta property=\"og:type\" content=\"article\" \/>\n<meta property=\"og:title\" content=\"NLB | Spieltag 3: IHC Grenchen vs. SHC Buix II - IHC Grenchen\" \/>\n<meta property=\"og:description\" content=\"Wir durften am 29.03.2025 endlich unser erstes Heimspiel der Saison bestreiten und empfingen den SHC Buix II in Grenchen. Von Beginn an legten wir einen soliden Start hin und kamen in der vierten Minute bereits zu unserem ersten Tor durch Mirco Hofer, der pr\u00e4zise von Yanis Wittich in Szene gesetzt wurde. Diese fr\u00fche F\u00fchrung verlieh [&hellip;]\" \/>\n<meta property=\"og:url\" content=\"https:\/\/ihc-grenchen.ch\/wordpress\/index.php\/2025\/04\/02\/nlb-spieltag-3-ihc-grenchen-vs-shc-buix-ii\/\" \/>\n<meta property=\"og:site_name\" content=\"IHC Grenchen\" \/>\n<meta property=\"article:publisher\" content=\"https:\/\/www.facebook.com\/ihcgrenchen\/\" \/>\n<meta property=\"article:published_time\" content=\"2025-04-02T18:30:00+00:00\" \/>\n<meta property=\"article:modified_time\" content=\"2025-04-06T10:16:12+00:00\" \/>\n<meta name=\"author\" content=\"Nils Sterchi\" \/>\n<meta name=\"twitter:card\" content=\"summary_large_image\" \/>\n<meta name=\"twitter:label1\" content=\"Verfasst von\" \/>\n\t<meta name=\"twitter:data1\" content=\"Nils Sterchi\" \/>\n<script type=\"application\/ld+json\" class=\"yoast-schema-graph\">{\"@context\":\"https:\\\/\\\/schema.org\",\"@graph\":[{\"@type\":\"Article\",\"@id\":\"https:\\\/\\\/ihc-grenchen.ch\\\/wordpress\\\/index.php\\\/2025\\\/04\\\/02\\\/nlb-spieltag-3-ihc-grenchen-vs-shc-buix-ii\\\/#article\",\"isPartOf\":{\"@id\":\"https:\\\/\\\/ihc-grenchen.ch\\\/wordpress\\\/index.php\\\/2025\\\/04\\\/02\\\/nlb-spieltag-3-ihc-grenchen-vs-shc-buix-ii\\\/\"},\"author\":{\"name\":\"Nils Sterchi\",\"@id\":\"https:\\\/\\\/ihc-grenchen.ch\\\/wordpress\\\/#\\\/schema\\\/person\\\/7506e61e7c8314d00626de5c2ad0c96c\"},\"headline\":\"NLB | Spieltag 3: IHC Grenchen vs. SHC Buix II\",\"datePublished\":\"2025-04-02T18:30:00+00:00\",\"dateModified\":\"2025-04-06T10:16:12+00:00\",\"mainEntityOfPage\":{\"@id\":\"https:\\\/\\\/ihc-grenchen.ch\\\/wordpress\\\/index.php\\\/2025\\\/04\\\/02\\\/nlb-spieltag-3-ihc-grenchen-vs-shc-buix-ii\\\/\"},\"wordCount\":382,\"publisher\":{\"@id\":\"https:\\\/\\\/ihc-grenchen.ch\\\/wordpress\\\/#organization\"},\"articleSection\":[\"Meisterschaft\",\"Saison 2025\"],\"inLanguage\":\"de-CH\"},{\"@type\":\"WebPage\",\"@id\":\"https:\\\/\\\/ihc-grenchen.ch\\\/wordpress\\\/index.php\\\/2025\\\/04\\\/02\\\/nlb-spieltag-3-ihc-grenchen-vs-shc-buix-ii\\\/\",\"url\":\"https:\\\/\\\/ihc-grenchen.ch\\\/wordpress\\\/index.php\\\/2025\\\/04\\\/02\\\/nlb-spieltag-3-ihc-grenchen-vs-shc-buix-ii\\\/\",\"name\":\"NLB | Spieltag 3: IHC Grenchen vs. SHC Buix II - IHC Grenchen\",\"isPartOf\":{\"@id\":\"https:\\\/\\\/ihc-grenchen.ch\\\/wordpress\\\/#website\"},\"datePublished\":\"2025-04-02T18:30:00+00:00\",\"dateModified\":\"2025-04-06T10:16:12+00:00\",\"breadcrumb\":{\"@id\":\"https:\\\/\\\/ihc-grenchen.ch\\\/wordpress\\\/index.php\\\/2025\\\/04\\\/02\\\/nlb-spieltag-3-ihc-grenchen-vs-shc-buix-ii\\\/#breadcrumb\"},\"inLanguage\":\"de-CH\",\"potentialAction\":[{\"@type\":\"ReadAction\",\"target\":[\"https:\\\/\\\/ihc-grenchen.ch\\\/wordpress\\\/index.php\\\/2025\\\/04\\\/02\\\/nlb-spieltag-3-ihc-grenchen-vs-shc-buix-ii\\\/\"]}]},{\"@type\":\"BreadcrumbList\",\"@id\":\"https:\\\/\\\/ihc-grenchen.ch\\\/wordpress\\\/index.php\\\/2025\\\/04\\\/02\\\/nlb-spieltag-3-ihc-grenchen-vs-shc-buix-ii\\\/#breadcrumb\",\"itemListElement\":[{\"@type\":\"ListItem\",\"position\":1,\"name\":\"Startseite\",\"item\":\"https:\\\/\\\/ihc-grenchen.ch\\\/wordpress\\\/\"},{\"@type\":\"ListItem\",\"position\":2,\"name\":\"NLB | Spieltag 3: IHC Grenchen vs. SHC Buix II\"}]},{\"@type\":\"WebSite\",\"@id\":\"https:\\\/\\\/ihc-grenchen.ch\\\/wordpress\\\/#website\",\"url\":\"https:\\\/\\\/ihc-grenchen.ch\\\/wordpress\\\/\",\"name\":\"IHC Grenchen\",\"description\":\"Inlinehockey Verein aus Grenchen\",\"publisher\":{\"@id\":\"https:\\\/\\\/ihc-grenchen.ch\\\/wordpress\\\/#organization\"},\"potentialAction\":[{\"@type\":\"SearchAction\",\"target\":{\"@type\":\"EntryPoint\",\"urlTemplate\":\"https:\\\/\\\/ihc-grenchen.ch\\\/wordpress\\\/?s={search_term_string}\"},\"query-input\":{\"@type\":\"PropertyValueSpecification\",\"valueRequired\":true,\"valueName\":\"search_term_string\"}}],\"inLanguage\":\"de-CH\"},{\"@type\":\"Organization\",\"@id\":\"https:\\\/\\\/ihc-grenchen.ch\\\/wordpress\\\/#organization\",\"name\":\"IHC Grenchen\",\"url\":\"https:\\\/\\\/ihc-grenchen.ch\\\/wordpress\\\/\",\"logo\":{\"@type\":\"ImageObject\",\"inLanguage\":\"de-CH\",\"@id\":\"https:\\\/\\\/ihc-grenchen.ch\\\/wordpress\\\/#\\\/schema\\\/logo\\\/image\\\/\",\"url\":\"https:\\\/\\\/ihc-grenchen.ch\\\/wordpress\\\/wp-content\\\/uploads\\\/2023\\\/12\\\/grenchen-58d05f5f593cf-1.jpg\",\"contentUrl\":\"https:\\\/\\\/ihc-grenchen.ch\\\/wordpress\\\/wp-content\\\/uploads\\\/2023\\\/12\\\/grenchen-58d05f5f593cf-1.jpg\",\"width\":200,\"height\":200,\"caption\":\"IHC Grenchen\"},\"image\":{\"@id\":\"https:\\\/\\\/ihc-grenchen.ch\\\/wordpress\\\/#\\\/schema\\\/logo\\\/image\\\/\"},\"sameAs\":[\"https:\\\/\\\/www.facebook.com\\\/ihcgrenchen\\\/\",\"https:\\\/\\\/www.instagram.com\\\/ihc_grenchen\\\/\"]},{\"@type\":\"Person\",\"@id\":\"https:\\\/\\\/ihc-grenchen.ch\\\/wordpress\\\/#\\\/schema\\\/person\\\/7506e61e7c8314d00626de5c2ad0c96c\",\"name\":\"Nils Sterchi\",\"image\":{\"@type\":\"ImageObject\",\"inLanguage\":\"de-CH\",\"@id\":\"https:\\\/\\\/secure.gravatar.com\\\/avatar\\\/9d2a4825f9663654cea9fa5415f0dbaa59575f8e1bc60c4b7ef45c473f56e9e3?s=96&d=mm&r=g\",\"url\":\"https:\\\/\\\/secure.gravatar.com\\\/avatar\\\/9d2a4825f9663654cea9fa5415f0dbaa59575f8e1bc60c4b7ef45c473f56e9e3?s=96&d=mm&r=g\",\"contentUrl\":\"https:\\\/\\\/secure.gravatar.com\\\/avatar\\\/9d2a4825f9663654cea9fa5415f0dbaa59575f8e1bc60c4b7ef45c473f56e9e3?s=96&d=mm&r=g\",\"caption\":\"Nils Sterchi\"},\"sameAs\":[\"https:\\\/\\\/ihc-grenchen.ch\\\/wordpress\"],\"url\":\"https:\\\/\\\/ihc-grenchen.ch\\\/wordpress\\\/index.php\\\/author\\\/nsterchi_lustzd0w\\\/\"}]}<\/script>\n<!-- \/ Yoast SEO plugin. -->","yoast_head_json":{"title":"NLB | Spieltag 3: IHC Grenchen vs. SHC Buix II - IHC Grenchen","robots":{"index":"index","follow":"follow","max-snippet":"max-snippet:-1","max-image-preview":"max-image-preview:large","max-video-preview":"max-video-preview:-1"},"canonical":"https:\/\/ihc-grenchen.ch\/wordpress\/index.php\/2025\/04\/02\/nlb-spieltag-3-ihc-grenchen-vs-shc-buix-ii\/","og_locale":"de_DE","og_type":"article","og_title":"NLB | Spieltag 3: IHC Grenchen vs. SHC Buix II - IHC Grenchen","og_description":"Wir durften am 29.03.2025 endlich unser erstes Heimspiel der Saison bestreiten und empfingen den SHC Buix II in Grenchen. Von Beginn an legten wir einen soliden Start hin und kamen in der vierten Minute bereits zu unserem ersten Tor durch Mirco Hofer, der pr\u00e4zise von Yanis Wittich in Szene gesetzt wurde. Diese fr\u00fche F\u00fchrung verlieh [&hellip;]","og_url":"https:\/\/ihc-grenchen.ch\/wordpress\/index.php\/2025\/04\/02\/nlb-spieltag-3-ihc-grenchen-vs-shc-buix-ii\/","og_site_name":"IHC Grenchen","article_publisher":"https:\/\/www.facebook.com\/ihcgrenchen\/","article_published_time":"2025-04-02T18:30:00+00:00","article_modified_time":"2025-04-06T10:16:12+00:00","author":"Nils Sterchi","twitter_card":"summary_large_image","twitter_misc":{"Verfasst von":"Nils Sterchi"},"schema":{"@context":"https:\/\/schema.org","@graph":[{"@type":"Article","@id":"https:\/\/ihc-grenchen.ch\/wordpress\/index.php\/2025\/04\/02\/nlb-spieltag-3-ihc-grenchen-vs-shc-buix-ii\/#article","isPartOf":{"@id":"https:\/\/ihc-grenchen.ch\/wordpress\/index.php\/2025\/04\/02\/nlb-spieltag-3-ihc-grenchen-vs-shc-buix-ii\/"},"author":{"name":"Nils Sterchi","@id":"https:\/\/ihc-grenchen.ch\/wordpress\/#\/schema\/person\/7506e61e7c8314d00626de5c2ad0c96c"},"headline":"NLB | Spieltag 3: IHC Grenchen vs. SHC Buix II","datePublished":"2025-04-02T18:30:00+00:00","dateModified":"2025-04-06T10:16:12+00:00","mainEntityOfPage":{"@id":"https:\/\/ihc-grenchen.ch\/wordpress\/index.php\/2025\/04\/02\/nlb-spieltag-3-ihc-grenchen-vs-shc-buix-ii\/"},"wordCount":382,"publisher":{"@id":"https:\/\/ihc-grenchen.ch\/wordpress\/#organization"},"articleSection":["Meisterschaft","Saison 2025"],"inLanguage":"de-CH"},{"@type":"WebPage","@id":"https:\/\/ihc-grenchen.ch\/wordpress\/index.php\/2025\/04\/02\/nlb-spieltag-3-ihc-grenchen-vs-shc-buix-ii\/","url":"https:\/\/ihc-grenchen.ch\/wordpress\/index.php\/2025\/04\/02\/nlb-spieltag-3-ihc-grenchen-vs-shc-buix-ii\/","name":"NLB | Spieltag 3: IHC Grenchen vs. SHC Buix II - IHC Grenchen","isPartOf":{"@id":"https:\/\/ihc-grenchen.ch\/wordpress\/#website"},"datePublished":"2025-04-02T18:30:00+00:00","dateModified":"2025-04-06T10:16:12+00:00","breadcrumb":{"@id":"https:\/\/ihc-grenchen.ch\/wordpress\/index.php\/2025\/04\/02\/nlb-spieltag-3-ihc-grenchen-vs-shc-buix-ii\/#breadcrumb"},"inLanguage":"de-CH","potentialAction":[{"@type":"ReadAction","target":["https:\/\/ihc-grenchen.ch\/wordpress\/index.php\/2025\/04\/02\/nlb-spieltag-3-ihc-grenchen-vs-shc-buix-ii\/"]}]},{"@type":"BreadcrumbList","@id":"https:\/\/ihc-grenchen.ch\/wordpress\/index.php\/2025\/04\/02\/nlb-spieltag-3-ihc-grenchen-vs-shc-buix-ii\/#breadcrumb","itemListElement":[{"@type":"ListItem","position":1,"name":"Startseite","item":"https:\/\/ihc-grenchen.ch\/wordpress\/"},{"@type":"ListItem","position":2,"name":"NLB | Spieltag 3: IHC Grenchen vs. SHC Buix II"}]},{"@type":"WebSite","@id":"https:\/\/ihc-grenchen.ch\/wordpress\/#website","url":"https:\/\/ihc-grenchen.ch\/wordpress\/","name":"IHC Grenchen","description":"Inlinehockey Verein aus Grenchen","publisher":{"@id":"https:\/\/ihc-grenchen.ch\/wordpress\/#organization"},"potentialAction":[{"@type":"SearchAction","target":{"@type":"EntryPoint","urlTemplate":"https:\/\/ihc-grenchen.ch\/wordpress\/?s={search_term_string}"},"query-input":{"@type":"PropertyValueSpecification","valueRequired":true,"valueName":"search_term_string"}}],"inLanguage":"de-CH"},{"@type":"Organization","@id":"https:\/\/ihc-grenchen.ch\/wordpress\/#organization","name":"IHC Grenchen","url":"https:\/\/ihc-grenchen.ch\/wordpress\/","logo":{"@type":"ImageObject","inLanguage":"de-CH","@id":"https:\/\/ihc-grenchen.ch\/wordpress\/#\/schema\/logo\/image\/","url":"https:\/\/ihc-grenchen.ch\/wordpress\/wp-content\/uploads\/2023\/12\/grenchen-58d05f5f593cf-1.jpg","contentUrl":"https:\/\/ihc-grenchen.ch\/wordpress\/wp-content\/uploads\/2023\/12\/grenchen-58d05f5f593cf-1.jpg","width":200,"height":200,"caption":"IHC Grenchen"},"image":{"@id":"https:\/\/ihc-grenchen.ch\/wordpress\/#\/schema\/logo\/image\/"},"sameAs":["https:\/\/www.facebook.com\/ihcgrenchen\/","https:\/\/www.instagram.com\/ihc_grenchen\/"]},{"@type":"Person","@id":"https:\/\/ihc-grenchen.ch\/wordpress\/#\/schema\/person\/7506e61e7c8314d00626de5c2ad0c96c","name":"Nils Sterchi","image":{"@type":"ImageObject","inLanguage":"de-CH","@id":"https:\/\/secure.gravatar.com\/avatar\/9d2a4825f9663654cea9fa5415f0dbaa59575f8e1bc60c4b7ef45c473f56e9e3?s=96&d=mm&r=g","url":"https:\/\/secure.gravatar.com\/avatar\/9d2a4825f9663654cea9fa5415f0dbaa59575f8e1bc60c4b7ef45c473f56e9e3?s=96&d=mm&r=g","contentUrl":"https:\/\/secure.gravatar.com\/avatar\/9d2a4825f9663654cea9fa5415f0dbaa59575f8e1bc60c4b7ef45c473f56e9e3?s=96&d=mm&r=g","caption":"Nils Sterchi"},"sameAs":["https:\/\/ihc-grenchen.ch\/wordpress"],"url":"https:\/\/ihc-grenchen.ch\/wordpress\/index.php\/author\/nsterchi_lustzd0w\/"}]}},"jetpack_featured_media_url":"","_links":{"self":[{"href":"https:\/\/ihc-grenchen.ch\/wordpress\/index.php\/wp-json\/wp\/v2\/posts\/1899","targetHints":{"allow":["GET"]}}],"collection":[{"href":"https:\/\/ihc-grenchen.ch\/wordpress\/index.php\/wp-json\/wp\/v2\/posts"}],"about":[{"href":"https:\/\/ihc-grenchen.ch\/wordpress\/index.php\/wp-json\/wp\/v2\/types\/post"}],"author":[{"embeddable":true,"href":"https:\/\/ihc-grenchen.ch\/wordpress\/index.php\/wp-json\/wp\/v2\/users\/1"}],"replies":[{"embeddable":true,"href":"https:\/\/ihc-grenchen.ch\/wordpress\/index.php\/wp-json\/wp\/v2\/comments?post=1899"}],"version-history":[{"count":7,"href":"https:\/\/ihc-grenchen.ch\/wordpress\/index.php\/wp-json\/wp\/v2\/posts\/1899\/revisions"}],"predecessor-version":[{"id":1906,"href":"https:\/\/ihc-grenchen.ch\/wordpress\/index.php\/wp-json\/wp\/v2\/posts\/1899\/revisions\/1906"}],"wp:attachment":[{"href":"https:\/\/ihc-grenchen.ch\/wordpress\/index.php\/wp-json\/wp\/v2\/media?parent=1899"}],"wp:term":[{"taxonomy":"category","embeddable":true,"href":"https:\/\/ihc-grenchen.ch\/wordpress\/index.php\/wp-json\/wp\/v2\/categories?post=1899"},{"taxonomy":"post_tag","embeddable":true,"href":"https:\/\/ihc-grenchen.ch\/wordpress\/index.php\/wp-json\/wp\/v2\/tags?post=1899"}],"curies":[{"name":"wp","href":"https:\/\/api.w.org\/{rel}","templated":true}]}}