{"id":1934,"date":"2025-05-03T09:59:09","date_gmt":"2025-05-03T08:59:09","guid":{"rendered":"https:\/\/ihc-grenchen.ch\/wordpress\/?p=1934"},"modified":"2025-05-03T10:15:16","modified_gmt":"2025-05-03T09:15:16","slug":"nlb-spieltag-6-shc-rossemaison-ii-vs-ihc-grenchen","status":"publish","type":"post","link":"https:\/\/ihc-grenchen.ch\/wordpress\/index.php\/2025\/05\/03\/nlb-spieltag-6-shc-rossemaison-ii-vs-ihc-grenchen\/","title":{"rendered":"NLB | Spieltag 6: SHC Rossemaison II vs. IHC Grenchen"},"content":{"rendered":"\t\t<div data-elementor-type=\"wp-post\" data-elementor-id=\"1934\" class=\"elementor elementor-1934\">\n\t\t\t\t<div class=\"elementor-element elementor-element-246a5df e-flex e-con-boxed e-con e-parent\" data-id=\"246a5df\" data-element_type=\"container\" data-e-type=\"container\">\n\t\t\t\t\t<div class=\"e-con-inner\">\n\t\t\t\t<div class=\"elementor-element elementor-element-caaa18f elementor-widget elementor-widget-text-editor\" data-id=\"caaa18f\" data-element_type=\"widget\" data-e-type=\"widget\" data-widget_type=\"text-editor.default\">\n\t\t\t\t<div class=\"elementor-widget-container\">\n\t\t\t\t\t\t\t\t\t<p class=\"\" data-start=\"0\" data-end=\"606\">Wir mussten uns bereits nach 10 Sekunden auf einen ganz schlechten Start einstellen, als Guillaume Jeanrenaud f\u00fcr den SHC Rossemaison II zum 1:0 traf. Die Startschwierigkeiten auf dem schnellen Belag waren deutlich sp\u00fcrbar, und erst in der 14. Minute erh\u00f6hte Ronan Schmassmann auf 2:0, nachdem wir noch nicht richtig ins Spiel gefunden hatten. Zwar gelang Marco M\u00fcller(Assist: Sascha Dick) in der 17:22-Minute der Anschlusstreffer zum 2:1, doch nur 28 Sekunden sp\u00e4ter stellte Jeanrenaud mit seinem zweiten Treffer zum 3:1 den alten Abstand wieder her.<\/p><p class=\"\" data-start=\"608\" data-end=\"1203\">Im zweiten Drittel setzte Rossemaison II seine \u00dcberlegenheit konsequent um: Bastien W\u00fctrich (Assist: Gwena\u00ebl Sch\u00fcll) und Cl\u00e9ment Stemer (Assist: W\u00fctrich) erh\u00f6hten innerhalb von f\u00fcnf Minuten auf 5:1. Doch dann zeigten wir unsere k\u00e4mpferische Leistung bis zum Schluss: M\u00fcller (Assist: Sascha Dick) verk\u00fcrzte auf 5:2, und obwohl Rossemaison kurz darauf erneut traf (Stemer\/Assist Ashvin Sivasubramaniam), blieben wir dran. M\u00fcller mit seinem dritten Tor (Assist: Marco Dick) und Mirco Hofer sorgten bis zur Drittelhalbzeit f\u00fcr das 6:4, bevor Marcel L\u00fcthi (Assist: M\u00fcller) den R\u00fcckstand auf 6:5 schrumpfen liess.<\/p><p class=\"\" data-start=\"1205\" data-end=\"1830\">Mit neuem Schwung starteten wir ins Schlussdrittel, doch Rossemaison nutzte fr\u00fch eine Unachtsamkeit zum 7:5 (Gaetan Struchen\/Assist: Jeanrenaud). Wir bewiesen jedoch Herzblut und glichen durch Sascha Dick (Assist: Marco Dick) und Marco Dick (Assist: M\u00fcller) innert weniger Minuten zum 7:7 aus. Leider gelang Rossemaison kurz darauf erneut die F\u00fchrung (Jeanrenaud\/Assist: Sivasubramaniam) und in der 49:56-Minute sogar das 9:7. Unsere Mannschaft k\u00e4mpfte unverdrossen weiter, und Marco Dick markierte in der Schlussminute den Schlusspunkt zum 9:8 \u2013 eine beeindruckende Moral, doch am Ende fehlte das Qu\u00e4ntchen Gl\u00fcck zum Punktgewinn.<\/p><p class=\"\" data-start=\"1832\" data-end=\"2004\">Trainer Iwan Sterchi wird aus dieser Partie die richtigen Schl\u00fcsse ziehen: Das Ergebnis schnell abhaken, nach vorne schauen und bei der n\u00e4chsten Gelegenheit wieder punkten.<\/p><p data-start=\"1832\" data-end=\"2004\"><strong data-start=\"2006\" data-end=\"2019\">Vorschau:<\/strong><br data-start=\"2019\" data-end=\"2022\" \/>Am 04.05.2025 um 18:00 Uhr empfangen wir zum Heimspiel die IHC Oensingen Roadrunners.<\/p>\t\t\t\t\t\t\t\t<\/div>\n\t\t\t\t<\/div>\n\t\t\t\t\t<\/div>\n\t\t\t\t<\/div>\n\t\t\t\t<\/div>\n\t\t","protected":false},"excerpt":{"rendered":"<p>Wir mussten uns bereits nach 10 Sekunden auf einen ganz schlechten Start einstellen, als Guillaume Jeanrenaud f\u00fcr den SHC Rossemaison II zum 1:0 traf. Die Startschwierigkeiten auf dem schnellen Belag waren deutlich sp\u00fcrbar, und erst in der 14. Minute erh\u00f6hte Ronan Schmassmann auf 2:0, nachdem wir noch nicht richtig ins Spiel gefunden hatten. Zwar gelang [&hellip;]<\/p>\n","protected":false},"author":1,"featured_media":0,"comment_status":"closed","ping_status":"closed","sticky":false,"template":"","format":"standard","meta":{"om_disable_all_campaigns":false,"_monsterinsights_skip_tracking":false,"footnotes":""},"categories":[75,73],"tags":[],"class_list":["post-1934","post","type-post","status-publish","format-standard","hentry","category-meisterschaft-saison-2025","category-saison-2025"],"yoast_head":"<!-- This site is optimized with the Yoast SEO plugin v28.3 - https:\/\/yoast.com\/product\/yoast-seo-wordpress\/ -->\n<title>NLB | Spieltag 6: SHC Rossemaison II vs. IHC Grenchen - IHC Grenchen<\/title>\n<meta name=\"robots\" content=\"index, follow, max-snippet:-1, max-image-preview:large, max-video-preview:-1\" \/>\n<link rel=\"canonical\" href=\"https:\/\/ihc-grenchen.ch\/wordpress\/index.php\/2025\/05\/03\/nlb-spieltag-6-shc-rossemaison-ii-vs-ihc-grenchen\/\" \/>\n<meta property=\"og:locale\" content=\"de_DE\" \/>\n<meta property=\"og:type\" content=\"article\" \/>\n<meta property=\"og:title\" content=\"NLB | Spieltag 6: SHC Rossemaison II vs. IHC Grenchen - IHC Grenchen\" \/>\n<meta property=\"og:description\" content=\"Wir mussten uns bereits nach 10 Sekunden auf einen ganz schlechten Start einstellen, als Guillaume Jeanrenaud f\u00fcr den SHC Rossemaison II zum 1:0 traf. Die Startschwierigkeiten auf dem schnellen Belag waren deutlich sp\u00fcrbar, und erst in der 14. Minute erh\u00f6hte Ronan Schmassmann auf 2:0, nachdem wir noch nicht richtig ins Spiel gefunden hatten. Zwar gelang [&hellip;]\" \/>\n<meta property=\"og:url\" content=\"https:\/\/ihc-grenchen.ch\/wordpress\/index.php\/2025\/05\/03\/nlb-spieltag-6-shc-rossemaison-ii-vs-ihc-grenchen\/\" \/>\n<meta property=\"og:site_name\" content=\"IHC Grenchen\" \/>\n<meta property=\"article:publisher\" content=\"https:\/\/www.facebook.com\/ihcgrenchen\/\" \/>\n<meta property=\"article:published_time\" content=\"2025-05-03T08:59:09+00:00\" \/>\n<meta property=\"article:modified_time\" content=\"2025-05-03T09:15:16+00:00\" \/>\n<meta name=\"author\" content=\"Nils Sterchi\" \/>\n<meta name=\"twitter:card\" content=\"summary_large_image\" \/>\n<meta name=\"twitter:label1\" content=\"Verfasst von\" \/>\n\t<meta name=\"twitter:data1\" content=\"Nils Sterchi\" \/>\n\t<meta name=\"twitter:label2\" content=\"Gesch\u00e4tzte Lesezeit\" \/>\n\t<meta name=\"twitter:data2\" content=\"2\u00a0Minuten\" \/>\n<script type=\"application\/ld+json\" class=\"yoast-schema-graph\">{\"@context\":\"https:\\\/\\\/schema.org\",\"@graph\":[{\"@type\":\"Article\",\"@id\":\"https:\\\/\\\/ihc-grenchen.ch\\\/wordpress\\\/index.php\\\/2025\\\/05\\\/03\\\/nlb-spieltag-6-shc-rossemaison-ii-vs-ihc-grenchen\\\/#article\",\"isPartOf\":{\"@id\":\"https:\\\/\\\/ihc-grenchen.ch\\\/wordpress\\\/index.php\\\/2025\\\/05\\\/03\\\/nlb-spieltag-6-shc-rossemaison-ii-vs-ihc-grenchen\\\/\"},\"author\":{\"name\":\"Nils Sterchi\",\"@id\":\"https:\\\/\\\/ihc-grenchen.ch\\\/wordpress\\\/#\\\/schema\\\/person\\\/7506e61e7c8314d00626de5c2ad0c96c\"},\"headline\":\"NLB | Spieltag 6: SHC Rossemaison II vs. IHC Grenchen\",\"datePublished\":\"2025-05-03T08:59:09+00:00\",\"dateModified\":\"2025-05-03T09:15:16+00:00\",\"mainEntityOfPage\":{\"@id\":\"https:\\\/\\\/ihc-grenchen.ch\\\/wordpress\\\/index.php\\\/2025\\\/05\\\/03\\\/nlb-spieltag-6-shc-rossemaison-ii-vs-ihc-grenchen\\\/\"},\"wordCount\":318,\"publisher\":{\"@id\":\"https:\\\/\\\/ihc-grenchen.ch\\\/wordpress\\\/#organization\"},\"articleSection\":[\"Meisterschaft\",\"Saison 2025\"],\"inLanguage\":\"de-CH\"},{\"@type\":\"WebPage\",\"@id\":\"https:\\\/\\\/ihc-grenchen.ch\\\/wordpress\\\/index.php\\\/2025\\\/05\\\/03\\\/nlb-spieltag-6-shc-rossemaison-ii-vs-ihc-grenchen\\\/\",\"url\":\"https:\\\/\\\/ihc-grenchen.ch\\\/wordpress\\\/index.php\\\/2025\\\/05\\\/03\\\/nlb-spieltag-6-shc-rossemaison-ii-vs-ihc-grenchen\\\/\",\"name\":\"NLB | Spieltag 6: SHC Rossemaison II vs. IHC Grenchen - IHC Grenchen\",\"isPartOf\":{\"@id\":\"https:\\\/\\\/ihc-grenchen.ch\\\/wordpress\\\/#website\"},\"datePublished\":\"2025-05-03T08:59:09+00:00\",\"dateModified\":\"2025-05-03T09:15:16+00:00\",\"breadcrumb\":{\"@id\":\"https:\\\/\\\/ihc-grenchen.ch\\\/wordpress\\\/index.php\\\/2025\\\/05\\\/03\\\/nlb-spieltag-6-shc-rossemaison-ii-vs-ihc-grenchen\\\/#breadcrumb\"},\"inLanguage\":\"de-CH\",\"potentialAction\":[{\"@type\":\"ReadAction\",\"target\":[\"https:\\\/\\\/ihc-grenchen.ch\\\/wordpress\\\/index.php\\\/2025\\\/05\\\/03\\\/nlb-spieltag-6-shc-rossemaison-ii-vs-ihc-grenchen\\\/\"]}]},{\"@type\":\"BreadcrumbList\",\"@id\":\"https:\\\/\\\/ihc-grenchen.ch\\\/wordpress\\\/index.php\\\/2025\\\/05\\\/03\\\/nlb-spieltag-6-shc-rossemaison-ii-vs-ihc-grenchen\\\/#breadcrumb\",\"itemListElement\":[{\"@type\":\"ListItem\",\"position\":1,\"name\":\"Startseite\",\"item\":\"https:\\\/\\\/ihc-grenchen.ch\\\/wordpress\\\/\"},{\"@type\":\"ListItem\",\"position\":2,\"name\":\"NLB | Spieltag 6: SHC Rossemaison II vs. IHC Grenchen\"}]},{\"@type\":\"WebSite\",\"@id\":\"https:\\\/\\\/ihc-grenchen.ch\\\/wordpress\\\/#website\",\"url\":\"https:\\\/\\\/ihc-grenchen.ch\\\/wordpress\\\/\",\"name\":\"IHC Grenchen\",\"description\":\"Inlinehockey Verein aus Grenchen\",\"publisher\":{\"@id\":\"https:\\\/\\\/ihc-grenchen.ch\\\/wordpress\\\/#organization\"},\"potentialAction\":[{\"@type\":\"SearchAction\",\"target\":{\"@type\":\"EntryPoint\",\"urlTemplate\":\"https:\\\/\\\/ihc-grenchen.ch\\\/wordpress\\\/?s={search_term_string}\"},\"query-input\":{\"@type\":\"PropertyValueSpecification\",\"valueRequired\":true,\"valueName\":\"search_term_string\"}}],\"inLanguage\":\"de-CH\"},{\"@type\":\"Organization\",\"@id\":\"https:\\\/\\\/ihc-grenchen.ch\\\/wordpress\\\/#organization\",\"name\":\"IHC Grenchen\",\"url\":\"https:\\\/\\\/ihc-grenchen.ch\\\/wordpress\\\/\",\"logo\":{\"@type\":\"ImageObject\",\"inLanguage\":\"de-CH\",\"@id\":\"https:\\\/\\\/ihc-grenchen.ch\\\/wordpress\\\/#\\\/schema\\\/logo\\\/image\\\/\",\"url\":\"https:\\\/\\\/ihc-grenchen.ch\\\/wordpress\\\/wp-content\\\/uploads\\\/2023\\\/12\\\/grenchen-58d05f5f593cf-1.jpg\",\"contentUrl\":\"https:\\\/\\\/ihc-grenchen.ch\\\/wordpress\\\/wp-content\\\/uploads\\\/2023\\\/12\\\/grenchen-58d05f5f593cf-1.jpg\",\"width\":200,\"height\":200,\"caption\":\"IHC Grenchen\"},\"image\":{\"@id\":\"https:\\\/\\\/ihc-grenchen.ch\\\/wordpress\\\/#\\\/schema\\\/logo\\\/image\\\/\"},\"sameAs\":[\"https:\\\/\\\/www.facebook.com\\\/ihcgrenchen\\\/\",\"https:\\\/\\\/www.instagram.com\\\/ihc_grenchen\\\/\"]},{\"@type\":\"Person\",\"@id\":\"https:\\\/\\\/ihc-grenchen.ch\\\/wordpress\\\/#\\\/schema\\\/person\\\/7506e61e7c8314d00626de5c2ad0c96c\",\"name\":\"Nils Sterchi\",\"image\":{\"@type\":\"ImageObject\",\"inLanguage\":\"de-CH\",\"@id\":\"https:\\\/\\\/secure.gravatar.com\\\/avatar\\\/9d2a4825f9663654cea9fa5415f0dbaa59575f8e1bc60c4b7ef45c473f56e9e3?s=96&d=mm&r=g\",\"url\":\"https:\\\/\\\/secure.gravatar.com\\\/avatar\\\/9d2a4825f9663654cea9fa5415f0dbaa59575f8e1bc60c4b7ef45c473f56e9e3?s=96&d=mm&r=g\",\"contentUrl\":\"https:\\\/\\\/secure.gravatar.com\\\/avatar\\\/9d2a4825f9663654cea9fa5415f0dbaa59575f8e1bc60c4b7ef45c473f56e9e3?s=96&d=mm&r=g\",\"caption\":\"Nils Sterchi\"},\"sameAs\":[\"https:\\\/\\\/ihc-grenchen.ch\\\/wordpress\"],\"url\":\"https:\\\/\\\/ihc-grenchen.ch\\\/wordpress\\\/index.php\\\/author\\\/nsterchi_lustzd0w\\\/\"}]}<\/script>\n<!-- \/ Yoast SEO plugin. -->","yoast_head_json":{"title":"NLB | Spieltag 6: SHC Rossemaison II vs. IHC Grenchen - IHC Grenchen","robots":{"index":"index","follow":"follow","max-snippet":"max-snippet:-1","max-image-preview":"max-image-preview:large","max-video-preview":"max-video-preview:-1"},"canonical":"https:\/\/ihc-grenchen.ch\/wordpress\/index.php\/2025\/05\/03\/nlb-spieltag-6-shc-rossemaison-ii-vs-ihc-grenchen\/","og_locale":"de_DE","og_type":"article","og_title":"NLB | Spieltag 6: SHC Rossemaison II vs. IHC Grenchen - IHC Grenchen","og_description":"Wir mussten uns bereits nach 10 Sekunden auf einen ganz schlechten Start einstellen, als Guillaume Jeanrenaud f\u00fcr den SHC Rossemaison II zum 1:0 traf. Die Startschwierigkeiten auf dem schnellen Belag waren deutlich sp\u00fcrbar, und erst in der 14. Minute erh\u00f6hte Ronan Schmassmann auf 2:0, nachdem wir noch nicht richtig ins Spiel gefunden hatten. Zwar gelang [&hellip;]","og_url":"https:\/\/ihc-grenchen.ch\/wordpress\/index.php\/2025\/05\/03\/nlb-spieltag-6-shc-rossemaison-ii-vs-ihc-grenchen\/","og_site_name":"IHC Grenchen","article_publisher":"https:\/\/www.facebook.com\/ihcgrenchen\/","article_published_time":"2025-05-03T08:59:09+00:00","article_modified_time":"2025-05-03T09:15:16+00:00","author":"Nils Sterchi","twitter_card":"summary_large_image","twitter_misc":{"Verfasst von":"Nils Sterchi","Gesch\u00e4tzte Lesezeit":"2\u00a0Minuten"},"schema":{"@context":"https:\/\/schema.org","@graph":[{"@type":"Article","@id":"https:\/\/ihc-grenchen.ch\/wordpress\/index.php\/2025\/05\/03\/nlb-spieltag-6-shc-rossemaison-ii-vs-ihc-grenchen\/#article","isPartOf":{"@id":"https:\/\/ihc-grenchen.ch\/wordpress\/index.php\/2025\/05\/03\/nlb-spieltag-6-shc-rossemaison-ii-vs-ihc-grenchen\/"},"author":{"name":"Nils Sterchi","@id":"https:\/\/ihc-grenchen.ch\/wordpress\/#\/schema\/person\/7506e61e7c8314d00626de5c2ad0c96c"},"headline":"NLB | Spieltag 6: SHC Rossemaison II vs. IHC Grenchen","datePublished":"2025-05-03T08:59:09+00:00","dateModified":"2025-05-03T09:15:16+00:00","mainEntityOfPage":{"@id":"https:\/\/ihc-grenchen.ch\/wordpress\/index.php\/2025\/05\/03\/nlb-spieltag-6-shc-rossemaison-ii-vs-ihc-grenchen\/"},"wordCount":318,"publisher":{"@id":"https:\/\/ihc-grenchen.ch\/wordpress\/#organization"},"articleSection":["Meisterschaft","Saison 2025"],"inLanguage":"de-CH"},{"@type":"WebPage","@id":"https:\/\/ihc-grenchen.ch\/wordpress\/index.php\/2025\/05\/03\/nlb-spieltag-6-shc-rossemaison-ii-vs-ihc-grenchen\/","url":"https:\/\/ihc-grenchen.ch\/wordpress\/index.php\/2025\/05\/03\/nlb-spieltag-6-shc-rossemaison-ii-vs-ihc-grenchen\/","name":"NLB | Spieltag 6: SHC Rossemaison II vs. IHC Grenchen - IHC Grenchen","isPartOf":{"@id":"https:\/\/ihc-grenchen.ch\/wordpress\/#website"},"datePublished":"2025-05-03T08:59:09+00:00","dateModified":"2025-05-03T09:15:16+00:00","breadcrumb":{"@id":"https:\/\/ihc-grenchen.ch\/wordpress\/index.php\/2025\/05\/03\/nlb-spieltag-6-shc-rossemaison-ii-vs-ihc-grenchen\/#breadcrumb"},"inLanguage":"de-CH","potentialAction":[{"@type":"ReadAction","target":["https:\/\/ihc-grenchen.ch\/wordpress\/index.php\/2025\/05\/03\/nlb-spieltag-6-shc-rossemaison-ii-vs-ihc-grenchen\/"]}]},{"@type":"BreadcrumbList","@id":"https:\/\/ihc-grenchen.ch\/wordpress\/index.php\/2025\/05\/03\/nlb-spieltag-6-shc-rossemaison-ii-vs-ihc-grenchen\/#breadcrumb","itemListElement":[{"@type":"ListItem","position":1,"name":"Startseite","item":"https:\/\/ihc-grenchen.ch\/wordpress\/"},{"@type":"ListItem","position":2,"name":"NLB | Spieltag 6: SHC Rossemaison II vs. IHC Grenchen"}]},{"@type":"WebSite","@id":"https:\/\/ihc-grenchen.ch\/wordpress\/#website","url":"https:\/\/ihc-grenchen.ch\/wordpress\/","name":"IHC Grenchen","description":"Inlinehockey Verein aus Grenchen","publisher":{"@id":"https:\/\/ihc-grenchen.ch\/wordpress\/#organization"},"potentialAction":[{"@type":"SearchAction","target":{"@type":"EntryPoint","urlTemplate":"https:\/\/ihc-grenchen.ch\/wordpress\/?s={search_term_string}"},"query-input":{"@type":"PropertyValueSpecification","valueRequired":true,"valueName":"search_term_string"}}],"inLanguage":"de-CH"},{"@type":"Organization","@id":"https:\/\/ihc-grenchen.ch\/wordpress\/#organization","name":"IHC Grenchen","url":"https:\/\/ihc-grenchen.ch\/wordpress\/","logo":{"@type":"ImageObject","inLanguage":"de-CH","@id":"https:\/\/ihc-grenchen.ch\/wordpress\/#\/schema\/logo\/image\/","url":"https:\/\/ihc-grenchen.ch\/wordpress\/wp-content\/uploads\/2023\/12\/grenchen-58d05f5f593cf-1.jpg","contentUrl":"https:\/\/ihc-grenchen.ch\/wordpress\/wp-content\/uploads\/2023\/12\/grenchen-58d05f5f593cf-1.jpg","width":200,"height":200,"caption":"IHC Grenchen"},"image":{"@id":"https:\/\/ihc-grenchen.ch\/wordpress\/#\/schema\/logo\/image\/"},"sameAs":["https:\/\/www.facebook.com\/ihcgrenchen\/","https:\/\/www.instagram.com\/ihc_grenchen\/"]},{"@type":"Person","@id":"https:\/\/ihc-grenchen.ch\/wordpress\/#\/schema\/person\/7506e61e7c8314d00626de5c2ad0c96c","name":"Nils Sterchi","image":{"@type":"ImageObject","inLanguage":"de-CH","@id":"https:\/\/secure.gravatar.com\/avatar\/9d2a4825f9663654cea9fa5415f0dbaa59575f8e1bc60c4b7ef45c473f56e9e3?s=96&d=mm&r=g","url":"https:\/\/secure.gravatar.com\/avatar\/9d2a4825f9663654cea9fa5415f0dbaa59575f8e1bc60c4b7ef45c473f56e9e3?s=96&d=mm&r=g","contentUrl":"https:\/\/secure.gravatar.com\/avatar\/9d2a4825f9663654cea9fa5415f0dbaa59575f8e1bc60c4b7ef45c473f56e9e3?s=96&d=mm&r=g","caption":"Nils Sterchi"},"sameAs":["https:\/\/ihc-grenchen.ch\/wordpress"],"url":"https:\/\/ihc-grenchen.ch\/wordpress\/index.php\/author\/nsterchi_lustzd0w\/"}]}},"jetpack_featured_media_url":"","_links":{"self":[{"href":"https:\/\/ihc-grenchen.ch\/wordpress\/index.php\/wp-json\/wp\/v2\/posts\/1934","targetHints":{"allow":["GET"]}}],"collection":[{"href":"https:\/\/ihc-grenchen.ch\/wordpress\/index.php\/wp-json\/wp\/v2\/posts"}],"about":[{"href":"https:\/\/ihc-grenchen.ch\/wordpress\/index.php\/wp-json\/wp\/v2\/types\/post"}],"author":[{"embeddable":true,"href":"https:\/\/ihc-grenchen.ch\/wordpress\/index.php\/wp-json\/wp\/v2\/users\/1"}],"replies":[{"embeddable":true,"href":"https:\/\/ihc-grenchen.ch\/wordpress\/index.php\/wp-json\/wp\/v2\/comments?post=1934"}],"version-history":[{"count":7,"href":"https:\/\/ihc-grenchen.ch\/wordpress\/index.php\/wp-json\/wp\/v2\/posts\/1934\/revisions"}],"predecessor-version":[{"id":1941,"href":"https:\/\/ihc-grenchen.ch\/wordpress\/index.php\/wp-json\/wp\/v2\/posts\/1934\/revisions\/1941"}],"wp:attachment":[{"href":"https:\/\/ihc-grenchen.ch\/wordpress\/index.php\/wp-json\/wp\/v2\/media?parent=1934"}],"wp:term":[{"taxonomy":"category","embeddable":true,"href":"https:\/\/ihc-grenchen.ch\/wordpress\/index.php\/wp-json\/wp\/v2\/categories?post=1934"},{"taxonomy":"post_tag","embeddable":true,"href":"https:\/\/ihc-grenchen.ch\/wordpress\/index.php\/wp-json\/wp\/v2\/tags?post=1934"}],"curies":[{"name":"wp","href":"https:\/\/api.w.org\/{rel}","templated":true}]}}