{"id":1959,"date":"2025-05-14T20:42:50","date_gmt":"2025-05-14T19:42:50","guid":{"rendered":"https:\/\/ihc-grenchen.ch\/wordpress\/?p=1959"},"modified":"2025-08-30T23:56:15","modified_gmt":"2025-08-30T22:56:15","slug":"nlb-spieltag-8-shc-rolling-aventicum-vs-ihc-grenchen","status":"publish","type":"post","link":"https:\/\/ihc-grenchen.ch\/wordpress\/index.php\/2025\/05\/14\/nlb-spieltag-8-shc-rolling-aventicum-vs-ihc-grenchen\/","title":{"rendered":"NLB | Spieltag 8: SHC Rolling Aventicum vs. IHC Grenchen"},"content":{"rendered":"\t\t<div data-elementor-type=\"wp-post\" data-elementor-id=\"1959\" class=\"elementor elementor-1959\">\n\t\t\t\t<div class=\"elementor-element elementor-element-d8ae542 e-flex e-con-boxed e-con e-parent\" data-id=\"d8ae542\" data-element_type=\"container\" data-e-type=\"container\">\n\t\t\t\t\t<div class=\"e-con-inner\">\n\t\t\t\t<div class=\"elementor-element elementor-element-6b2e724 elementor-widget elementor-widget-text-editor\" data-id=\"6b2e724\" data-element_type=\"widget\" data-e-type=\"widget\" data-widget_type=\"text-editor.default\">\n\t\t\t\t<div class=\"elementor-widget-container\">\n\t\t\t\t\t\t\t\t\t<p class=\"\" data-start=\"44\" data-end=\"564\">Wir starteten mit einem schnellen, guten Start: Bereits nach 1:14 brachte uns Marcel L\u00fcthi mit einem satten Schuss in F\u00fchrung (Assist: Marco Dick). Doch unser Auftakt wurde kaum gefeiert, denn bereits in der f\u00fcnften Minute glich Hugo Chuard f\u00fcr Rolling Aventicum aus und stellte den 1:1-Zwischenstand her. Danach entwickelte sich ein umk\u00e4mpftes Spiel mit mehreren Strafen: Ein Ellbogencheck kurz vor der ersten Drittelpause und je zwei weitere Disziplinarstrafen im zweiten Abschnitt liessen kaum Spielfluss aufkommen.<\/p><p class=\"\" data-start=\"566\" data-end=\"874\">Im zweiten Drittel gerieten wir durch Tore von Mathias Chardonnens (29:23) und Julien Br\u00fcgger (29:37) ungl\u00fccklich 1:3 in R\u00fcckstand, was zu sichtbarer Unruhe und schlechter Stimmung auf unserer Bank f\u00fchrte. Trotz Time-Outs fanden wir zun\u00e4chst kein Mittel gegen den aggressiven Defensivverbund der Gastgeber.<\/p><p class=\"\" data-start=\"876\" data-end=\"1200\">Doch unser Kampfgeist blieb ungebrochen: Marco M\u00fcller verk\u00fcrzte in der 35. Minute auf 2:3 (Assist: Marco Dick), ehe Max B\u00fcchi in der 37. Minute mit einem pr\u00e4zisen Abschluss auf 3:4 stellte (Assist: Marco M\u00fcller). Der Negativlauf h\u00e4lt an, doch wir bewiesen eindr\u00fccklich, dass wir in eng umk\u00e4mpften Situationen nie aufgeben.<\/p><p class=\"\" data-start=\"1202\" data-end=\"1461\">Im letzten Drittel bestimmten wir die Partie zunehmend, konnten aber die knappe Differenz trotz guter Gelegenheiten nicht mehr ausgleichen. Unser Trainer Iwan Sterchi lobte zwar den unerm\u00fcdlichen Einsatz, mahnte aber an, die Chancenverwertung zu verbessern.<\/p><p class=\"\" data-start=\"0\" data-end=\"648\">Trotz der 3:4-Niederlage nehmen wir wertvolle Erkenntnisse mit: Unser Forechecking funktionierte phasenweise sehr gut, doch vor allem in den entscheidenden Momenten liess die Pr\u00e4zision im Abschluss zu w\u00fcnschen \u00fcbrig. Mindestens genauso wichtig aber ist es, die k\u00e4mpferische Einstellung aufrechtzuerhalten \u2013 genau diese Mentalit\u00e4t hat uns im Spielverlauf immer wieder zur\u00fcckgebracht.<\/p><p class=\"\" data-start=\"650\" data-end=\"949\">Nun richten wir den Fokus voll auf das n\u00e4chste Highlight: den Swiss Cup 1\/16-Final gegen Givisiez IIIa am 17. Mai 2025 um 17:00 Uhr. Dort wollen wir als Team geschlossen auftreten, unsere Lehren aus dem Ausw\u00e4rtsspiel in Aventicum umsetzen und mit frischem Selbstvertrauen in die K.-o.-Phase starten.<\/p>\t\t\t\t\t\t\t\t<\/div>\n\t\t\t\t<\/div>\n\t\t\t\t\t<\/div>\n\t\t\t\t<\/div>\n\t\t\t\t<\/div>\n\t\t","protected":false},"excerpt":{"rendered":"<p>Wir starteten mit einem schnellen, guten Start: Bereits nach 1:14 brachte uns Marcel L\u00fcthi mit einem satten Schuss in F\u00fchrung (Assist: Marco Dick). Doch unser Auftakt wurde kaum gefeiert, denn bereits in der f\u00fcnften Minute glich Hugo Chuard f\u00fcr Rolling Aventicum aus und stellte den 1:1-Zwischenstand her. Danach entwickelte sich ein umk\u00e4mpftes Spiel mit mehreren [&hellip;]<\/p>\n","protected":false},"author":1,"featured_media":0,"comment_status":"closed","ping_status":"closed","sticky":false,"template":"","format":"standard","meta":{"om_disable_all_campaigns":false,"_monsterinsights_skip_tracking":false,"footnotes":""},"categories":[75,73],"tags":[],"class_list":["post-1959","post","type-post","status-publish","format-standard","hentry","category-meisterschaft-saison-2025","category-saison-2025"],"yoast_head":"<!-- This site is optimized with the Yoast SEO plugin v28.3 - https:\/\/yoast.com\/product\/yoast-seo-wordpress\/ -->\n<title>NLB | Spieltag 8: SHC Rolling Aventicum vs. IHC Grenchen - IHC Grenchen<\/title>\n<meta name=\"robots\" content=\"index, follow, max-snippet:-1, max-image-preview:large, max-video-preview:-1\" \/>\n<link rel=\"canonical\" href=\"https:\/\/ihc-grenchen.ch\/wordpress\/index.php\/2025\/05\/14\/nlb-spieltag-8-shc-rolling-aventicum-vs-ihc-grenchen\/\" \/>\n<meta property=\"og:locale\" content=\"de_DE\" \/>\n<meta property=\"og:type\" content=\"article\" \/>\n<meta property=\"og:title\" content=\"NLB | Spieltag 8: SHC Rolling Aventicum vs. IHC Grenchen - IHC Grenchen\" \/>\n<meta property=\"og:description\" content=\"Wir starteten mit einem schnellen, guten Start: Bereits nach 1:14 brachte uns Marcel L\u00fcthi mit einem satten Schuss in F\u00fchrung (Assist: Marco Dick). Doch unser Auftakt wurde kaum gefeiert, denn bereits in der f\u00fcnften Minute glich Hugo Chuard f\u00fcr Rolling Aventicum aus und stellte den 1:1-Zwischenstand her. Danach entwickelte sich ein umk\u00e4mpftes Spiel mit mehreren [&hellip;]\" \/>\n<meta property=\"og:url\" content=\"https:\/\/ihc-grenchen.ch\/wordpress\/index.php\/2025\/05\/14\/nlb-spieltag-8-shc-rolling-aventicum-vs-ihc-grenchen\/\" \/>\n<meta property=\"og:site_name\" content=\"IHC Grenchen\" \/>\n<meta property=\"article:publisher\" content=\"https:\/\/www.facebook.com\/ihcgrenchen\/\" \/>\n<meta property=\"article:published_time\" content=\"2025-05-14T19:42:50+00:00\" \/>\n<meta property=\"article:modified_time\" content=\"2025-08-30T22:56:15+00:00\" \/>\n<meta name=\"author\" content=\"Nils Sterchi\" \/>\n<meta name=\"twitter:card\" content=\"summary_large_image\" \/>\n<meta name=\"twitter:label1\" content=\"Verfasst von\" \/>\n\t<meta name=\"twitter:data1\" content=\"Nils Sterchi\" \/>\n\t<meta name=\"twitter:label2\" content=\"Gesch\u00e4tzte Lesezeit\" \/>\n\t<meta name=\"twitter:data2\" content=\"2\u00a0Minuten\" \/>\n<script type=\"application\/ld+json\" class=\"yoast-schema-graph\">{\"@context\":\"https:\\\/\\\/schema.org\",\"@graph\":[{\"@type\":\"Article\",\"@id\":\"https:\\\/\\\/ihc-grenchen.ch\\\/wordpress\\\/index.php\\\/2025\\\/05\\\/14\\\/nlb-spieltag-8-shc-rolling-aventicum-vs-ihc-grenchen\\\/#article\",\"isPartOf\":{\"@id\":\"https:\\\/\\\/ihc-grenchen.ch\\\/wordpress\\\/index.php\\\/2025\\\/05\\\/14\\\/nlb-spieltag-8-shc-rolling-aventicum-vs-ihc-grenchen\\\/\"},\"author\":{\"name\":\"Nils Sterchi\",\"@id\":\"https:\\\/\\\/ihc-grenchen.ch\\\/wordpress\\\/#\\\/schema\\\/person\\\/7506e61e7c8314d00626de5c2ad0c96c\"},\"headline\":\"NLB | Spieltag 8: SHC Rolling Aventicum vs. IHC Grenchen\",\"datePublished\":\"2025-05-14T19:42:50+00:00\",\"dateModified\":\"2025-08-30T22:56:15+00:00\",\"mainEntityOfPage\":{\"@id\":\"https:\\\/\\\/ihc-grenchen.ch\\\/wordpress\\\/index.php\\\/2025\\\/05\\\/14\\\/nlb-spieltag-8-shc-rolling-aventicum-vs-ihc-grenchen\\\/\"},\"wordCount\":324,\"publisher\":{\"@id\":\"https:\\\/\\\/ihc-grenchen.ch\\\/wordpress\\\/#organization\"},\"articleSection\":[\"Meisterschaft\",\"Saison 2025\"],\"inLanguage\":\"de-CH\"},{\"@type\":\"WebPage\",\"@id\":\"https:\\\/\\\/ihc-grenchen.ch\\\/wordpress\\\/index.php\\\/2025\\\/05\\\/14\\\/nlb-spieltag-8-shc-rolling-aventicum-vs-ihc-grenchen\\\/\",\"url\":\"https:\\\/\\\/ihc-grenchen.ch\\\/wordpress\\\/index.php\\\/2025\\\/05\\\/14\\\/nlb-spieltag-8-shc-rolling-aventicum-vs-ihc-grenchen\\\/\",\"name\":\"NLB | Spieltag 8: SHC Rolling Aventicum vs. IHC Grenchen - IHC Grenchen\",\"isPartOf\":{\"@id\":\"https:\\\/\\\/ihc-grenchen.ch\\\/wordpress\\\/#website\"},\"datePublished\":\"2025-05-14T19:42:50+00:00\",\"dateModified\":\"2025-08-30T22:56:15+00:00\",\"breadcrumb\":{\"@id\":\"https:\\\/\\\/ihc-grenchen.ch\\\/wordpress\\\/index.php\\\/2025\\\/05\\\/14\\\/nlb-spieltag-8-shc-rolling-aventicum-vs-ihc-grenchen\\\/#breadcrumb\"},\"inLanguage\":\"de-CH\",\"potentialAction\":[{\"@type\":\"ReadAction\",\"target\":[\"https:\\\/\\\/ihc-grenchen.ch\\\/wordpress\\\/index.php\\\/2025\\\/05\\\/14\\\/nlb-spieltag-8-shc-rolling-aventicum-vs-ihc-grenchen\\\/\"]}]},{\"@type\":\"BreadcrumbList\",\"@id\":\"https:\\\/\\\/ihc-grenchen.ch\\\/wordpress\\\/index.php\\\/2025\\\/05\\\/14\\\/nlb-spieltag-8-shc-rolling-aventicum-vs-ihc-grenchen\\\/#breadcrumb\",\"itemListElement\":[{\"@type\":\"ListItem\",\"position\":1,\"name\":\"Startseite\",\"item\":\"https:\\\/\\\/ihc-grenchen.ch\\\/wordpress\\\/\"},{\"@type\":\"ListItem\",\"position\":2,\"name\":\"NLB | Spieltag 8: SHC Rolling Aventicum vs. IHC Grenchen\"}]},{\"@type\":\"WebSite\",\"@id\":\"https:\\\/\\\/ihc-grenchen.ch\\\/wordpress\\\/#website\",\"url\":\"https:\\\/\\\/ihc-grenchen.ch\\\/wordpress\\\/\",\"name\":\"IHC Grenchen\",\"description\":\"Inlinehockey Verein aus Grenchen\",\"publisher\":{\"@id\":\"https:\\\/\\\/ihc-grenchen.ch\\\/wordpress\\\/#organization\"},\"potentialAction\":[{\"@type\":\"SearchAction\",\"target\":{\"@type\":\"EntryPoint\",\"urlTemplate\":\"https:\\\/\\\/ihc-grenchen.ch\\\/wordpress\\\/?s={search_term_string}\"},\"query-input\":{\"@type\":\"PropertyValueSpecification\",\"valueRequired\":true,\"valueName\":\"search_term_string\"}}],\"inLanguage\":\"de-CH\"},{\"@type\":\"Organization\",\"@id\":\"https:\\\/\\\/ihc-grenchen.ch\\\/wordpress\\\/#organization\",\"name\":\"IHC Grenchen\",\"url\":\"https:\\\/\\\/ihc-grenchen.ch\\\/wordpress\\\/\",\"logo\":{\"@type\":\"ImageObject\",\"inLanguage\":\"de-CH\",\"@id\":\"https:\\\/\\\/ihc-grenchen.ch\\\/wordpress\\\/#\\\/schema\\\/logo\\\/image\\\/\",\"url\":\"https:\\\/\\\/ihc-grenchen.ch\\\/wordpress\\\/wp-content\\\/uploads\\\/2023\\\/12\\\/grenchen-58d05f5f593cf-1.jpg\",\"contentUrl\":\"https:\\\/\\\/ihc-grenchen.ch\\\/wordpress\\\/wp-content\\\/uploads\\\/2023\\\/12\\\/grenchen-58d05f5f593cf-1.jpg\",\"width\":200,\"height\":200,\"caption\":\"IHC Grenchen\"},\"image\":{\"@id\":\"https:\\\/\\\/ihc-grenchen.ch\\\/wordpress\\\/#\\\/schema\\\/logo\\\/image\\\/\"},\"sameAs\":[\"https:\\\/\\\/www.facebook.com\\\/ihcgrenchen\\\/\",\"https:\\\/\\\/www.instagram.com\\\/ihc_grenchen\\\/\"]},{\"@type\":\"Person\",\"@id\":\"https:\\\/\\\/ihc-grenchen.ch\\\/wordpress\\\/#\\\/schema\\\/person\\\/7506e61e7c8314d00626de5c2ad0c96c\",\"name\":\"Nils Sterchi\",\"image\":{\"@type\":\"ImageObject\",\"inLanguage\":\"de-CH\",\"@id\":\"https:\\\/\\\/secure.gravatar.com\\\/avatar\\\/9d2a4825f9663654cea9fa5415f0dbaa59575f8e1bc60c4b7ef45c473f56e9e3?s=96&d=mm&r=g\",\"url\":\"https:\\\/\\\/secure.gravatar.com\\\/avatar\\\/9d2a4825f9663654cea9fa5415f0dbaa59575f8e1bc60c4b7ef45c473f56e9e3?s=96&d=mm&r=g\",\"contentUrl\":\"https:\\\/\\\/secure.gravatar.com\\\/avatar\\\/9d2a4825f9663654cea9fa5415f0dbaa59575f8e1bc60c4b7ef45c473f56e9e3?s=96&d=mm&r=g\",\"caption\":\"Nils Sterchi\"},\"sameAs\":[\"https:\\\/\\\/ihc-grenchen.ch\\\/wordpress\"],\"url\":\"https:\\\/\\\/ihc-grenchen.ch\\\/wordpress\\\/index.php\\\/author\\\/nsterchi_lustzd0w\\\/\"}]}<\/script>\n<!-- \/ Yoast SEO plugin. -->","yoast_head_json":{"title":"NLB | Spieltag 8: SHC Rolling Aventicum vs. IHC Grenchen - IHC Grenchen","robots":{"index":"index","follow":"follow","max-snippet":"max-snippet:-1","max-image-preview":"max-image-preview:large","max-video-preview":"max-video-preview:-1"},"canonical":"https:\/\/ihc-grenchen.ch\/wordpress\/index.php\/2025\/05\/14\/nlb-spieltag-8-shc-rolling-aventicum-vs-ihc-grenchen\/","og_locale":"de_DE","og_type":"article","og_title":"NLB | Spieltag 8: SHC Rolling Aventicum vs. IHC Grenchen - IHC Grenchen","og_description":"Wir starteten mit einem schnellen, guten Start: Bereits nach 1:14 brachte uns Marcel L\u00fcthi mit einem satten Schuss in F\u00fchrung (Assist: Marco Dick). Doch unser Auftakt wurde kaum gefeiert, denn bereits in der f\u00fcnften Minute glich Hugo Chuard f\u00fcr Rolling Aventicum aus und stellte den 1:1-Zwischenstand her. Danach entwickelte sich ein umk\u00e4mpftes Spiel mit mehreren [&hellip;]","og_url":"https:\/\/ihc-grenchen.ch\/wordpress\/index.php\/2025\/05\/14\/nlb-spieltag-8-shc-rolling-aventicum-vs-ihc-grenchen\/","og_site_name":"IHC Grenchen","article_publisher":"https:\/\/www.facebook.com\/ihcgrenchen\/","article_published_time":"2025-05-14T19:42:50+00:00","article_modified_time":"2025-08-30T22:56:15+00:00","author":"Nils Sterchi","twitter_card":"summary_large_image","twitter_misc":{"Verfasst von":"Nils Sterchi","Gesch\u00e4tzte Lesezeit":"2\u00a0Minuten"},"schema":{"@context":"https:\/\/schema.org","@graph":[{"@type":"Article","@id":"https:\/\/ihc-grenchen.ch\/wordpress\/index.php\/2025\/05\/14\/nlb-spieltag-8-shc-rolling-aventicum-vs-ihc-grenchen\/#article","isPartOf":{"@id":"https:\/\/ihc-grenchen.ch\/wordpress\/index.php\/2025\/05\/14\/nlb-spieltag-8-shc-rolling-aventicum-vs-ihc-grenchen\/"},"author":{"name":"Nils Sterchi","@id":"https:\/\/ihc-grenchen.ch\/wordpress\/#\/schema\/person\/7506e61e7c8314d00626de5c2ad0c96c"},"headline":"NLB | Spieltag 8: SHC Rolling Aventicum vs. IHC Grenchen","datePublished":"2025-05-14T19:42:50+00:00","dateModified":"2025-08-30T22:56:15+00:00","mainEntityOfPage":{"@id":"https:\/\/ihc-grenchen.ch\/wordpress\/index.php\/2025\/05\/14\/nlb-spieltag-8-shc-rolling-aventicum-vs-ihc-grenchen\/"},"wordCount":324,"publisher":{"@id":"https:\/\/ihc-grenchen.ch\/wordpress\/#organization"},"articleSection":["Meisterschaft","Saison 2025"],"inLanguage":"de-CH"},{"@type":"WebPage","@id":"https:\/\/ihc-grenchen.ch\/wordpress\/index.php\/2025\/05\/14\/nlb-spieltag-8-shc-rolling-aventicum-vs-ihc-grenchen\/","url":"https:\/\/ihc-grenchen.ch\/wordpress\/index.php\/2025\/05\/14\/nlb-spieltag-8-shc-rolling-aventicum-vs-ihc-grenchen\/","name":"NLB | Spieltag 8: SHC Rolling Aventicum vs. IHC Grenchen - IHC Grenchen","isPartOf":{"@id":"https:\/\/ihc-grenchen.ch\/wordpress\/#website"},"datePublished":"2025-05-14T19:42:50+00:00","dateModified":"2025-08-30T22:56:15+00:00","breadcrumb":{"@id":"https:\/\/ihc-grenchen.ch\/wordpress\/index.php\/2025\/05\/14\/nlb-spieltag-8-shc-rolling-aventicum-vs-ihc-grenchen\/#breadcrumb"},"inLanguage":"de-CH","potentialAction":[{"@type":"ReadAction","target":["https:\/\/ihc-grenchen.ch\/wordpress\/index.php\/2025\/05\/14\/nlb-spieltag-8-shc-rolling-aventicum-vs-ihc-grenchen\/"]}]},{"@type":"BreadcrumbList","@id":"https:\/\/ihc-grenchen.ch\/wordpress\/index.php\/2025\/05\/14\/nlb-spieltag-8-shc-rolling-aventicum-vs-ihc-grenchen\/#breadcrumb","itemListElement":[{"@type":"ListItem","position":1,"name":"Startseite","item":"https:\/\/ihc-grenchen.ch\/wordpress\/"},{"@type":"ListItem","position":2,"name":"NLB | Spieltag 8: SHC Rolling Aventicum vs. IHC Grenchen"}]},{"@type":"WebSite","@id":"https:\/\/ihc-grenchen.ch\/wordpress\/#website","url":"https:\/\/ihc-grenchen.ch\/wordpress\/","name":"IHC Grenchen","description":"Inlinehockey Verein aus Grenchen","publisher":{"@id":"https:\/\/ihc-grenchen.ch\/wordpress\/#organization"},"potentialAction":[{"@type":"SearchAction","target":{"@type":"EntryPoint","urlTemplate":"https:\/\/ihc-grenchen.ch\/wordpress\/?s={search_term_string}"},"query-input":{"@type":"PropertyValueSpecification","valueRequired":true,"valueName":"search_term_string"}}],"inLanguage":"de-CH"},{"@type":"Organization","@id":"https:\/\/ihc-grenchen.ch\/wordpress\/#organization","name":"IHC Grenchen","url":"https:\/\/ihc-grenchen.ch\/wordpress\/","logo":{"@type":"ImageObject","inLanguage":"de-CH","@id":"https:\/\/ihc-grenchen.ch\/wordpress\/#\/schema\/logo\/image\/","url":"https:\/\/ihc-grenchen.ch\/wordpress\/wp-content\/uploads\/2023\/12\/grenchen-58d05f5f593cf-1.jpg","contentUrl":"https:\/\/ihc-grenchen.ch\/wordpress\/wp-content\/uploads\/2023\/12\/grenchen-58d05f5f593cf-1.jpg","width":200,"height":200,"caption":"IHC Grenchen"},"image":{"@id":"https:\/\/ihc-grenchen.ch\/wordpress\/#\/schema\/logo\/image\/"},"sameAs":["https:\/\/www.facebook.com\/ihcgrenchen\/","https:\/\/www.instagram.com\/ihc_grenchen\/"]},{"@type":"Person","@id":"https:\/\/ihc-grenchen.ch\/wordpress\/#\/schema\/person\/7506e61e7c8314d00626de5c2ad0c96c","name":"Nils Sterchi","image":{"@type":"ImageObject","inLanguage":"de-CH","@id":"https:\/\/secure.gravatar.com\/avatar\/9d2a4825f9663654cea9fa5415f0dbaa59575f8e1bc60c4b7ef45c473f56e9e3?s=96&d=mm&r=g","url":"https:\/\/secure.gravatar.com\/avatar\/9d2a4825f9663654cea9fa5415f0dbaa59575f8e1bc60c4b7ef45c473f56e9e3?s=96&d=mm&r=g","contentUrl":"https:\/\/secure.gravatar.com\/avatar\/9d2a4825f9663654cea9fa5415f0dbaa59575f8e1bc60c4b7ef45c473f56e9e3?s=96&d=mm&r=g","caption":"Nils Sterchi"},"sameAs":["https:\/\/ihc-grenchen.ch\/wordpress"],"url":"https:\/\/ihc-grenchen.ch\/wordpress\/index.php\/author\/nsterchi_lustzd0w\/"}]}},"jetpack_featured_media_url":"","_links":{"self":[{"href":"https:\/\/ihc-grenchen.ch\/wordpress\/index.php\/wp-json\/wp\/v2\/posts\/1959","targetHints":{"allow":["GET"]}}],"collection":[{"href":"https:\/\/ihc-grenchen.ch\/wordpress\/index.php\/wp-json\/wp\/v2\/posts"}],"about":[{"href":"https:\/\/ihc-grenchen.ch\/wordpress\/index.php\/wp-json\/wp\/v2\/types\/post"}],"author":[{"embeddable":true,"href":"https:\/\/ihc-grenchen.ch\/wordpress\/index.php\/wp-json\/wp\/v2\/users\/1"}],"replies":[{"embeddable":true,"href":"https:\/\/ihc-grenchen.ch\/wordpress\/index.php\/wp-json\/wp\/v2\/comments?post=1959"}],"version-history":[{"count":7,"href":"https:\/\/ihc-grenchen.ch\/wordpress\/index.php\/wp-json\/wp\/v2\/posts\/1959\/revisions"}],"predecessor-version":[{"id":1966,"href":"https:\/\/ihc-grenchen.ch\/wordpress\/index.php\/wp-json\/wp\/v2\/posts\/1959\/revisions\/1966"}],"wp:attachment":[{"href":"https:\/\/ihc-grenchen.ch\/wordpress\/index.php\/wp-json\/wp\/v2\/media?parent=1959"}],"wp:term":[{"taxonomy":"category","embeddable":true,"href":"https:\/\/ihc-grenchen.ch\/wordpress\/index.php\/wp-json\/wp\/v2\/categories?post=1959"},{"taxonomy":"post_tag","embeddable":true,"href":"https:\/\/ihc-grenchen.ch\/wordpress\/index.php\/wp-json\/wp\/v2\/tags?post=1959"}],"curies":[{"name":"wp","href":"https:\/\/api.w.org\/{rel}","templated":true}]}}