{"id":1968,"date":"2025-05-23T20:45:42","date_gmt":"2025-05-23T19:45:42","guid":{"rendered":"https:\/\/ihc-grenchen.ch\/wordpress\/?p=1968"},"modified":"2025-08-30T23:56:15","modified_gmt":"2025-08-30T22:56:15","slug":"swiss-cup-1-16-final-shc-givisiez-iiia-vs-ihc-grenchen","status":"publish","type":"post","link":"https:\/\/ihc-grenchen.ch\/wordpress\/index.php\/2025\/05\/23\/swiss-cup-1-16-final-shc-givisiez-iiia-vs-ihc-grenchen\/","title":{"rendered":"SWISS CUP 1\/16-FINAL | SHC Givisiez IIIa vs. IHC Grenchen"},"content":{"rendered":"\t\t<div data-elementor-type=\"wp-post\" data-elementor-id=\"1968\" class=\"elementor elementor-1968\">\n\t\t\t\t<div class=\"elementor-element elementor-element-fdbacfa e-flex e-con-boxed e-con e-parent\" data-id=\"fdbacfa\" data-element_type=\"container\" data-e-type=\"container\">\n\t\t\t\t\t<div class=\"e-con-inner\">\n\t\t\t\t<div class=\"elementor-element elementor-element-f8f285f elementor-widget elementor-widget-text-editor\" data-id=\"f8f285f\" data-element_type=\"widget\" data-e-type=\"widget\" data-widget_type=\"text-editor.default\">\n\t\t\t\t<div class=\"elementor-widget-container\">\n\t\t\t\t\t\t\t\t\t<p>Mit einem souver\u00e4nen 15:3-Erfolg beim 2.-Ligisten SHC Givisiez IIIa haben wir unsere Pflichtaufgabe im Cup-1\/16-Final erf\u00fcllt. Wir liessen von der ersten Sekunde an keinen Zweifel am Sieger aufkommen.<\/p><ol><li>Drittel \u2013 Turbostart<\/li><\/ol><p>Nach zwei fr\u00fchen Strafen gegen uns (L\u00fcthi 02:44, Neuhaus 04:15) \u00fcbernahmen wir endg\u00fcltig das Zepter. Max B\u00fcchi er\u00f6ffnete in der 5:29 Minute nach Pass von Marco M\u00fcller die Torflut. Noch bevor die Gastgeber ihre Defensive sortieren konnten, erh\u00f6hten Marco Dick (06:22) und M\u00fcller (07:21) auf 3:0. Weitere Akzente setzten Yanis Wittich (12:41) und Sascha Dick (13:28). Zwar verk\u00fcrzte Givisiez durch Nolan Pochon auf 1:5 (18:24), doch Marco Dick stellte kurz vor der Sirene den 6:1-Pausenstand her (19:28).<\/p><ol start=\"2\"><li>Drittel \u2013 Spielfreude pur<\/li><\/ol><p>Wir kamen mit derselben Energie zur\u00fcck: M\u00fcller (22:18) und ein Doppelpack von B\u00fcchi (23:35, 24:44) schraubten das Score rasch auf 9:1. Bis zur 32. Minute waren es bereits zw\u00f6lf Treffer; Wittich (31:00) verwertete erneut, bevor B\u00fcchi mit seinem f\u00fcnften Tor (31:55) erfolgreich war. Trotz disziplinierter Defensivarbeit traf Alex Barraud zum 2:13 (38:13). B\u00fcchi (39:31) und Laurent Rigolet (39:47) sorgten f\u00fcr den 14:3-Zwischenstand.<\/p><ol start=\"3\"><li>Drittel \u2013 Deckel drauf<\/li><\/ol><p>Die letzten 20 Minuten blieben weitgehend ereignisarm; eine Behinderung von Br\u00fclhart (48:37) brachte uns ein Powerplay, das wir allerdings ungenutzt liessen. In der 55. Minute setzte Marco Dick mit seinem dritten Treffer den 15:3-Schlusspunkt.<\/p><p>Fazit<\/p><p>Wir dominierten \u00fcber 60 Minuten, gewannen nahezu jeden Zweikampf und profitierten vom starken Trio B\u00fcchi \u2013 Dick \u2013 M\u00fcller (zusammen 12 Tore). Trotz hoher Effizienz w\u00e4re ein noch klareres Resultat m\u00f6glich gewesen. Entscheidend war, dass wir den Ball laufen liessen, Strafen clever nutzten (4 Powerplay-Treffer) und defensiv kaum Gefahren zuliessen.<\/p><p>Ausblick \u2013 Cup<\/p><p>Mit diesem Sieg stehen wir im 1\/8-Final: 14. Juni 2025, 19:30 Uhr, ausw\u00e4rts gegen die SHC Bassecourt Eagles I \u2013 welche letztes Jahr aus der NLB abgestiegen waren.<\/p><p>N\u00e4chste Meisterschaftspartie<\/p><p>Bereits am 25. Mai 2025, 14:00 Uhr, empfangen wir zu Hause die SHC Courroux Wolfies zum NLB-Duell.<\/p>\t\t\t\t\t\t\t\t<\/div>\n\t\t\t\t<\/div>\n\t\t\t\t\t<\/div>\n\t\t\t\t<\/div>\n\t\t\t\t<\/div>\n\t\t","protected":false},"excerpt":{"rendered":"<p>Mit einem souver\u00e4nen 15:3-Erfolg beim 2.-Ligisten SHC Givisiez IIIa haben wir unsere Pflichtaufgabe im Cup-1\/16-Final erf\u00fcllt. Wir liessen von der ersten Sekunde an keinen Zweifel am Sieger aufkommen. Drittel \u2013 Turbostart Nach zwei fr\u00fchen Strafen gegen uns (L\u00fcthi 02:44, Neuhaus 04:15) \u00fcbernahmen wir endg\u00fcltig das Zepter. Max B\u00fcchi er\u00f6ffnete in der 5:29 Minute nach Pass [&hellip;]<\/p>\n","protected":false},"author":1,"featured_media":0,"comment_status":"closed","ping_status":"closed","sticky":false,"template":"","format":"standard","meta":{"om_disable_all_campaigns":false,"_monsterinsights_skip_tracking":false,"footnotes":""},"categories":[75,73],"tags":[],"class_list":["post-1968","post","type-post","status-publish","format-standard","hentry","category-meisterschaft-saison-2025","category-saison-2025"],"yoast_head":"<!-- This site is optimized with the Yoast SEO plugin v28.3 - https:\/\/yoast.com\/product\/yoast-seo-wordpress\/ -->\n<title>SWISS CUP 1\/16-FINAL | SHC Givisiez IIIa vs. IHC Grenchen - IHC Grenchen<\/title>\n<meta name=\"robots\" content=\"index, follow, max-snippet:-1, max-image-preview:large, max-video-preview:-1\" \/>\n<link rel=\"canonical\" href=\"https:\/\/ihc-grenchen.ch\/wordpress\/index.php\/2025\/05\/23\/swiss-cup-1-16-final-shc-givisiez-iiia-vs-ihc-grenchen\/\" \/>\n<meta property=\"og:locale\" content=\"de_DE\" \/>\n<meta property=\"og:type\" content=\"article\" \/>\n<meta property=\"og:title\" content=\"SWISS CUP 1\/16-FINAL | SHC Givisiez IIIa vs. IHC Grenchen - IHC Grenchen\" \/>\n<meta property=\"og:description\" content=\"Mit einem souver\u00e4nen 15:3-Erfolg beim 2.-Ligisten SHC Givisiez IIIa haben wir unsere Pflichtaufgabe im Cup-1\/16-Final erf\u00fcllt. Wir liessen von der ersten Sekunde an keinen Zweifel am Sieger aufkommen. Drittel \u2013 Turbostart Nach zwei fr\u00fchen Strafen gegen uns (L\u00fcthi 02:44, Neuhaus 04:15) \u00fcbernahmen wir endg\u00fcltig das Zepter. Max B\u00fcchi er\u00f6ffnete in der 5:29 Minute nach Pass [&hellip;]\" \/>\n<meta property=\"og:url\" content=\"https:\/\/ihc-grenchen.ch\/wordpress\/index.php\/2025\/05\/23\/swiss-cup-1-16-final-shc-givisiez-iiia-vs-ihc-grenchen\/\" \/>\n<meta property=\"og:site_name\" content=\"IHC Grenchen\" \/>\n<meta property=\"article:publisher\" content=\"https:\/\/www.facebook.com\/ihcgrenchen\/\" \/>\n<meta property=\"article:published_time\" content=\"2025-05-23T19:45:42+00:00\" \/>\n<meta property=\"article:modified_time\" content=\"2025-08-30T22:56:15+00:00\" \/>\n<meta name=\"author\" content=\"Nils Sterchi\" \/>\n<meta name=\"twitter:card\" content=\"summary_large_image\" \/>\n<meta name=\"twitter:label1\" content=\"Verfasst von\" \/>\n\t<meta name=\"twitter:data1\" content=\"Nils Sterchi\" \/>\n\t<meta name=\"twitter:label2\" content=\"Gesch\u00e4tzte Lesezeit\" \/>\n\t<meta name=\"twitter:data2\" content=\"2\u00a0Minuten\" \/>\n<script type=\"application\/ld+json\" class=\"yoast-schema-graph\">{\"@context\":\"https:\\\/\\\/schema.org\",\"@graph\":[{\"@type\":\"Article\",\"@id\":\"https:\\\/\\\/ihc-grenchen.ch\\\/wordpress\\\/index.php\\\/2025\\\/05\\\/23\\\/swiss-cup-1-16-final-shc-givisiez-iiia-vs-ihc-grenchen\\\/#article\",\"isPartOf\":{\"@id\":\"https:\\\/\\\/ihc-grenchen.ch\\\/wordpress\\\/index.php\\\/2025\\\/05\\\/23\\\/swiss-cup-1-16-final-shc-givisiez-iiia-vs-ihc-grenchen\\\/\"},\"author\":{\"name\":\"Nils Sterchi\",\"@id\":\"https:\\\/\\\/ihc-grenchen.ch\\\/wordpress\\\/#\\\/schema\\\/person\\\/7506e61e7c8314d00626de5c2ad0c96c\"},\"headline\":\"SWISS CUP 1\\\/16-FINAL | SHC Givisiez IIIa vs. IHC Grenchen\",\"datePublished\":\"2025-05-23T19:45:42+00:00\",\"dateModified\":\"2025-08-30T22:56:15+00:00\",\"mainEntityOfPage\":{\"@id\":\"https:\\\/\\\/ihc-grenchen.ch\\\/wordpress\\\/index.php\\\/2025\\\/05\\\/23\\\/swiss-cup-1-16-final-shc-givisiez-iiia-vs-ihc-grenchen\\\/\"},\"wordCount\":308,\"publisher\":{\"@id\":\"https:\\\/\\\/ihc-grenchen.ch\\\/wordpress\\\/#organization\"},\"articleSection\":[\"Meisterschaft\",\"Saison 2025\"],\"inLanguage\":\"de-CH\"},{\"@type\":\"WebPage\",\"@id\":\"https:\\\/\\\/ihc-grenchen.ch\\\/wordpress\\\/index.php\\\/2025\\\/05\\\/23\\\/swiss-cup-1-16-final-shc-givisiez-iiia-vs-ihc-grenchen\\\/\",\"url\":\"https:\\\/\\\/ihc-grenchen.ch\\\/wordpress\\\/index.php\\\/2025\\\/05\\\/23\\\/swiss-cup-1-16-final-shc-givisiez-iiia-vs-ihc-grenchen\\\/\",\"name\":\"SWISS CUP 1\\\/16-FINAL | SHC Givisiez IIIa vs. IHC Grenchen - IHC Grenchen\",\"isPartOf\":{\"@id\":\"https:\\\/\\\/ihc-grenchen.ch\\\/wordpress\\\/#website\"},\"datePublished\":\"2025-05-23T19:45:42+00:00\",\"dateModified\":\"2025-08-30T22:56:15+00:00\",\"breadcrumb\":{\"@id\":\"https:\\\/\\\/ihc-grenchen.ch\\\/wordpress\\\/index.php\\\/2025\\\/05\\\/23\\\/swiss-cup-1-16-final-shc-givisiez-iiia-vs-ihc-grenchen\\\/#breadcrumb\"},\"inLanguage\":\"de-CH\",\"potentialAction\":[{\"@type\":\"ReadAction\",\"target\":[\"https:\\\/\\\/ihc-grenchen.ch\\\/wordpress\\\/index.php\\\/2025\\\/05\\\/23\\\/swiss-cup-1-16-final-shc-givisiez-iiia-vs-ihc-grenchen\\\/\"]}]},{\"@type\":\"BreadcrumbList\",\"@id\":\"https:\\\/\\\/ihc-grenchen.ch\\\/wordpress\\\/index.php\\\/2025\\\/05\\\/23\\\/swiss-cup-1-16-final-shc-givisiez-iiia-vs-ihc-grenchen\\\/#breadcrumb\",\"itemListElement\":[{\"@type\":\"ListItem\",\"position\":1,\"name\":\"Startseite\",\"item\":\"https:\\\/\\\/ihc-grenchen.ch\\\/wordpress\\\/\"},{\"@type\":\"ListItem\",\"position\":2,\"name\":\"SWISS CUP 1\\\/16-FINAL | SHC Givisiez IIIa vs. IHC Grenchen\"}]},{\"@type\":\"WebSite\",\"@id\":\"https:\\\/\\\/ihc-grenchen.ch\\\/wordpress\\\/#website\",\"url\":\"https:\\\/\\\/ihc-grenchen.ch\\\/wordpress\\\/\",\"name\":\"IHC Grenchen\",\"description\":\"Inlinehockey Verein aus Grenchen\",\"publisher\":{\"@id\":\"https:\\\/\\\/ihc-grenchen.ch\\\/wordpress\\\/#organization\"},\"potentialAction\":[{\"@type\":\"SearchAction\",\"target\":{\"@type\":\"EntryPoint\",\"urlTemplate\":\"https:\\\/\\\/ihc-grenchen.ch\\\/wordpress\\\/?s={search_term_string}\"},\"query-input\":{\"@type\":\"PropertyValueSpecification\",\"valueRequired\":true,\"valueName\":\"search_term_string\"}}],\"inLanguage\":\"de-CH\"},{\"@type\":\"Organization\",\"@id\":\"https:\\\/\\\/ihc-grenchen.ch\\\/wordpress\\\/#organization\",\"name\":\"IHC Grenchen\",\"url\":\"https:\\\/\\\/ihc-grenchen.ch\\\/wordpress\\\/\",\"logo\":{\"@type\":\"ImageObject\",\"inLanguage\":\"de-CH\",\"@id\":\"https:\\\/\\\/ihc-grenchen.ch\\\/wordpress\\\/#\\\/schema\\\/logo\\\/image\\\/\",\"url\":\"https:\\\/\\\/ihc-grenchen.ch\\\/wordpress\\\/wp-content\\\/uploads\\\/2023\\\/12\\\/grenchen-58d05f5f593cf-1.jpg\",\"contentUrl\":\"https:\\\/\\\/ihc-grenchen.ch\\\/wordpress\\\/wp-content\\\/uploads\\\/2023\\\/12\\\/grenchen-58d05f5f593cf-1.jpg\",\"width\":200,\"height\":200,\"caption\":\"IHC Grenchen\"},\"image\":{\"@id\":\"https:\\\/\\\/ihc-grenchen.ch\\\/wordpress\\\/#\\\/schema\\\/logo\\\/image\\\/\"},\"sameAs\":[\"https:\\\/\\\/www.facebook.com\\\/ihcgrenchen\\\/\",\"https:\\\/\\\/www.instagram.com\\\/ihc_grenchen\\\/\"]},{\"@type\":\"Person\",\"@id\":\"https:\\\/\\\/ihc-grenchen.ch\\\/wordpress\\\/#\\\/schema\\\/person\\\/7506e61e7c8314d00626de5c2ad0c96c\",\"name\":\"Nils Sterchi\",\"image\":{\"@type\":\"ImageObject\",\"inLanguage\":\"de-CH\",\"@id\":\"https:\\\/\\\/secure.gravatar.com\\\/avatar\\\/9d2a4825f9663654cea9fa5415f0dbaa59575f8e1bc60c4b7ef45c473f56e9e3?s=96&d=mm&r=g\",\"url\":\"https:\\\/\\\/secure.gravatar.com\\\/avatar\\\/9d2a4825f9663654cea9fa5415f0dbaa59575f8e1bc60c4b7ef45c473f56e9e3?s=96&d=mm&r=g\",\"contentUrl\":\"https:\\\/\\\/secure.gravatar.com\\\/avatar\\\/9d2a4825f9663654cea9fa5415f0dbaa59575f8e1bc60c4b7ef45c473f56e9e3?s=96&d=mm&r=g\",\"caption\":\"Nils Sterchi\"},\"sameAs\":[\"https:\\\/\\\/ihc-grenchen.ch\\\/wordpress\"],\"url\":\"https:\\\/\\\/ihc-grenchen.ch\\\/wordpress\\\/index.php\\\/author\\\/nsterchi_lustzd0w\\\/\"}]}<\/script>\n<!-- \/ Yoast SEO plugin. -->","yoast_head_json":{"title":"SWISS CUP 1\/16-FINAL | SHC Givisiez IIIa vs. IHC Grenchen - IHC Grenchen","robots":{"index":"index","follow":"follow","max-snippet":"max-snippet:-1","max-image-preview":"max-image-preview:large","max-video-preview":"max-video-preview:-1"},"canonical":"https:\/\/ihc-grenchen.ch\/wordpress\/index.php\/2025\/05\/23\/swiss-cup-1-16-final-shc-givisiez-iiia-vs-ihc-grenchen\/","og_locale":"de_DE","og_type":"article","og_title":"SWISS CUP 1\/16-FINAL | SHC Givisiez IIIa vs. IHC Grenchen - IHC Grenchen","og_description":"Mit einem souver\u00e4nen 15:3-Erfolg beim 2.-Ligisten SHC Givisiez IIIa haben wir unsere Pflichtaufgabe im Cup-1\/16-Final erf\u00fcllt. Wir liessen von der ersten Sekunde an keinen Zweifel am Sieger aufkommen. Drittel \u2013 Turbostart Nach zwei fr\u00fchen Strafen gegen uns (L\u00fcthi 02:44, Neuhaus 04:15) \u00fcbernahmen wir endg\u00fcltig das Zepter. Max B\u00fcchi er\u00f6ffnete in der 5:29 Minute nach Pass [&hellip;]","og_url":"https:\/\/ihc-grenchen.ch\/wordpress\/index.php\/2025\/05\/23\/swiss-cup-1-16-final-shc-givisiez-iiia-vs-ihc-grenchen\/","og_site_name":"IHC Grenchen","article_publisher":"https:\/\/www.facebook.com\/ihcgrenchen\/","article_published_time":"2025-05-23T19:45:42+00:00","article_modified_time":"2025-08-30T22:56:15+00:00","author":"Nils Sterchi","twitter_card":"summary_large_image","twitter_misc":{"Verfasst von":"Nils Sterchi","Gesch\u00e4tzte Lesezeit":"2\u00a0Minuten"},"schema":{"@context":"https:\/\/schema.org","@graph":[{"@type":"Article","@id":"https:\/\/ihc-grenchen.ch\/wordpress\/index.php\/2025\/05\/23\/swiss-cup-1-16-final-shc-givisiez-iiia-vs-ihc-grenchen\/#article","isPartOf":{"@id":"https:\/\/ihc-grenchen.ch\/wordpress\/index.php\/2025\/05\/23\/swiss-cup-1-16-final-shc-givisiez-iiia-vs-ihc-grenchen\/"},"author":{"name":"Nils Sterchi","@id":"https:\/\/ihc-grenchen.ch\/wordpress\/#\/schema\/person\/7506e61e7c8314d00626de5c2ad0c96c"},"headline":"SWISS CUP 1\/16-FINAL | SHC Givisiez IIIa vs. IHC Grenchen","datePublished":"2025-05-23T19:45:42+00:00","dateModified":"2025-08-30T22:56:15+00:00","mainEntityOfPage":{"@id":"https:\/\/ihc-grenchen.ch\/wordpress\/index.php\/2025\/05\/23\/swiss-cup-1-16-final-shc-givisiez-iiia-vs-ihc-grenchen\/"},"wordCount":308,"publisher":{"@id":"https:\/\/ihc-grenchen.ch\/wordpress\/#organization"},"articleSection":["Meisterschaft","Saison 2025"],"inLanguage":"de-CH"},{"@type":"WebPage","@id":"https:\/\/ihc-grenchen.ch\/wordpress\/index.php\/2025\/05\/23\/swiss-cup-1-16-final-shc-givisiez-iiia-vs-ihc-grenchen\/","url":"https:\/\/ihc-grenchen.ch\/wordpress\/index.php\/2025\/05\/23\/swiss-cup-1-16-final-shc-givisiez-iiia-vs-ihc-grenchen\/","name":"SWISS CUP 1\/16-FINAL | SHC Givisiez IIIa vs. IHC Grenchen - IHC Grenchen","isPartOf":{"@id":"https:\/\/ihc-grenchen.ch\/wordpress\/#website"},"datePublished":"2025-05-23T19:45:42+00:00","dateModified":"2025-08-30T22:56:15+00:00","breadcrumb":{"@id":"https:\/\/ihc-grenchen.ch\/wordpress\/index.php\/2025\/05\/23\/swiss-cup-1-16-final-shc-givisiez-iiia-vs-ihc-grenchen\/#breadcrumb"},"inLanguage":"de-CH","potentialAction":[{"@type":"ReadAction","target":["https:\/\/ihc-grenchen.ch\/wordpress\/index.php\/2025\/05\/23\/swiss-cup-1-16-final-shc-givisiez-iiia-vs-ihc-grenchen\/"]}]},{"@type":"BreadcrumbList","@id":"https:\/\/ihc-grenchen.ch\/wordpress\/index.php\/2025\/05\/23\/swiss-cup-1-16-final-shc-givisiez-iiia-vs-ihc-grenchen\/#breadcrumb","itemListElement":[{"@type":"ListItem","position":1,"name":"Startseite","item":"https:\/\/ihc-grenchen.ch\/wordpress\/"},{"@type":"ListItem","position":2,"name":"SWISS CUP 1\/16-FINAL | SHC Givisiez IIIa vs. IHC Grenchen"}]},{"@type":"WebSite","@id":"https:\/\/ihc-grenchen.ch\/wordpress\/#website","url":"https:\/\/ihc-grenchen.ch\/wordpress\/","name":"IHC Grenchen","description":"Inlinehockey Verein aus Grenchen","publisher":{"@id":"https:\/\/ihc-grenchen.ch\/wordpress\/#organization"},"potentialAction":[{"@type":"SearchAction","target":{"@type":"EntryPoint","urlTemplate":"https:\/\/ihc-grenchen.ch\/wordpress\/?s={search_term_string}"},"query-input":{"@type":"PropertyValueSpecification","valueRequired":true,"valueName":"search_term_string"}}],"inLanguage":"de-CH"},{"@type":"Organization","@id":"https:\/\/ihc-grenchen.ch\/wordpress\/#organization","name":"IHC Grenchen","url":"https:\/\/ihc-grenchen.ch\/wordpress\/","logo":{"@type":"ImageObject","inLanguage":"de-CH","@id":"https:\/\/ihc-grenchen.ch\/wordpress\/#\/schema\/logo\/image\/","url":"https:\/\/ihc-grenchen.ch\/wordpress\/wp-content\/uploads\/2023\/12\/grenchen-58d05f5f593cf-1.jpg","contentUrl":"https:\/\/ihc-grenchen.ch\/wordpress\/wp-content\/uploads\/2023\/12\/grenchen-58d05f5f593cf-1.jpg","width":200,"height":200,"caption":"IHC Grenchen"},"image":{"@id":"https:\/\/ihc-grenchen.ch\/wordpress\/#\/schema\/logo\/image\/"},"sameAs":["https:\/\/www.facebook.com\/ihcgrenchen\/","https:\/\/www.instagram.com\/ihc_grenchen\/"]},{"@type":"Person","@id":"https:\/\/ihc-grenchen.ch\/wordpress\/#\/schema\/person\/7506e61e7c8314d00626de5c2ad0c96c","name":"Nils Sterchi","image":{"@type":"ImageObject","inLanguage":"de-CH","@id":"https:\/\/secure.gravatar.com\/avatar\/9d2a4825f9663654cea9fa5415f0dbaa59575f8e1bc60c4b7ef45c473f56e9e3?s=96&d=mm&r=g","url":"https:\/\/secure.gravatar.com\/avatar\/9d2a4825f9663654cea9fa5415f0dbaa59575f8e1bc60c4b7ef45c473f56e9e3?s=96&d=mm&r=g","contentUrl":"https:\/\/secure.gravatar.com\/avatar\/9d2a4825f9663654cea9fa5415f0dbaa59575f8e1bc60c4b7ef45c473f56e9e3?s=96&d=mm&r=g","caption":"Nils Sterchi"},"sameAs":["https:\/\/ihc-grenchen.ch\/wordpress"],"url":"https:\/\/ihc-grenchen.ch\/wordpress\/index.php\/author\/nsterchi_lustzd0w\/"}]}},"jetpack_featured_media_url":"","_links":{"self":[{"href":"https:\/\/ihc-grenchen.ch\/wordpress\/index.php\/wp-json\/wp\/v2\/posts\/1968","targetHints":{"allow":["GET"]}}],"collection":[{"href":"https:\/\/ihc-grenchen.ch\/wordpress\/index.php\/wp-json\/wp\/v2\/posts"}],"about":[{"href":"https:\/\/ihc-grenchen.ch\/wordpress\/index.php\/wp-json\/wp\/v2\/types\/post"}],"author":[{"embeddable":true,"href":"https:\/\/ihc-grenchen.ch\/wordpress\/index.php\/wp-json\/wp\/v2\/users\/1"}],"replies":[{"embeddable":true,"href":"https:\/\/ihc-grenchen.ch\/wordpress\/index.php\/wp-json\/wp\/v2\/comments?post=1968"}],"version-history":[{"count":4,"href":"https:\/\/ihc-grenchen.ch\/wordpress\/index.php\/wp-json\/wp\/v2\/posts\/1968\/revisions"}],"predecessor-version":[{"id":1972,"href":"https:\/\/ihc-grenchen.ch\/wordpress\/index.php\/wp-json\/wp\/v2\/posts\/1968\/revisions\/1972"}],"wp:attachment":[{"href":"https:\/\/ihc-grenchen.ch\/wordpress\/index.php\/wp-json\/wp\/v2\/media?parent=1968"}],"wp:term":[{"taxonomy":"category","embeddable":true,"href":"https:\/\/ihc-grenchen.ch\/wordpress\/index.php\/wp-json\/wp\/v2\/categories?post=1968"},{"taxonomy":"post_tag","embeddable":true,"href":"https:\/\/ihc-grenchen.ch\/wordpress\/index.php\/wp-json\/wp\/v2\/tags?post=1968"}],"curies":[{"name":"wp","href":"https:\/\/api.w.org\/{rel}","templated":true}]}}