{"id":2013,"date":"2025-06-18T20:11:59","date_gmt":"2025-06-18T19:11:59","guid":{"rendered":"https:\/\/ihc-grenchen.ch\/wordpress\/?p=2013"},"modified":"2025-08-30T23:56:14","modified_gmt":"2025-08-30T22:56:14","slug":"swiss-cup-1-8-final-shc-bassecourt-eagles-vs-ihc-grenchen","status":"publish","type":"post","link":"https:\/\/ihc-grenchen.ch\/wordpress\/index.php\/2025\/06\/18\/swiss-cup-1-8-final-shc-bassecourt-eagles-vs-ihc-grenchen\/","title":{"rendered":"SWISS CUP 1\/8-FINAL | SHC Bassecourt Eagles vs. IHC Grenchen"},"content":{"rendered":"\t\t<div data-elementor-type=\"wp-post\" data-elementor-id=\"2013\" class=\"elementor elementor-2013\">\n\t\t\t\t<div class=\"elementor-element elementor-element-b42398e e-flex e-con-boxed e-con e-parent\" data-id=\"b42398e\" data-element_type=\"container\" data-e-type=\"container\">\n\t\t\t\t\t<div class=\"e-con-inner\">\n\t\t\t\t<div class=\"elementor-element elementor-element-5434173 elementor-widget elementor-widget-text-editor\" data-id=\"5434173\" data-element_type=\"widget\" data-e-type=\"widget\" data-widget_type=\"text-editor.default\">\n\t\t\t\t<div class=\"elementor-widget-container\">\n\t\t\t\t\t\t\t\t\t<p data-start=\"53\" data-end=\"571\">Was f\u00fcr ein Cup-Fest in Bassecourt! Trotz br\u00fctender Hitze erwischten wir im 1\/8-Final des Swiss Cup einen holprigen Start: Schon nach 2&#8217;40&#187; bezwang uns Damien Gagnebin zum 0:1. Die Antwort liess aber keine drei Minuten auf sich warten. Marco M\u00fcller \u2013 an diesem Nachmittag schlicht nicht zu bremsen \u2013 glich nach Vorarbeit von Sascha Dick (5&#8217;13&#187;) aus. Befl\u00fcgelt davon \u00fcbernahmen wir das Zepter: Dick selbst schlenzte uns in der 16. Minute zur F\u00fchrung, ehe Yvo Vuilleumier kurz vor der ersten Sirene auf 3:1 stellte.<\/p><p data-start=\"573\" data-end=\"1219\">Im mittleren Drittel z\u00fcndeten wir den Turbo. Mirco Hofer traf gleich nach Wiederbeginn zum 4:1 (24&#8217;17&#187;). Die Eagles nutzten jedoch eine kurze Schw\u00e4chephase und verk\u00fcrzten innert drei Minuten durch Benjamin Moser (24&#8217;58&#187;) und zweimal Maxime Gerber (27&#8217;15&#8243;\/31&#8217;35&#187;) auf 4:4. Cheftrainer <strong data-start=\"857\" data-end=\"873\">Iwan Sterchi<\/strong> reagierte gelassen \u2013 und unser Team spielte abgekl\u00e4rt weiter. Wieder war es M\u00fcller, der uns 90 Sekunden sp\u00e4ter erneut in Front brachte (32&#8217;47&#187;). Mit seinem n\u00e4chsten Streich (35&#8217;30&#187;) erh\u00f6hte er auf 6:4, Jan Ruchti legte nach (35&#8217;58&#187;). Mehrere Eagles-Strafen sowie ein Torh\u00fcterwechsel brachten ihnen kaum Entlastung, wir blieben spielbestimmend.<\/p><p data-start=\"1221\" data-end=\"1668\">Der letzte Abschnitt begann ruhig; in der 44. Minute verk\u00fcrzte Moser nochmals auf 5:7. Doch wir hielten die Partie jetzt clever tief, lauerten auf Fehler \u2013 und schlugen eiskalt zu: Yanic Bichsel (49&#8217;21&#187;) und Marco Dick (49&#8217;56&#187;) trafen binnen 35 Sekunden. Als M\u00fcller 51&#8217;31&#187; sein viertes Tor schn\u00fcrte, war der Deckel drauf. Die verbliebene Zeit spielten wir fair und souver\u00e4n herunter, nahmen viel Freude und Selbstvertrauen mit auf die Heimreise.<\/p><p data-start=\"1670\" data-end=\"1842\">Mit dem 10:5-Erfolg sichern wir uns das Ticket f\u00fcr den Viertelfinal des Swiss Cup \u2013 ein dickes Ausrufezeichen gegen einen engagierten, aber stets sportlich fairen Gegner.<\/p><p data-start=\"1844\" data-end=\"2038\"><em data-start=\"1844\" data-end=\"1854\">Ausblick<\/em>: Bereits n\u00e4chsten Samstag, <strong data-start=\"1882\" data-end=\"1910\">21. Juni 2025, 14:00 Uhr<\/strong>, empfangen wir in der NLB-Meisterschaft den <strong data-start=\"1955\" data-end=\"1968\">SHC Ajoje<\/strong> auf dem heimischen Platz. Wir freuen uns auf eure Unterst\u00fctzung!<br \/><br \/>Auch ist nun klar auf wen wir im Swiss Cup 1\/4-Final treffen. Es ist der SHC Givisiez (NLA).<br \/>Somit geht es am 29.06.2025 um 17:30 Uhr erneut nach Givisiez wo unsere Cupreise begonnen hat.<\/p>\t\t\t\t\t\t\t\t<\/div>\n\t\t\t\t<\/div>\n\t\t\t\t\t<\/div>\n\t\t\t\t<\/div>\n\t\t\t\t<\/div>\n\t\t","protected":false},"excerpt":{"rendered":"<p>Was f\u00fcr ein Cup-Fest in Bassecourt! Trotz br\u00fctender Hitze erwischten wir im 1\/8-Final des Swiss Cup einen holprigen Start: Schon nach 2&#8217;40&#187; bezwang uns Damien Gagnebin zum 0:1. Die Antwort liess aber keine drei Minuten auf sich warten. Marco M\u00fcller \u2013 an diesem Nachmittag schlicht nicht zu bremsen \u2013 glich nach Vorarbeit von Sascha Dick [&hellip;]<\/p>\n","protected":false},"author":1,"featured_media":0,"comment_status":"closed","ping_status":"closed","sticky":false,"template":"","format":"standard","meta":{"om_disable_all_campaigns":false,"_monsterinsights_skip_tracking":false,"footnotes":""},"categories":[75,73],"tags":[],"class_list":["post-2013","post","type-post","status-publish","format-standard","hentry","category-meisterschaft-saison-2025","category-saison-2025"],"yoast_head":"<!-- This site is optimized with the Yoast SEO plugin v28.3 - https:\/\/yoast.com\/product\/yoast-seo-wordpress\/ -->\n<title>SWISS CUP 1\/8-FINAL | SHC Bassecourt Eagles vs. IHC Grenchen - IHC Grenchen<\/title>\n<meta name=\"robots\" content=\"index, follow, max-snippet:-1, max-image-preview:large, max-video-preview:-1\" \/>\n<link rel=\"canonical\" href=\"https:\/\/ihc-grenchen.ch\/wordpress\/index.php\/2025\/06\/18\/swiss-cup-1-8-final-shc-bassecourt-eagles-vs-ihc-grenchen\/\" \/>\n<meta property=\"og:locale\" content=\"de_DE\" \/>\n<meta property=\"og:type\" content=\"article\" \/>\n<meta property=\"og:title\" content=\"SWISS CUP 1\/8-FINAL | SHC Bassecourt Eagles vs. IHC Grenchen - IHC Grenchen\" \/>\n<meta property=\"og:description\" content=\"Was f\u00fcr ein Cup-Fest in Bassecourt! Trotz br\u00fctender Hitze erwischten wir im 1\/8-Final des Swiss Cup einen holprigen Start: Schon nach 2&#8217;40&#187; bezwang uns Damien Gagnebin zum 0:1. Die Antwort liess aber keine drei Minuten auf sich warten. Marco M\u00fcller \u2013 an diesem Nachmittag schlicht nicht zu bremsen \u2013 glich nach Vorarbeit von Sascha Dick [&hellip;]\" \/>\n<meta property=\"og:url\" content=\"https:\/\/ihc-grenchen.ch\/wordpress\/index.php\/2025\/06\/18\/swiss-cup-1-8-final-shc-bassecourt-eagles-vs-ihc-grenchen\/\" \/>\n<meta property=\"og:site_name\" content=\"IHC Grenchen\" \/>\n<meta property=\"article:publisher\" content=\"https:\/\/www.facebook.com\/ihcgrenchen\/\" \/>\n<meta property=\"article:published_time\" content=\"2025-06-18T19:11:59+00:00\" \/>\n<meta property=\"article:modified_time\" content=\"2025-08-30T22:56:14+00:00\" \/>\n<meta name=\"author\" content=\"Nils Sterchi\" \/>\n<meta name=\"twitter:card\" content=\"summary_large_image\" \/>\n<meta name=\"twitter:label1\" content=\"Verfasst von\" \/>\n\t<meta name=\"twitter:data1\" content=\"Nils Sterchi\" \/>\n\t<meta name=\"twitter:label2\" content=\"Gesch\u00e4tzte Lesezeit\" \/>\n\t<meta name=\"twitter:data2\" content=\"2\u00a0Minuten\" \/>\n<script type=\"application\/ld+json\" class=\"yoast-schema-graph\">{\"@context\":\"https:\\\/\\\/schema.org\",\"@graph\":[{\"@type\":\"Article\",\"@id\":\"https:\\\/\\\/ihc-grenchen.ch\\\/wordpress\\\/index.php\\\/2025\\\/06\\\/18\\\/swiss-cup-1-8-final-shc-bassecourt-eagles-vs-ihc-grenchen\\\/#article\",\"isPartOf\":{\"@id\":\"https:\\\/\\\/ihc-grenchen.ch\\\/wordpress\\\/index.php\\\/2025\\\/06\\\/18\\\/swiss-cup-1-8-final-shc-bassecourt-eagles-vs-ihc-grenchen\\\/\"},\"author\":{\"name\":\"Nils Sterchi\",\"@id\":\"https:\\\/\\\/ihc-grenchen.ch\\\/wordpress\\\/#\\\/schema\\\/person\\\/7506e61e7c8314d00626de5c2ad0c96c\"},\"headline\":\"SWISS CUP 1\\\/8-FINAL | SHC Bassecourt Eagles vs. IHC Grenchen\",\"datePublished\":\"2025-06-18T19:11:59+00:00\",\"dateModified\":\"2025-08-30T22:56:14+00:00\",\"mainEntityOfPage\":{\"@id\":\"https:\\\/\\\/ihc-grenchen.ch\\\/wordpress\\\/index.php\\\/2025\\\/06\\\/18\\\/swiss-cup-1-8-final-shc-bassecourt-eagles-vs-ihc-grenchen\\\/\"},\"wordCount\":331,\"publisher\":{\"@id\":\"https:\\\/\\\/ihc-grenchen.ch\\\/wordpress\\\/#organization\"},\"articleSection\":[\"Meisterschaft\",\"Saison 2025\"],\"inLanguage\":\"de-CH\"},{\"@type\":\"WebPage\",\"@id\":\"https:\\\/\\\/ihc-grenchen.ch\\\/wordpress\\\/index.php\\\/2025\\\/06\\\/18\\\/swiss-cup-1-8-final-shc-bassecourt-eagles-vs-ihc-grenchen\\\/\",\"url\":\"https:\\\/\\\/ihc-grenchen.ch\\\/wordpress\\\/index.php\\\/2025\\\/06\\\/18\\\/swiss-cup-1-8-final-shc-bassecourt-eagles-vs-ihc-grenchen\\\/\",\"name\":\"SWISS CUP 1\\\/8-FINAL | SHC Bassecourt Eagles vs. IHC Grenchen - IHC Grenchen\",\"isPartOf\":{\"@id\":\"https:\\\/\\\/ihc-grenchen.ch\\\/wordpress\\\/#website\"},\"datePublished\":\"2025-06-18T19:11:59+00:00\",\"dateModified\":\"2025-08-30T22:56:14+00:00\",\"breadcrumb\":{\"@id\":\"https:\\\/\\\/ihc-grenchen.ch\\\/wordpress\\\/index.php\\\/2025\\\/06\\\/18\\\/swiss-cup-1-8-final-shc-bassecourt-eagles-vs-ihc-grenchen\\\/#breadcrumb\"},\"inLanguage\":\"de-CH\",\"potentialAction\":[{\"@type\":\"ReadAction\",\"target\":[\"https:\\\/\\\/ihc-grenchen.ch\\\/wordpress\\\/index.php\\\/2025\\\/06\\\/18\\\/swiss-cup-1-8-final-shc-bassecourt-eagles-vs-ihc-grenchen\\\/\"]}]},{\"@type\":\"BreadcrumbList\",\"@id\":\"https:\\\/\\\/ihc-grenchen.ch\\\/wordpress\\\/index.php\\\/2025\\\/06\\\/18\\\/swiss-cup-1-8-final-shc-bassecourt-eagles-vs-ihc-grenchen\\\/#breadcrumb\",\"itemListElement\":[{\"@type\":\"ListItem\",\"position\":1,\"name\":\"Startseite\",\"item\":\"https:\\\/\\\/ihc-grenchen.ch\\\/wordpress\\\/\"},{\"@type\":\"ListItem\",\"position\":2,\"name\":\"SWISS CUP 1\\\/8-FINAL | SHC Bassecourt Eagles vs. IHC Grenchen\"}]},{\"@type\":\"WebSite\",\"@id\":\"https:\\\/\\\/ihc-grenchen.ch\\\/wordpress\\\/#website\",\"url\":\"https:\\\/\\\/ihc-grenchen.ch\\\/wordpress\\\/\",\"name\":\"IHC Grenchen\",\"description\":\"Inlinehockey Verein aus Grenchen\",\"publisher\":{\"@id\":\"https:\\\/\\\/ihc-grenchen.ch\\\/wordpress\\\/#organization\"},\"potentialAction\":[{\"@type\":\"SearchAction\",\"target\":{\"@type\":\"EntryPoint\",\"urlTemplate\":\"https:\\\/\\\/ihc-grenchen.ch\\\/wordpress\\\/?s={search_term_string}\"},\"query-input\":{\"@type\":\"PropertyValueSpecification\",\"valueRequired\":true,\"valueName\":\"search_term_string\"}}],\"inLanguage\":\"de-CH\"},{\"@type\":\"Organization\",\"@id\":\"https:\\\/\\\/ihc-grenchen.ch\\\/wordpress\\\/#organization\",\"name\":\"IHC Grenchen\",\"url\":\"https:\\\/\\\/ihc-grenchen.ch\\\/wordpress\\\/\",\"logo\":{\"@type\":\"ImageObject\",\"inLanguage\":\"de-CH\",\"@id\":\"https:\\\/\\\/ihc-grenchen.ch\\\/wordpress\\\/#\\\/schema\\\/logo\\\/image\\\/\",\"url\":\"https:\\\/\\\/ihc-grenchen.ch\\\/wordpress\\\/wp-content\\\/uploads\\\/2023\\\/12\\\/grenchen-58d05f5f593cf-1.jpg\",\"contentUrl\":\"https:\\\/\\\/ihc-grenchen.ch\\\/wordpress\\\/wp-content\\\/uploads\\\/2023\\\/12\\\/grenchen-58d05f5f593cf-1.jpg\",\"width\":200,\"height\":200,\"caption\":\"IHC Grenchen\"},\"image\":{\"@id\":\"https:\\\/\\\/ihc-grenchen.ch\\\/wordpress\\\/#\\\/schema\\\/logo\\\/image\\\/\"},\"sameAs\":[\"https:\\\/\\\/www.facebook.com\\\/ihcgrenchen\\\/\",\"https:\\\/\\\/www.instagram.com\\\/ihc_grenchen\\\/\"]},{\"@type\":\"Person\",\"@id\":\"https:\\\/\\\/ihc-grenchen.ch\\\/wordpress\\\/#\\\/schema\\\/person\\\/7506e61e7c8314d00626de5c2ad0c96c\",\"name\":\"Nils Sterchi\",\"image\":{\"@type\":\"ImageObject\",\"inLanguage\":\"de-CH\",\"@id\":\"https:\\\/\\\/secure.gravatar.com\\\/avatar\\\/9d2a4825f9663654cea9fa5415f0dbaa59575f8e1bc60c4b7ef45c473f56e9e3?s=96&d=mm&r=g\",\"url\":\"https:\\\/\\\/secure.gravatar.com\\\/avatar\\\/9d2a4825f9663654cea9fa5415f0dbaa59575f8e1bc60c4b7ef45c473f56e9e3?s=96&d=mm&r=g\",\"contentUrl\":\"https:\\\/\\\/secure.gravatar.com\\\/avatar\\\/9d2a4825f9663654cea9fa5415f0dbaa59575f8e1bc60c4b7ef45c473f56e9e3?s=96&d=mm&r=g\",\"caption\":\"Nils Sterchi\"},\"sameAs\":[\"https:\\\/\\\/ihc-grenchen.ch\\\/wordpress\"],\"url\":\"https:\\\/\\\/ihc-grenchen.ch\\\/wordpress\\\/index.php\\\/author\\\/nsterchi_lustzd0w\\\/\"}]}<\/script>\n<!-- \/ Yoast SEO plugin. -->","yoast_head_json":{"title":"SWISS CUP 1\/8-FINAL | SHC Bassecourt Eagles vs. IHC Grenchen - IHC Grenchen","robots":{"index":"index","follow":"follow","max-snippet":"max-snippet:-1","max-image-preview":"max-image-preview:large","max-video-preview":"max-video-preview:-1"},"canonical":"https:\/\/ihc-grenchen.ch\/wordpress\/index.php\/2025\/06\/18\/swiss-cup-1-8-final-shc-bassecourt-eagles-vs-ihc-grenchen\/","og_locale":"de_DE","og_type":"article","og_title":"SWISS CUP 1\/8-FINAL | SHC Bassecourt Eagles vs. IHC Grenchen - IHC Grenchen","og_description":"Was f\u00fcr ein Cup-Fest in Bassecourt! Trotz br\u00fctender Hitze erwischten wir im 1\/8-Final des Swiss Cup einen holprigen Start: Schon nach 2&#8217;40&#187; bezwang uns Damien Gagnebin zum 0:1. Die Antwort liess aber keine drei Minuten auf sich warten. Marco M\u00fcller \u2013 an diesem Nachmittag schlicht nicht zu bremsen \u2013 glich nach Vorarbeit von Sascha Dick [&hellip;]","og_url":"https:\/\/ihc-grenchen.ch\/wordpress\/index.php\/2025\/06\/18\/swiss-cup-1-8-final-shc-bassecourt-eagles-vs-ihc-grenchen\/","og_site_name":"IHC Grenchen","article_publisher":"https:\/\/www.facebook.com\/ihcgrenchen\/","article_published_time":"2025-06-18T19:11:59+00:00","article_modified_time":"2025-08-30T22:56:14+00:00","author":"Nils Sterchi","twitter_card":"summary_large_image","twitter_misc":{"Verfasst von":"Nils Sterchi","Gesch\u00e4tzte Lesezeit":"2\u00a0Minuten"},"schema":{"@context":"https:\/\/schema.org","@graph":[{"@type":"Article","@id":"https:\/\/ihc-grenchen.ch\/wordpress\/index.php\/2025\/06\/18\/swiss-cup-1-8-final-shc-bassecourt-eagles-vs-ihc-grenchen\/#article","isPartOf":{"@id":"https:\/\/ihc-grenchen.ch\/wordpress\/index.php\/2025\/06\/18\/swiss-cup-1-8-final-shc-bassecourt-eagles-vs-ihc-grenchen\/"},"author":{"name":"Nils Sterchi","@id":"https:\/\/ihc-grenchen.ch\/wordpress\/#\/schema\/person\/7506e61e7c8314d00626de5c2ad0c96c"},"headline":"SWISS CUP 1\/8-FINAL | SHC Bassecourt Eagles vs. IHC Grenchen","datePublished":"2025-06-18T19:11:59+00:00","dateModified":"2025-08-30T22:56:14+00:00","mainEntityOfPage":{"@id":"https:\/\/ihc-grenchen.ch\/wordpress\/index.php\/2025\/06\/18\/swiss-cup-1-8-final-shc-bassecourt-eagles-vs-ihc-grenchen\/"},"wordCount":331,"publisher":{"@id":"https:\/\/ihc-grenchen.ch\/wordpress\/#organization"},"articleSection":["Meisterschaft","Saison 2025"],"inLanguage":"de-CH"},{"@type":"WebPage","@id":"https:\/\/ihc-grenchen.ch\/wordpress\/index.php\/2025\/06\/18\/swiss-cup-1-8-final-shc-bassecourt-eagles-vs-ihc-grenchen\/","url":"https:\/\/ihc-grenchen.ch\/wordpress\/index.php\/2025\/06\/18\/swiss-cup-1-8-final-shc-bassecourt-eagles-vs-ihc-grenchen\/","name":"SWISS CUP 1\/8-FINAL | SHC Bassecourt Eagles vs. IHC Grenchen - IHC Grenchen","isPartOf":{"@id":"https:\/\/ihc-grenchen.ch\/wordpress\/#website"},"datePublished":"2025-06-18T19:11:59+00:00","dateModified":"2025-08-30T22:56:14+00:00","breadcrumb":{"@id":"https:\/\/ihc-grenchen.ch\/wordpress\/index.php\/2025\/06\/18\/swiss-cup-1-8-final-shc-bassecourt-eagles-vs-ihc-grenchen\/#breadcrumb"},"inLanguage":"de-CH","potentialAction":[{"@type":"ReadAction","target":["https:\/\/ihc-grenchen.ch\/wordpress\/index.php\/2025\/06\/18\/swiss-cup-1-8-final-shc-bassecourt-eagles-vs-ihc-grenchen\/"]}]},{"@type":"BreadcrumbList","@id":"https:\/\/ihc-grenchen.ch\/wordpress\/index.php\/2025\/06\/18\/swiss-cup-1-8-final-shc-bassecourt-eagles-vs-ihc-grenchen\/#breadcrumb","itemListElement":[{"@type":"ListItem","position":1,"name":"Startseite","item":"https:\/\/ihc-grenchen.ch\/wordpress\/"},{"@type":"ListItem","position":2,"name":"SWISS CUP 1\/8-FINAL | SHC Bassecourt Eagles vs. IHC Grenchen"}]},{"@type":"WebSite","@id":"https:\/\/ihc-grenchen.ch\/wordpress\/#website","url":"https:\/\/ihc-grenchen.ch\/wordpress\/","name":"IHC Grenchen","description":"Inlinehockey Verein aus Grenchen","publisher":{"@id":"https:\/\/ihc-grenchen.ch\/wordpress\/#organization"},"potentialAction":[{"@type":"SearchAction","target":{"@type":"EntryPoint","urlTemplate":"https:\/\/ihc-grenchen.ch\/wordpress\/?s={search_term_string}"},"query-input":{"@type":"PropertyValueSpecification","valueRequired":true,"valueName":"search_term_string"}}],"inLanguage":"de-CH"},{"@type":"Organization","@id":"https:\/\/ihc-grenchen.ch\/wordpress\/#organization","name":"IHC Grenchen","url":"https:\/\/ihc-grenchen.ch\/wordpress\/","logo":{"@type":"ImageObject","inLanguage":"de-CH","@id":"https:\/\/ihc-grenchen.ch\/wordpress\/#\/schema\/logo\/image\/","url":"https:\/\/ihc-grenchen.ch\/wordpress\/wp-content\/uploads\/2023\/12\/grenchen-58d05f5f593cf-1.jpg","contentUrl":"https:\/\/ihc-grenchen.ch\/wordpress\/wp-content\/uploads\/2023\/12\/grenchen-58d05f5f593cf-1.jpg","width":200,"height":200,"caption":"IHC Grenchen"},"image":{"@id":"https:\/\/ihc-grenchen.ch\/wordpress\/#\/schema\/logo\/image\/"},"sameAs":["https:\/\/www.facebook.com\/ihcgrenchen\/","https:\/\/www.instagram.com\/ihc_grenchen\/"]},{"@type":"Person","@id":"https:\/\/ihc-grenchen.ch\/wordpress\/#\/schema\/person\/7506e61e7c8314d00626de5c2ad0c96c","name":"Nils Sterchi","image":{"@type":"ImageObject","inLanguage":"de-CH","@id":"https:\/\/secure.gravatar.com\/avatar\/9d2a4825f9663654cea9fa5415f0dbaa59575f8e1bc60c4b7ef45c473f56e9e3?s=96&d=mm&r=g","url":"https:\/\/secure.gravatar.com\/avatar\/9d2a4825f9663654cea9fa5415f0dbaa59575f8e1bc60c4b7ef45c473f56e9e3?s=96&d=mm&r=g","contentUrl":"https:\/\/secure.gravatar.com\/avatar\/9d2a4825f9663654cea9fa5415f0dbaa59575f8e1bc60c4b7ef45c473f56e9e3?s=96&d=mm&r=g","caption":"Nils Sterchi"},"sameAs":["https:\/\/ihc-grenchen.ch\/wordpress"],"url":"https:\/\/ihc-grenchen.ch\/wordpress\/index.php\/author\/nsterchi_lustzd0w\/"}]}},"jetpack_featured_media_url":"","_links":{"self":[{"href":"https:\/\/ihc-grenchen.ch\/wordpress\/index.php\/wp-json\/wp\/v2\/posts\/2013","targetHints":{"allow":["GET"]}}],"collection":[{"href":"https:\/\/ihc-grenchen.ch\/wordpress\/index.php\/wp-json\/wp\/v2\/posts"}],"about":[{"href":"https:\/\/ihc-grenchen.ch\/wordpress\/index.php\/wp-json\/wp\/v2\/types\/post"}],"author":[{"embeddable":true,"href":"https:\/\/ihc-grenchen.ch\/wordpress\/index.php\/wp-json\/wp\/v2\/users\/1"}],"replies":[{"embeddable":true,"href":"https:\/\/ihc-grenchen.ch\/wordpress\/index.php\/wp-json\/wp\/v2\/comments?post=2013"}],"version-history":[{"count":10,"href":"https:\/\/ihc-grenchen.ch\/wordpress\/index.php\/wp-json\/wp\/v2\/posts\/2013\/revisions"}],"predecessor-version":[{"id":2024,"href":"https:\/\/ihc-grenchen.ch\/wordpress\/index.php\/wp-json\/wp\/v2\/posts\/2013\/revisions\/2024"}],"wp:attachment":[{"href":"https:\/\/ihc-grenchen.ch\/wordpress\/index.php\/wp-json\/wp\/v2\/media?parent=2013"}],"wp:term":[{"taxonomy":"category","embeddable":true,"href":"https:\/\/ihc-grenchen.ch\/wordpress\/index.php\/wp-json\/wp\/v2\/categories?post=2013"},{"taxonomy":"post_tag","embeddable":true,"href":"https:\/\/ihc-grenchen.ch\/wordpress\/index.php\/wp-json\/wp\/v2\/tags?post=2013"}],"curies":[{"name":"wp","href":"https:\/\/api.w.org\/{rel}","templated":true}]}}