{"id":2028,"date":"2025-06-23T20:45:13","date_gmt":"2025-06-23T19:45:13","guid":{"rendered":"https:\/\/ihc-grenchen.ch\/wordpress\/?p=2028"},"modified":"2025-08-30T23:56:14","modified_gmt":"2025-08-30T22:56:14","slug":"nlb-spieltag-11-ihc-grenchen-vs-shc-ajoie","status":"publish","type":"post","link":"https:\/\/ihc-grenchen.ch\/wordpress\/index.php\/2025\/06\/23\/nlb-spieltag-11-ihc-grenchen-vs-shc-ajoie\/","title":{"rendered":"NLB | Spieltag 11: IHC Grenchen vs. SHC Ajoie"},"content":{"rendered":"\t\t<div data-elementor-type=\"wp-post\" data-elementor-id=\"2028\" class=\"elementor elementor-2028\">\n\t\t\t\t<div class=\"elementor-element elementor-element-5203744 e-flex e-con-boxed e-con e-parent\" data-id=\"5203744\" data-element_type=\"container\" data-e-type=\"container\">\n\t\t\t\t\t<div class=\"e-con-inner\">\n\t\t\t\t<div class=\"elementor-element elementor-element-a46235a elementor-widget elementor-widget-text-editor\" data-id=\"a46235a\" data-element_type=\"widget\" data-e-type=\"widget\" data-widget_type=\"text-editor.default\">\n\t\t\t\t<div class=\"elementor-widget-container\">\n\t\t\t\t\t\t\t\t\t<p data-start=\"46\" data-end=\"340\">Unter br\u00fctender Hitze empfingen wir am Samstag, 21. Juni, den SHC Ajoie. Mit nur zwei kompletten Linien stellte uns das schmale Kader von Trainer Iwan Sterchi vor eine Herkulesaufgabe \u2013 und die Jurassier nutzten jede unserer Unkonzentriertheiten gnadenlos aus.<\/p><p data-start=\"342\" data-end=\"701\"><strong data-start=\"342\" data-end=\"360\">Erstes Drittel<\/strong><br data-start=\"360\" data-end=\"363\" \/>Bereits nach 6:24 Minuten gerieten wir durch Baptiste Lievre 0:1 in R\u00fcckstand. Trotz zweier kleiner Strafen auf beiden Seiten fanden wir keinen Zugriff aufs Spiel. Ein Doppelschlag von Titouan Girardin (15:30) und Pierre Widmer (16:33) sowie ein weiterer Treffer von Yanis Giulieri (17:08) stellten den bitteren Pausenstand von 0:4 her.<\/p><p data-start=\"703\" data-end=\"1251\"><strong data-start=\"703\" data-end=\"722\">Zweites Drittel<\/strong><br data-start=\"722\" data-end=\"725\" \/>Kaum wieder auf dem Feld, verk\u00fcrzte Marco M\u00fcller mit einem satten Schuss zum 1:4 (20:54). Die Hoffnung w\u00e4hrte kurz: Girardin (24:10\/27:11) und Thibaut Henry (27:45) erh\u00f6hten innerhalb von drei Minuten auf 1:7. Nach einem Timeout traf Girardin in der 30. Minute erneut (1:8). Unsere Antwort folgte prompt: Marcel L\u00fcthi verk\u00fcrzte auf 2:8 (31:00) und Marco Dick verwertete zwei Minuten sp\u00e4ter zum 3:8 (33:32). Kurz vor der zweiten Sirene packte Dick noch einmal seinen Schlenzer aus und stellte auf 4:8 (39:56).<\/p><p data-start=\"1253\" data-end=\"1665\"><strong data-start=\"1253\" data-end=\"1272\">Drittes Drittel<\/strong><br data-start=\"1272\" data-end=\"1275\" \/>Die Hitze forderte ihren Tribut. Gleich nach Wiederanpfiff erh\u00f6hte Benjamin Chaboudez (41:40) auf 4:9, ehe Girardin das 4:10 markierte (42:59). Unsere Moral blieb ungebrochen: L\u00fcthi vollendete auf Pass von Mirco Hofer zum 5:10-Endstand (52:15). Trotz des deutlichen Resultats blieb die Partie jederzeit fair; insgesamt wurden lediglich sieben kleine Strafen ausgesprochen.<\/p><p data-start=\"1667\" data-end=\"1969\"><strong data-start=\"1667\" data-end=\"1676\">Fazit<\/strong><br data-start=\"1676\" data-end=\"1679\" \/>Heisse Temperaturen, ein schmales Kader und zu viele individuelle Fehler verhinderten ein besseres Ergebnis. Positiv nehmen wir mit, dass wir nie aufgaben, f\u00fcnf sehenswerte Tore erzielten und in der Schlussphase defensiv stabiler auftraten. Darauf will das Team von Iwan Sterchi aufbauen.<\/p><p data-start=\"1971\" data-end=\"2224\"><strong data-start=\"1971\" data-end=\"1983\">Ausblick<\/strong><br data-start=\"1983\" data-end=\"1986\" \/>Bereits am Mittwoch, 25. Juni, reisen wir zum Swiss-Cup-Viertelfinal nach Givisiez. Anpfiff gegen den NLA-Vertreter und aktueller Vize-Europameister SHC Givisiez ist um 20:30 Uhr. Mit k\u00fchlerem Kopf und frischer Konzentration wollen wir dort f\u00fcr die \u00dcberraschung sorgen.<\/p>\t\t\t\t\t\t\t\t<\/div>\n\t\t\t\t<\/div>\n\t\t\t\t\t<\/div>\n\t\t\t\t<\/div>\n\t\t\t\t<\/div>\n\t\t","protected":false},"excerpt":{"rendered":"<p>Unter br\u00fctender Hitze empfingen wir am Samstag, 21. Juni, den SHC Ajoie. Mit nur zwei kompletten Linien stellte uns das schmale Kader von Trainer Iwan Sterchi vor eine Herkulesaufgabe \u2013 und die Jurassier nutzten jede unserer Unkonzentriertheiten gnadenlos aus. Erstes DrittelBereits nach 6:24 Minuten gerieten wir durch Baptiste Lievre 0:1 in R\u00fcckstand. Trotz zweier kleiner [&hellip;]<\/p>\n","protected":false},"author":1,"featured_media":0,"comment_status":"closed","ping_status":"closed","sticky":false,"template":"","format":"standard","meta":{"om_disable_all_campaigns":false,"_monsterinsights_skip_tracking":false,"footnotes":""},"categories":[75,73],"tags":[],"class_list":["post-2028","post","type-post","status-publish","format-standard","hentry","category-meisterschaft-saison-2025","category-saison-2025"],"yoast_head":"<!-- This site is optimized with the Yoast SEO plugin v28.3 - https:\/\/yoast.com\/product\/yoast-seo-wordpress\/ -->\n<title>NLB | Spieltag 11: IHC Grenchen vs. SHC Ajoie - IHC Grenchen<\/title>\n<meta name=\"robots\" content=\"index, follow, max-snippet:-1, max-image-preview:large, max-video-preview:-1\" \/>\n<link rel=\"canonical\" href=\"https:\/\/ihc-grenchen.ch\/wordpress\/index.php\/2025\/06\/23\/nlb-spieltag-11-ihc-grenchen-vs-shc-ajoie\/\" \/>\n<meta property=\"og:locale\" content=\"de_DE\" \/>\n<meta property=\"og:type\" content=\"article\" \/>\n<meta property=\"og:title\" content=\"NLB | Spieltag 11: IHC Grenchen vs. SHC Ajoie - IHC Grenchen\" \/>\n<meta property=\"og:description\" content=\"Unter br\u00fctender Hitze empfingen wir am Samstag, 21. Juni, den SHC Ajoie. Mit nur zwei kompletten Linien stellte uns das schmale Kader von Trainer Iwan Sterchi vor eine Herkulesaufgabe \u2013 und die Jurassier nutzten jede unserer Unkonzentriertheiten gnadenlos aus. Erstes DrittelBereits nach 6:24 Minuten gerieten wir durch Baptiste Lievre 0:1 in R\u00fcckstand. Trotz zweier kleiner [&hellip;]\" \/>\n<meta property=\"og:url\" content=\"https:\/\/ihc-grenchen.ch\/wordpress\/index.php\/2025\/06\/23\/nlb-spieltag-11-ihc-grenchen-vs-shc-ajoie\/\" \/>\n<meta property=\"og:site_name\" content=\"IHC Grenchen\" \/>\n<meta property=\"article:publisher\" content=\"https:\/\/www.facebook.com\/ihcgrenchen\/\" \/>\n<meta property=\"article:published_time\" content=\"2025-06-23T19:45:13+00:00\" \/>\n<meta property=\"article:modified_time\" content=\"2025-08-30T22:56:14+00:00\" \/>\n<meta name=\"author\" content=\"Nils Sterchi\" \/>\n<meta name=\"twitter:card\" content=\"summary_large_image\" \/>\n<meta name=\"twitter:label1\" content=\"Verfasst von\" \/>\n\t<meta name=\"twitter:data1\" content=\"Nils Sterchi\" \/>\n\t<meta name=\"twitter:label2\" content=\"Gesch\u00e4tzte Lesezeit\" \/>\n\t<meta name=\"twitter:data2\" content=\"2\u00a0Minuten\" \/>\n<script type=\"application\/ld+json\" class=\"yoast-schema-graph\">{\"@context\":\"https:\\\/\\\/schema.org\",\"@graph\":[{\"@type\":\"Article\",\"@id\":\"https:\\\/\\\/ihc-grenchen.ch\\\/wordpress\\\/index.php\\\/2025\\\/06\\\/23\\\/nlb-spieltag-11-ihc-grenchen-vs-shc-ajoie\\\/#article\",\"isPartOf\":{\"@id\":\"https:\\\/\\\/ihc-grenchen.ch\\\/wordpress\\\/index.php\\\/2025\\\/06\\\/23\\\/nlb-spieltag-11-ihc-grenchen-vs-shc-ajoie\\\/\"},\"author\":{\"name\":\"Nils Sterchi\",\"@id\":\"https:\\\/\\\/ihc-grenchen.ch\\\/wordpress\\\/#\\\/schema\\\/person\\\/7506e61e7c8314d00626de5c2ad0c96c\"},\"headline\":\"NLB | Spieltag 11: IHC Grenchen vs. SHC Ajoie\",\"datePublished\":\"2025-06-23T19:45:13+00:00\",\"dateModified\":\"2025-08-30T22:56:14+00:00\",\"mainEntityOfPage\":{\"@id\":\"https:\\\/\\\/ihc-grenchen.ch\\\/wordpress\\\/index.php\\\/2025\\\/06\\\/23\\\/nlb-spieltag-11-ihc-grenchen-vs-shc-ajoie\\\/\"},\"wordCount\":298,\"publisher\":{\"@id\":\"https:\\\/\\\/ihc-grenchen.ch\\\/wordpress\\\/#organization\"},\"articleSection\":[\"Meisterschaft\",\"Saison 2025\"],\"inLanguage\":\"de-CH\"},{\"@type\":\"WebPage\",\"@id\":\"https:\\\/\\\/ihc-grenchen.ch\\\/wordpress\\\/index.php\\\/2025\\\/06\\\/23\\\/nlb-spieltag-11-ihc-grenchen-vs-shc-ajoie\\\/\",\"url\":\"https:\\\/\\\/ihc-grenchen.ch\\\/wordpress\\\/index.php\\\/2025\\\/06\\\/23\\\/nlb-spieltag-11-ihc-grenchen-vs-shc-ajoie\\\/\",\"name\":\"NLB | Spieltag 11: IHC Grenchen vs. SHC Ajoie - IHC Grenchen\",\"isPartOf\":{\"@id\":\"https:\\\/\\\/ihc-grenchen.ch\\\/wordpress\\\/#website\"},\"datePublished\":\"2025-06-23T19:45:13+00:00\",\"dateModified\":\"2025-08-30T22:56:14+00:00\",\"breadcrumb\":{\"@id\":\"https:\\\/\\\/ihc-grenchen.ch\\\/wordpress\\\/index.php\\\/2025\\\/06\\\/23\\\/nlb-spieltag-11-ihc-grenchen-vs-shc-ajoie\\\/#breadcrumb\"},\"inLanguage\":\"de-CH\",\"potentialAction\":[{\"@type\":\"ReadAction\",\"target\":[\"https:\\\/\\\/ihc-grenchen.ch\\\/wordpress\\\/index.php\\\/2025\\\/06\\\/23\\\/nlb-spieltag-11-ihc-grenchen-vs-shc-ajoie\\\/\"]}]},{\"@type\":\"BreadcrumbList\",\"@id\":\"https:\\\/\\\/ihc-grenchen.ch\\\/wordpress\\\/index.php\\\/2025\\\/06\\\/23\\\/nlb-spieltag-11-ihc-grenchen-vs-shc-ajoie\\\/#breadcrumb\",\"itemListElement\":[{\"@type\":\"ListItem\",\"position\":1,\"name\":\"Startseite\",\"item\":\"https:\\\/\\\/ihc-grenchen.ch\\\/wordpress\\\/\"},{\"@type\":\"ListItem\",\"position\":2,\"name\":\"NLB | Spieltag 11: IHC Grenchen vs. SHC Ajoie\"}]},{\"@type\":\"WebSite\",\"@id\":\"https:\\\/\\\/ihc-grenchen.ch\\\/wordpress\\\/#website\",\"url\":\"https:\\\/\\\/ihc-grenchen.ch\\\/wordpress\\\/\",\"name\":\"IHC Grenchen\",\"description\":\"Inlinehockey Verein aus Grenchen\",\"publisher\":{\"@id\":\"https:\\\/\\\/ihc-grenchen.ch\\\/wordpress\\\/#organization\"},\"potentialAction\":[{\"@type\":\"SearchAction\",\"target\":{\"@type\":\"EntryPoint\",\"urlTemplate\":\"https:\\\/\\\/ihc-grenchen.ch\\\/wordpress\\\/?s={search_term_string}\"},\"query-input\":{\"@type\":\"PropertyValueSpecification\",\"valueRequired\":true,\"valueName\":\"search_term_string\"}}],\"inLanguage\":\"de-CH\"},{\"@type\":\"Organization\",\"@id\":\"https:\\\/\\\/ihc-grenchen.ch\\\/wordpress\\\/#organization\",\"name\":\"IHC Grenchen\",\"url\":\"https:\\\/\\\/ihc-grenchen.ch\\\/wordpress\\\/\",\"logo\":{\"@type\":\"ImageObject\",\"inLanguage\":\"de-CH\",\"@id\":\"https:\\\/\\\/ihc-grenchen.ch\\\/wordpress\\\/#\\\/schema\\\/logo\\\/image\\\/\",\"url\":\"https:\\\/\\\/ihc-grenchen.ch\\\/wordpress\\\/wp-content\\\/uploads\\\/2023\\\/12\\\/grenchen-58d05f5f593cf-1.jpg\",\"contentUrl\":\"https:\\\/\\\/ihc-grenchen.ch\\\/wordpress\\\/wp-content\\\/uploads\\\/2023\\\/12\\\/grenchen-58d05f5f593cf-1.jpg\",\"width\":200,\"height\":200,\"caption\":\"IHC Grenchen\"},\"image\":{\"@id\":\"https:\\\/\\\/ihc-grenchen.ch\\\/wordpress\\\/#\\\/schema\\\/logo\\\/image\\\/\"},\"sameAs\":[\"https:\\\/\\\/www.facebook.com\\\/ihcgrenchen\\\/\",\"https:\\\/\\\/www.instagram.com\\\/ihc_grenchen\\\/\"]},{\"@type\":\"Person\",\"@id\":\"https:\\\/\\\/ihc-grenchen.ch\\\/wordpress\\\/#\\\/schema\\\/person\\\/7506e61e7c8314d00626de5c2ad0c96c\",\"name\":\"Nils Sterchi\",\"image\":{\"@type\":\"ImageObject\",\"inLanguage\":\"de-CH\",\"@id\":\"https:\\\/\\\/secure.gravatar.com\\\/avatar\\\/9d2a4825f9663654cea9fa5415f0dbaa59575f8e1bc60c4b7ef45c473f56e9e3?s=96&d=mm&r=g\",\"url\":\"https:\\\/\\\/secure.gravatar.com\\\/avatar\\\/9d2a4825f9663654cea9fa5415f0dbaa59575f8e1bc60c4b7ef45c473f56e9e3?s=96&d=mm&r=g\",\"contentUrl\":\"https:\\\/\\\/secure.gravatar.com\\\/avatar\\\/9d2a4825f9663654cea9fa5415f0dbaa59575f8e1bc60c4b7ef45c473f56e9e3?s=96&d=mm&r=g\",\"caption\":\"Nils Sterchi\"},\"sameAs\":[\"https:\\\/\\\/ihc-grenchen.ch\\\/wordpress\"],\"url\":\"https:\\\/\\\/ihc-grenchen.ch\\\/wordpress\\\/index.php\\\/author\\\/nsterchi_lustzd0w\\\/\"}]}<\/script>\n<!-- \/ Yoast SEO plugin. -->","yoast_head_json":{"title":"NLB | Spieltag 11: IHC Grenchen vs. SHC Ajoie - IHC Grenchen","robots":{"index":"index","follow":"follow","max-snippet":"max-snippet:-1","max-image-preview":"max-image-preview:large","max-video-preview":"max-video-preview:-1"},"canonical":"https:\/\/ihc-grenchen.ch\/wordpress\/index.php\/2025\/06\/23\/nlb-spieltag-11-ihc-grenchen-vs-shc-ajoie\/","og_locale":"de_DE","og_type":"article","og_title":"NLB | Spieltag 11: IHC Grenchen vs. SHC Ajoie - IHC Grenchen","og_description":"Unter br\u00fctender Hitze empfingen wir am Samstag, 21. Juni, den SHC Ajoie. Mit nur zwei kompletten Linien stellte uns das schmale Kader von Trainer Iwan Sterchi vor eine Herkulesaufgabe \u2013 und die Jurassier nutzten jede unserer Unkonzentriertheiten gnadenlos aus. Erstes DrittelBereits nach 6:24 Minuten gerieten wir durch Baptiste Lievre 0:1 in R\u00fcckstand. Trotz zweier kleiner [&hellip;]","og_url":"https:\/\/ihc-grenchen.ch\/wordpress\/index.php\/2025\/06\/23\/nlb-spieltag-11-ihc-grenchen-vs-shc-ajoie\/","og_site_name":"IHC Grenchen","article_publisher":"https:\/\/www.facebook.com\/ihcgrenchen\/","article_published_time":"2025-06-23T19:45:13+00:00","article_modified_time":"2025-08-30T22:56:14+00:00","author":"Nils Sterchi","twitter_card":"summary_large_image","twitter_misc":{"Verfasst von":"Nils Sterchi","Gesch\u00e4tzte Lesezeit":"2\u00a0Minuten"},"schema":{"@context":"https:\/\/schema.org","@graph":[{"@type":"Article","@id":"https:\/\/ihc-grenchen.ch\/wordpress\/index.php\/2025\/06\/23\/nlb-spieltag-11-ihc-grenchen-vs-shc-ajoie\/#article","isPartOf":{"@id":"https:\/\/ihc-grenchen.ch\/wordpress\/index.php\/2025\/06\/23\/nlb-spieltag-11-ihc-grenchen-vs-shc-ajoie\/"},"author":{"name":"Nils Sterchi","@id":"https:\/\/ihc-grenchen.ch\/wordpress\/#\/schema\/person\/7506e61e7c8314d00626de5c2ad0c96c"},"headline":"NLB | Spieltag 11: IHC Grenchen vs. SHC Ajoie","datePublished":"2025-06-23T19:45:13+00:00","dateModified":"2025-08-30T22:56:14+00:00","mainEntityOfPage":{"@id":"https:\/\/ihc-grenchen.ch\/wordpress\/index.php\/2025\/06\/23\/nlb-spieltag-11-ihc-grenchen-vs-shc-ajoie\/"},"wordCount":298,"publisher":{"@id":"https:\/\/ihc-grenchen.ch\/wordpress\/#organization"},"articleSection":["Meisterschaft","Saison 2025"],"inLanguage":"de-CH"},{"@type":"WebPage","@id":"https:\/\/ihc-grenchen.ch\/wordpress\/index.php\/2025\/06\/23\/nlb-spieltag-11-ihc-grenchen-vs-shc-ajoie\/","url":"https:\/\/ihc-grenchen.ch\/wordpress\/index.php\/2025\/06\/23\/nlb-spieltag-11-ihc-grenchen-vs-shc-ajoie\/","name":"NLB | Spieltag 11: IHC Grenchen vs. SHC Ajoie - IHC Grenchen","isPartOf":{"@id":"https:\/\/ihc-grenchen.ch\/wordpress\/#website"},"datePublished":"2025-06-23T19:45:13+00:00","dateModified":"2025-08-30T22:56:14+00:00","breadcrumb":{"@id":"https:\/\/ihc-grenchen.ch\/wordpress\/index.php\/2025\/06\/23\/nlb-spieltag-11-ihc-grenchen-vs-shc-ajoie\/#breadcrumb"},"inLanguage":"de-CH","potentialAction":[{"@type":"ReadAction","target":["https:\/\/ihc-grenchen.ch\/wordpress\/index.php\/2025\/06\/23\/nlb-spieltag-11-ihc-grenchen-vs-shc-ajoie\/"]}]},{"@type":"BreadcrumbList","@id":"https:\/\/ihc-grenchen.ch\/wordpress\/index.php\/2025\/06\/23\/nlb-spieltag-11-ihc-grenchen-vs-shc-ajoie\/#breadcrumb","itemListElement":[{"@type":"ListItem","position":1,"name":"Startseite","item":"https:\/\/ihc-grenchen.ch\/wordpress\/"},{"@type":"ListItem","position":2,"name":"NLB | Spieltag 11: IHC Grenchen vs. SHC Ajoie"}]},{"@type":"WebSite","@id":"https:\/\/ihc-grenchen.ch\/wordpress\/#website","url":"https:\/\/ihc-grenchen.ch\/wordpress\/","name":"IHC Grenchen","description":"Inlinehockey Verein aus Grenchen","publisher":{"@id":"https:\/\/ihc-grenchen.ch\/wordpress\/#organization"},"potentialAction":[{"@type":"SearchAction","target":{"@type":"EntryPoint","urlTemplate":"https:\/\/ihc-grenchen.ch\/wordpress\/?s={search_term_string}"},"query-input":{"@type":"PropertyValueSpecification","valueRequired":true,"valueName":"search_term_string"}}],"inLanguage":"de-CH"},{"@type":"Organization","@id":"https:\/\/ihc-grenchen.ch\/wordpress\/#organization","name":"IHC Grenchen","url":"https:\/\/ihc-grenchen.ch\/wordpress\/","logo":{"@type":"ImageObject","inLanguage":"de-CH","@id":"https:\/\/ihc-grenchen.ch\/wordpress\/#\/schema\/logo\/image\/","url":"https:\/\/ihc-grenchen.ch\/wordpress\/wp-content\/uploads\/2023\/12\/grenchen-58d05f5f593cf-1.jpg","contentUrl":"https:\/\/ihc-grenchen.ch\/wordpress\/wp-content\/uploads\/2023\/12\/grenchen-58d05f5f593cf-1.jpg","width":200,"height":200,"caption":"IHC Grenchen"},"image":{"@id":"https:\/\/ihc-grenchen.ch\/wordpress\/#\/schema\/logo\/image\/"},"sameAs":["https:\/\/www.facebook.com\/ihcgrenchen\/","https:\/\/www.instagram.com\/ihc_grenchen\/"]},{"@type":"Person","@id":"https:\/\/ihc-grenchen.ch\/wordpress\/#\/schema\/person\/7506e61e7c8314d00626de5c2ad0c96c","name":"Nils Sterchi","image":{"@type":"ImageObject","inLanguage":"de-CH","@id":"https:\/\/secure.gravatar.com\/avatar\/9d2a4825f9663654cea9fa5415f0dbaa59575f8e1bc60c4b7ef45c473f56e9e3?s=96&d=mm&r=g","url":"https:\/\/secure.gravatar.com\/avatar\/9d2a4825f9663654cea9fa5415f0dbaa59575f8e1bc60c4b7ef45c473f56e9e3?s=96&d=mm&r=g","contentUrl":"https:\/\/secure.gravatar.com\/avatar\/9d2a4825f9663654cea9fa5415f0dbaa59575f8e1bc60c4b7ef45c473f56e9e3?s=96&d=mm&r=g","caption":"Nils Sterchi"},"sameAs":["https:\/\/ihc-grenchen.ch\/wordpress"],"url":"https:\/\/ihc-grenchen.ch\/wordpress\/index.php\/author\/nsterchi_lustzd0w\/"}]}},"jetpack_featured_media_url":"","_links":{"self":[{"href":"https:\/\/ihc-grenchen.ch\/wordpress\/index.php\/wp-json\/wp\/v2\/posts\/2028","targetHints":{"allow":["GET"]}}],"collection":[{"href":"https:\/\/ihc-grenchen.ch\/wordpress\/index.php\/wp-json\/wp\/v2\/posts"}],"about":[{"href":"https:\/\/ihc-grenchen.ch\/wordpress\/index.php\/wp-json\/wp\/v2\/types\/post"}],"author":[{"embeddable":true,"href":"https:\/\/ihc-grenchen.ch\/wordpress\/index.php\/wp-json\/wp\/v2\/users\/1"}],"replies":[{"embeddable":true,"href":"https:\/\/ihc-grenchen.ch\/wordpress\/index.php\/wp-json\/wp\/v2\/comments?post=2028"}],"version-history":[{"count":13,"href":"https:\/\/ihc-grenchen.ch\/wordpress\/index.php\/wp-json\/wp\/v2\/posts\/2028\/revisions"}],"predecessor-version":[{"id":2046,"href":"https:\/\/ihc-grenchen.ch\/wordpress\/index.php\/wp-json\/wp\/v2\/posts\/2028\/revisions\/2046"}],"wp:attachment":[{"href":"https:\/\/ihc-grenchen.ch\/wordpress\/index.php\/wp-json\/wp\/v2\/media?parent=2028"}],"wp:term":[{"taxonomy":"category","embeddable":true,"href":"https:\/\/ihc-grenchen.ch\/wordpress\/index.php\/wp-json\/wp\/v2\/categories?post=2028"},{"taxonomy":"post_tag","embeddable":true,"href":"https:\/\/ihc-grenchen.ch\/wordpress\/index.php\/wp-json\/wp\/v2\/tags?post=2028"}],"curies":[{"name":"wp","href":"https:\/\/api.w.org\/{rel}","templated":true}]}}