{"id":2062,"date":"2025-08-15T16:25:00","date_gmt":"2025-08-15T15:25:00","guid":{"rendered":"https:\/\/ihc-grenchen.ch\/wordpress\/?p=2062"},"modified":"2025-08-30T23:56:14","modified_gmt":"2025-08-30T22:56:14","slug":"nlb-spieltag-12-shc-buix-2-vs-ihc-grenchen","status":"publish","type":"post","link":"https:\/\/ihc-grenchen.ch\/wordpress\/index.php\/2025\/08\/15\/nlb-spieltag-12-shc-buix-2-vs-ihc-grenchen\/","title":{"rendered":"NLB | Spieltag 12: SHC Buix II vs. IHC Grenchen"},"content":{"rendered":"\t\t<div data-elementor-type=\"wp-post\" data-elementor-id=\"2062\" class=\"elementor elementor-2062\">\n\t\t\t\t<div class=\"elementor-element elementor-element-1f17bec e-flex e-con-boxed e-con e-parent\" data-id=\"1f17bec\" data-element_type=\"container\" data-e-type=\"container\">\n\t\t\t\t\t<div class=\"e-con-inner\">\n\t\t\t\t<div class=\"elementor-element elementor-element-26b588e elementor-widget elementor-widget-text-editor\" data-id=\"26b588e\" data-element_type=\"widget\" data-e-type=\"widget\" data-widget_type=\"text-editor.default\">\n\t\t\t\t<div class=\"elementor-widget-container\">\n\t\t\t\t\t\t\t\t\t<p data-start=\"217\" data-end=\"271\"><strong data-start=\"217\" data-end=\"269\">SHC Buix II \u2013 IHC Grenchen 6:2 (3:1 \/ 0:1 \/ 3:0)<\/strong><\/p><p data-start=\"273\" data-end=\"535\">Das Ausw\u00e4rtsspiel am 28. Juni 2025 gegen den SHC Buix II war unser letzter Einsatz vor der Sommerpause und leider ein weiterer Tiefpunkt in unserem Negativlauf. In allen drei Dritteln erwischten wir einen unkonzentrierten Start, den Buix gnadenlos ausnutzte.<\/p><p data-start=\"537\" data-end=\"1172\"><strong data-start=\"537\" data-end=\"551\">1. Drittel<\/strong><br data-start=\"551\" data-end=\"554\" \/>Von Beginn an entwickelte sich eine hitzige und teils \u00fcberhart gef\u00fchrte Partie. Bereits nach 27 Sekunden gerieten wir mit 0:1 in R\u00fcckstand. Zwar kamen wir vereinzelt zu Abschl\u00fcssen, doch der Ausgleich wollte nicht fallen. Eine Strafe in der 15. Spielminute brachte Buix zus\u00e4tzlich in Vorteil, und nur eine Minute sp\u00e4ter erh\u00f6hten sie auf 2:0. Die Stimmung auf unserer Bank war zu diesem Zeitpunkt bereits angespannt.<br data-start=\"969\" data-end=\"972\" \/>Im Powerplay gelang uns dann zwar der Anschlusstreffer doch nur acht Sekunden sp\u00e4ter stellte Buix mit dem 3:1 den alten Abstand wieder her. Mit einem Zweitore-R\u00fcckstand ging es in die erste Pause.<\/p><p data-start=\"1174\" data-end=\"1415\"><strong data-start=\"1174\" data-end=\"1188\">2. Drittel<\/strong><br data-start=\"1188\" data-end=\"1191\" \/>Der Mittelabschnitt begann etwas strukturierter, doch Strafen brachten uns immer wieder selbst in Bedr\u00e4ngnis. In der 31. Minute gelang uns der erneute Anschlusstreffer zum 3:2, den wir bis zur zweiten Pause halten konnten.<\/p><p data-start=\"1417\" data-end=\"1821\"><strong data-start=\"1417\" data-end=\"1431\">3. Drittel<\/strong><br data-start=\"1431\" data-end=\"1434\" \/>Der Schlussabschnitt begann erneut denkbar ung\u00fcnstig: Bereits nach sechs Sekunden kassierten wir das 4:2. In den folgenden zehn Minuten sammelten beide Teams zusammen 20 Strafminuten, was den Spielfluss v\u00f6llig zerst\u00f6rte und uns keine M\u00f6glichkeit gab, noch einmal ins Spiel zu finden. Als Buix innerhalb von nur 38 Sekunden auf 5:2 und 6:2 erh\u00f6hte, war die Partie endg\u00fcltig entschieden.<\/p><p data-start=\"1823\" data-end=\"2124\">Mit dieser Niederlage setzten wir unseren Negativlauf fort und gingen in die Sommerpause mit der klaren Erkenntnis, dass wir an unseren Drittelstarts und unserer Disziplin arbeiten m\u00fcssen. Die Stimmung auf der Bank war entsprechend gedr\u00fcckt, doch die Pause bietet die Chance, uns neu zu sortieren.<\/p><p data-start=\"2126\" data-end=\"2374\"><strong data-start=\"2126\" data-end=\"2138\">Ausblick<\/strong><br data-start=\"2138\" data-end=\"2141\" \/>Am <strong data-start=\"2144\" data-end=\"2185\">Samstag, 16. August 2025 um 18:00 Uhr<\/strong> empfangen wir zuhause den <strong data-start=\"2212\" data-end=\"2226\">IHC Bienne<\/strong> in der NLB-Meisterschaft. Das gesamte Team ist fest entschlossen, den Negativtrend zu stoppen und vor eigenem Publikum wieder Punkte einzufahren.<\/p>\t\t\t\t\t\t\t\t<\/div>\n\t\t\t\t<\/div>\n\t\t\t\t\t<\/div>\n\t\t\t\t<\/div>\n\t\t\t\t<\/div>\n\t\t","protected":false},"excerpt":{"rendered":"<p>SHC Buix II \u2013 IHC Grenchen 6:2 (3:1 \/ 0:1 \/ 3:0) Das Ausw\u00e4rtsspiel am 28. Juni 2025 gegen den SHC Buix II war unser letzter Einsatz vor der Sommerpause und leider ein weiterer Tiefpunkt in unserem Negativlauf. In allen drei Dritteln erwischten wir einen unkonzentrierten Start, den Buix gnadenlos ausnutzte. 1. DrittelVon Beginn an [&hellip;]<\/p>\n","protected":false},"author":1,"featured_media":0,"comment_status":"closed","ping_status":"closed","sticky":false,"template":"","format":"standard","meta":{"om_disable_all_campaigns":false,"_monsterinsights_skip_tracking":false,"footnotes":""},"categories":[75,73],"tags":[],"class_list":["post-2062","post","type-post","status-publish","format-standard","hentry","category-meisterschaft-saison-2025","category-saison-2025"],"yoast_head":"<!-- This site is optimized with the Yoast SEO plugin v28.3 - https:\/\/yoast.com\/product\/yoast-seo-wordpress\/ -->\n<title>NLB | Spieltag 12: SHC Buix II vs. IHC Grenchen - IHC Grenchen<\/title>\n<meta name=\"robots\" content=\"index, follow, max-snippet:-1, max-image-preview:large, max-video-preview:-1\" \/>\n<link rel=\"canonical\" href=\"https:\/\/ihc-grenchen.ch\/wordpress\/index.php\/2025\/08\/15\/nlb-spieltag-12-shc-buix-2-vs-ihc-grenchen\/\" \/>\n<meta property=\"og:locale\" content=\"de_DE\" \/>\n<meta property=\"og:type\" content=\"article\" \/>\n<meta property=\"og:title\" content=\"NLB | Spieltag 12: SHC Buix II vs. IHC Grenchen - IHC Grenchen\" \/>\n<meta property=\"og:description\" content=\"SHC Buix II \u2013 IHC Grenchen 6:2 (3:1 \/ 0:1 \/ 3:0) Das Ausw\u00e4rtsspiel am 28. Juni 2025 gegen den SHC Buix II war unser letzter Einsatz vor der Sommerpause und leider ein weiterer Tiefpunkt in unserem Negativlauf. In allen drei Dritteln erwischten wir einen unkonzentrierten Start, den Buix gnadenlos ausnutzte. 1. DrittelVon Beginn an [&hellip;]\" \/>\n<meta property=\"og:url\" content=\"https:\/\/ihc-grenchen.ch\/wordpress\/index.php\/2025\/08\/15\/nlb-spieltag-12-shc-buix-2-vs-ihc-grenchen\/\" \/>\n<meta property=\"og:site_name\" content=\"IHC Grenchen\" \/>\n<meta property=\"article:publisher\" content=\"https:\/\/www.facebook.com\/ihcgrenchen\/\" \/>\n<meta property=\"article:published_time\" content=\"2025-08-15T15:25:00+00:00\" \/>\n<meta property=\"article:modified_time\" content=\"2025-08-30T22:56:14+00:00\" \/>\n<meta name=\"author\" content=\"Nils Sterchi\" \/>\n<meta name=\"twitter:card\" content=\"summary_large_image\" \/>\n<meta name=\"twitter:label1\" content=\"Verfasst von\" \/>\n\t<meta name=\"twitter:data1\" content=\"Nils Sterchi\" \/>\n\t<meta name=\"twitter:label2\" content=\"Gesch\u00e4tzte Lesezeit\" \/>\n\t<meta name=\"twitter:data2\" content=\"2\u00a0Minuten\" \/>\n<script type=\"application\/ld+json\" class=\"yoast-schema-graph\">{\"@context\":\"https:\\\/\\\/schema.org\",\"@graph\":[{\"@type\":\"Article\",\"@id\":\"https:\\\/\\\/ihc-grenchen.ch\\\/wordpress\\\/index.php\\\/2025\\\/08\\\/15\\\/nlb-spieltag-12-shc-buix-2-vs-ihc-grenchen\\\/#article\",\"isPartOf\":{\"@id\":\"https:\\\/\\\/ihc-grenchen.ch\\\/wordpress\\\/index.php\\\/2025\\\/08\\\/15\\\/nlb-spieltag-12-shc-buix-2-vs-ihc-grenchen\\\/\"},\"author\":{\"name\":\"Nils Sterchi\",\"@id\":\"https:\\\/\\\/ihc-grenchen.ch\\\/wordpress\\\/#\\\/schema\\\/person\\\/7506e61e7c8314d00626de5c2ad0c96c\"},\"headline\":\"NLB | Spieltag 12: SHC Buix II vs. IHC Grenchen\",\"datePublished\":\"2025-08-15T15:25:00+00:00\",\"dateModified\":\"2025-08-30T22:56:14+00:00\",\"mainEntityOfPage\":{\"@id\":\"https:\\\/\\\/ihc-grenchen.ch\\\/wordpress\\\/index.php\\\/2025\\\/08\\\/15\\\/nlb-spieltag-12-shc-buix-2-vs-ihc-grenchen\\\/\"},\"wordCount\":324,\"publisher\":{\"@id\":\"https:\\\/\\\/ihc-grenchen.ch\\\/wordpress\\\/#organization\"},\"articleSection\":[\"Meisterschaft\",\"Saison 2025\"],\"inLanguage\":\"de-CH\"},{\"@type\":\"WebPage\",\"@id\":\"https:\\\/\\\/ihc-grenchen.ch\\\/wordpress\\\/index.php\\\/2025\\\/08\\\/15\\\/nlb-spieltag-12-shc-buix-2-vs-ihc-grenchen\\\/\",\"url\":\"https:\\\/\\\/ihc-grenchen.ch\\\/wordpress\\\/index.php\\\/2025\\\/08\\\/15\\\/nlb-spieltag-12-shc-buix-2-vs-ihc-grenchen\\\/\",\"name\":\"NLB | Spieltag 12: SHC Buix II vs. IHC Grenchen - IHC Grenchen\",\"isPartOf\":{\"@id\":\"https:\\\/\\\/ihc-grenchen.ch\\\/wordpress\\\/#website\"},\"datePublished\":\"2025-08-15T15:25:00+00:00\",\"dateModified\":\"2025-08-30T22:56:14+00:00\",\"breadcrumb\":{\"@id\":\"https:\\\/\\\/ihc-grenchen.ch\\\/wordpress\\\/index.php\\\/2025\\\/08\\\/15\\\/nlb-spieltag-12-shc-buix-2-vs-ihc-grenchen\\\/#breadcrumb\"},\"inLanguage\":\"de-CH\",\"potentialAction\":[{\"@type\":\"ReadAction\",\"target\":[\"https:\\\/\\\/ihc-grenchen.ch\\\/wordpress\\\/index.php\\\/2025\\\/08\\\/15\\\/nlb-spieltag-12-shc-buix-2-vs-ihc-grenchen\\\/\"]}]},{\"@type\":\"BreadcrumbList\",\"@id\":\"https:\\\/\\\/ihc-grenchen.ch\\\/wordpress\\\/index.php\\\/2025\\\/08\\\/15\\\/nlb-spieltag-12-shc-buix-2-vs-ihc-grenchen\\\/#breadcrumb\",\"itemListElement\":[{\"@type\":\"ListItem\",\"position\":1,\"name\":\"Startseite\",\"item\":\"https:\\\/\\\/ihc-grenchen.ch\\\/wordpress\\\/\"},{\"@type\":\"ListItem\",\"position\":2,\"name\":\"NLB | Spieltag 12: SHC Buix II vs. IHC Grenchen\"}]},{\"@type\":\"WebSite\",\"@id\":\"https:\\\/\\\/ihc-grenchen.ch\\\/wordpress\\\/#website\",\"url\":\"https:\\\/\\\/ihc-grenchen.ch\\\/wordpress\\\/\",\"name\":\"IHC Grenchen\",\"description\":\"Inlinehockey Verein aus Grenchen\",\"publisher\":{\"@id\":\"https:\\\/\\\/ihc-grenchen.ch\\\/wordpress\\\/#organization\"},\"potentialAction\":[{\"@type\":\"SearchAction\",\"target\":{\"@type\":\"EntryPoint\",\"urlTemplate\":\"https:\\\/\\\/ihc-grenchen.ch\\\/wordpress\\\/?s={search_term_string}\"},\"query-input\":{\"@type\":\"PropertyValueSpecification\",\"valueRequired\":true,\"valueName\":\"search_term_string\"}}],\"inLanguage\":\"de-CH\"},{\"@type\":\"Organization\",\"@id\":\"https:\\\/\\\/ihc-grenchen.ch\\\/wordpress\\\/#organization\",\"name\":\"IHC Grenchen\",\"url\":\"https:\\\/\\\/ihc-grenchen.ch\\\/wordpress\\\/\",\"logo\":{\"@type\":\"ImageObject\",\"inLanguage\":\"de-CH\",\"@id\":\"https:\\\/\\\/ihc-grenchen.ch\\\/wordpress\\\/#\\\/schema\\\/logo\\\/image\\\/\",\"url\":\"https:\\\/\\\/ihc-grenchen.ch\\\/wordpress\\\/wp-content\\\/uploads\\\/2023\\\/12\\\/grenchen-58d05f5f593cf-1.jpg\",\"contentUrl\":\"https:\\\/\\\/ihc-grenchen.ch\\\/wordpress\\\/wp-content\\\/uploads\\\/2023\\\/12\\\/grenchen-58d05f5f593cf-1.jpg\",\"width\":200,\"height\":200,\"caption\":\"IHC Grenchen\"},\"image\":{\"@id\":\"https:\\\/\\\/ihc-grenchen.ch\\\/wordpress\\\/#\\\/schema\\\/logo\\\/image\\\/\"},\"sameAs\":[\"https:\\\/\\\/www.facebook.com\\\/ihcgrenchen\\\/\",\"https:\\\/\\\/www.instagram.com\\\/ihc_grenchen\\\/\"]},{\"@type\":\"Person\",\"@id\":\"https:\\\/\\\/ihc-grenchen.ch\\\/wordpress\\\/#\\\/schema\\\/person\\\/7506e61e7c8314d00626de5c2ad0c96c\",\"name\":\"Nils Sterchi\",\"image\":{\"@type\":\"ImageObject\",\"inLanguage\":\"de-CH\",\"@id\":\"https:\\\/\\\/secure.gravatar.com\\\/avatar\\\/9d2a4825f9663654cea9fa5415f0dbaa59575f8e1bc60c4b7ef45c473f56e9e3?s=96&d=mm&r=g\",\"url\":\"https:\\\/\\\/secure.gravatar.com\\\/avatar\\\/9d2a4825f9663654cea9fa5415f0dbaa59575f8e1bc60c4b7ef45c473f56e9e3?s=96&d=mm&r=g\",\"contentUrl\":\"https:\\\/\\\/secure.gravatar.com\\\/avatar\\\/9d2a4825f9663654cea9fa5415f0dbaa59575f8e1bc60c4b7ef45c473f56e9e3?s=96&d=mm&r=g\",\"caption\":\"Nils Sterchi\"},\"sameAs\":[\"https:\\\/\\\/ihc-grenchen.ch\\\/wordpress\"],\"url\":\"https:\\\/\\\/ihc-grenchen.ch\\\/wordpress\\\/index.php\\\/author\\\/nsterchi_lustzd0w\\\/\"}]}<\/script>\n<!-- \/ Yoast SEO plugin. -->","yoast_head_json":{"title":"NLB | Spieltag 12: SHC Buix II vs. IHC Grenchen - IHC Grenchen","robots":{"index":"index","follow":"follow","max-snippet":"max-snippet:-1","max-image-preview":"max-image-preview:large","max-video-preview":"max-video-preview:-1"},"canonical":"https:\/\/ihc-grenchen.ch\/wordpress\/index.php\/2025\/08\/15\/nlb-spieltag-12-shc-buix-2-vs-ihc-grenchen\/","og_locale":"de_DE","og_type":"article","og_title":"NLB | Spieltag 12: SHC Buix II vs. IHC Grenchen - IHC Grenchen","og_description":"SHC Buix II \u2013 IHC Grenchen 6:2 (3:1 \/ 0:1 \/ 3:0) Das Ausw\u00e4rtsspiel am 28. Juni 2025 gegen den SHC Buix II war unser letzter Einsatz vor der Sommerpause und leider ein weiterer Tiefpunkt in unserem Negativlauf. In allen drei Dritteln erwischten wir einen unkonzentrierten Start, den Buix gnadenlos ausnutzte. 1. DrittelVon Beginn an [&hellip;]","og_url":"https:\/\/ihc-grenchen.ch\/wordpress\/index.php\/2025\/08\/15\/nlb-spieltag-12-shc-buix-2-vs-ihc-grenchen\/","og_site_name":"IHC Grenchen","article_publisher":"https:\/\/www.facebook.com\/ihcgrenchen\/","article_published_time":"2025-08-15T15:25:00+00:00","article_modified_time":"2025-08-30T22:56:14+00:00","author":"Nils Sterchi","twitter_card":"summary_large_image","twitter_misc":{"Verfasst von":"Nils Sterchi","Gesch\u00e4tzte Lesezeit":"2\u00a0Minuten"},"schema":{"@context":"https:\/\/schema.org","@graph":[{"@type":"Article","@id":"https:\/\/ihc-grenchen.ch\/wordpress\/index.php\/2025\/08\/15\/nlb-spieltag-12-shc-buix-2-vs-ihc-grenchen\/#article","isPartOf":{"@id":"https:\/\/ihc-grenchen.ch\/wordpress\/index.php\/2025\/08\/15\/nlb-spieltag-12-shc-buix-2-vs-ihc-grenchen\/"},"author":{"name":"Nils Sterchi","@id":"https:\/\/ihc-grenchen.ch\/wordpress\/#\/schema\/person\/7506e61e7c8314d00626de5c2ad0c96c"},"headline":"NLB | Spieltag 12: SHC Buix II vs. IHC Grenchen","datePublished":"2025-08-15T15:25:00+00:00","dateModified":"2025-08-30T22:56:14+00:00","mainEntityOfPage":{"@id":"https:\/\/ihc-grenchen.ch\/wordpress\/index.php\/2025\/08\/15\/nlb-spieltag-12-shc-buix-2-vs-ihc-grenchen\/"},"wordCount":324,"publisher":{"@id":"https:\/\/ihc-grenchen.ch\/wordpress\/#organization"},"articleSection":["Meisterschaft","Saison 2025"],"inLanguage":"de-CH"},{"@type":"WebPage","@id":"https:\/\/ihc-grenchen.ch\/wordpress\/index.php\/2025\/08\/15\/nlb-spieltag-12-shc-buix-2-vs-ihc-grenchen\/","url":"https:\/\/ihc-grenchen.ch\/wordpress\/index.php\/2025\/08\/15\/nlb-spieltag-12-shc-buix-2-vs-ihc-grenchen\/","name":"NLB | Spieltag 12: SHC Buix II vs. IHC Grenchen - IHC Grenchen","isPartOf":{"@id":"https:\/\/ihc-grenchen.ch\/wordpress\/#website"},"datePublished":"2025-08-15T15:25:00+00:00","dateModified":"2025-08-30T22:56:14+00:00","breadcrumb":{"@id":"https:\/\/ihc-grenchen.ch\/wordpress\/index.php\/2025\/08\/15\/nlb-spieltag-12-shc-buix-2-vs-ihc-grenchen\/#breadcrumb"},"inLanguage":"de-CH","potentialAction":[{"@type":"ReadAction","target":["https:\/\/ihc-grenchen.ch\/wordpress\/index.php\/2025\/08\/15\/nlb-spieltag-12-shc-buix-2-vs-ihc-grenchen\/"]}]},{"@type":"BreadcrumbList","@id":"https:\/\/ihc-grenchen.ch\/wordpress\/index.php\/2025\/08\/15\/nlb-spieltag-12-shc-buix-2-vs-ihc-grenchen\/#breadcrumb","itemListElement":[{"@type":"ListItem","position":1,"name":"Startseite","item":"https:\/\/ihc-grenchen.ch\/wordpress\/"},{"@type":"ListItem","position":2,"name":"NLB | Spieltag 12: SHC Buix II vs. IHC Grenchen"}]},{"@type":"WebSite","@id":"https:\/\/ihc-grenchen.ch\/wordpress\/#website","url":"https:\/\/ihc-grenchen.ch\/wordpress\/","name":"IHC Grenchen","description":"Inlinehockey Verein aus Grenchen","publisher":{"@id":"https:\/\/ihc-grenchen.ch\/wordpress\/#organization"},"potentialAction":[{"@type":"SearchAction","target":{"@type":"EntryPoint","urlTemplate":"https:\/\/ihc-grenchen.ch\/wordpress\/?s={search_term_string}"},"query-input":{"@type":"PropertyValueSpecification","valueRequired":true,"valueName":"search_term_string"}}],"inLanguage":"de-CH"},{"@type":"Organization","@id":"https:\/\/ihc-grenchen.ch\/wordpress\/#organization","name":"IHC Grenchen","url":"https:\/\/ihc-grenchen.ch\/wordpress\/","logo":{"@type":"ImageObject","inLanguage":"de-CH","@id":"https:\/\/ihc-grenchen.ch\/wordpress\/#\/schema\/logo\/image\/","url":"https:\/\/ihc-grenchen.ch\/wordpress\/wp-content\/uploads\/2023\/12\/grenchen-58d05f5f593cf-1.jpg","contentUrl":"https:\/\/ihc-grenchen.ch\/wordpress\/wp-content\/uploads\/2023\/12\/grenchen-58d05f5f593cf-1.jpg","width":200,"height":200,"caption":"IHC Grenchen"},"image":{"@id":"https:\/\/ihc-grenchen.ch\/wordpress\/#\/schema\/logo\/image\/"},"sameAs":["https:\/\/www.facebook.com\/ihcgrenchen\/","https:\/\/www.instagram.com\/ihc_grenchen\/"]},{"@type":"Person","@id":"https:\/\/ihc-grenchen.ch\/wordpress\/#\/schema\/person\/7506e61e7c8314d00626de5c2ad0c96c","name":"Nils Sterchi","image":{"@type":"ImageObject","inLanguage":"de-CH","@id":"https:\/\/secure.gravatar.com\/avatar\/9d2a4825f9663654cea9fa5415f0dbaa59575f8e1bc60c4b7ef45c473f56e9e3?s=96&d=mm&r=g","url":"https:\/\/secure.gravatar.com\/avatar\/9d2a4825f9663654cea9fa5415f0dbaa59575f8e1bc60c4b7ef45c473f56e9e3?s=96&d=mm&r=g","contentUrl":"https:\/\/secure.gravatar.com\/avatar\/9d2a4825f9663654cea9fa5415f0dbaa59575f8e1bc60c4b7ef45c473f56e9e3?s=96&d=mm&r=g","caption":"Nils Sterchi"},"sameAs":["https:\/\/ihc-grenchen.ch\/wordpress"],"url":"https:\/\/ihc-grenchen.ch\/wordpress\/index.php\/author\/nsterchi_lustzd0w\/"}]}},"jetpack_featured_media_url":"","_links":{"self":[{"href":"https:\/\/ihc-grenchen.ch\/wordpress\/index.php\/wp-json\/wp\/v2\/posts\/2062","targetHints":{"allow":["GET"]}}],"collection":[{"href":"https:\/\/ihc-grenchen.ch\/wordpress\/index.php\/wp-json\/wp\/v2\/posts"}],"about":[{"href":"https:\/\/ihc-grenchen.ch\/wordpress\/index.php\/wp-json\/wp\/v2\/types\/post"}],"author":[{"embeddable":true,"href":"https:\/\/ihc-grenchen.ch\/wordpress\/index.php\/wp-json\/wp\/v2\/users\/1"}],"replies":[{"embeddable":true,"href":"https:\/\/ihc-grenchen.ch\/wordpress\/index.php\/wp-json\/wp\/v2\/comments?post=2062"}],"version-history":[{"count":8,"href":"https:\/\/ihc-grenchen.ch\/wordpress\/index.php\/wp-json\/wp\/v2\/posts\/2062\/revisions"}],"predecessor-version":[{"id":2071,"href":"https:\/\/ihc-grenchen.ch\/wordpress\/index.php\/wp-json\/wp\/v2\/posts\/2062\/revisions\/2071"}],"wp:attachment":[{"href":"https:\/\/ihc-grenchen.ch\/wordpress\/index.php\/wp-json\/wp\/v2\/media?parent=2062"}],"wp:term":[{"taxonomy":"category","embeddable":true,"href":"https:\/\/ihc-grenchen.ch\/wordpress\/index.php\/wp-json\/wp\/v2\/categories?post=2062"},{"taxonomy":"post_tag","embeddable":true,"href":"https:\/\/ihc-grenchen.ch\/wordpress\/index.php\/wp-json\/wp\/v2\/tags?post=2062"}],"curies":[{"name":"wp","href":"https:\/\/api.w.org\/{rel}","templated":true}]}}