{"id":2072,"date":"2025-08-22T12:10:01","date_gmt":"2025-08-22T11:10:01","guid":{"rendered":"https:\/\/ihc-grenchen.ch\/wordpress\/?p=2072"},"modified":"2025-08-30T23:56:14","modified_gmt":"2025-08-30T22:56:14","slug":"nlb-spieltag-13-ihc-grenchen-vs-ihc-bienne","status":"publish","type":"post","link":"https:\/\/ihc-grenchen.ch\/wordpress\/index.php\/2025\/08\/22\/nlb-spieltag-13-ihc-grenchen-vs-ihc-bienne\/","title":{"rendered":"NLB | Spieltag 13: IHC Grenchen vs. IHC Bienne"},"content":{"rendered":"\t\t<div data-elementor-type=\"wp-post\" data-elementor-id=\"2072\" class=\"elementor elementor-2072\">\n\t\t\t\t<div class=\"elementor-element elementor-element-34b93ac e-flex e-con-boxed e-con e-parent\" data-id=\"34b93ac\" data-element_type=\"container\" data-e-type=\"container\">\n\t\t\t\t\t<div class=\"e-con-inner\">\n\t\t\t\t<div class=\"elementor-element elementor-element-2163aac elementor-widget elementor-widget-text-editor\" data-id=\"2163aac\" data-element_type=\"widget\" data-e-type=\"widget\" data-widget_type=\"text-editor.default\">\n\t\t\t\t<div class=\"elementor-widget-container\">\n\t\t\t\t\t\t\t\t\t<p data-start=\"58\" data-end=\"99\"><strong data-start=\"58\" data-end=\"99\">Endstand: IHC Grenchen 3:8 IHC Bienne<\/strong><\/p><p data-start=\"101\" data-end=\"614\">Nach der Sommerpause wollten wir im Heimspiel gegen den IHC Bienne eine Reaktion zeigen und starteten eigentlich ordentlich in die Partie. Doch ein kurzer Moment der Unkonzentriertheit gen\u00fcgte, und die G\u00e4ste aus Bienne nutzten dies eiskalt aus: Innerhalb von nur 13 Sekunden trafen Hirt (06:41) und Kollros (06:54, Assist Vinals) zur fr\u00fchen 0:2-F\u00fchrung. Trainer Nils Sterchi (der f\u00fcr den abwesenden Iwan Sterchi \u00fcbernahm) nahm sofort ein Timeout, um uns neu zu ordnen. Zwar gelang es, das Drittel danach offener zu gestalten, doch z\u00e4hlbarer Erfolg blieb aus.<\/p><p data-start=\"616\" data-end=\"1204\">Im zweiten Drittel brachen wir v\u00f6llig ein. Bereits nach gut zwei Minuten erh\u00f6hte Gurtner auf 0:3. Eine Strafe gegen Sascha Dick brachte uns zus\u00e4tzlich in Bedr\u00e4ngnis, und Bienne legte mit drei Treffern innerhalb von nur vier Minuten (04:58 Gurtner, 06:46 Hirt, 08:42 Gurtner) gnadenlos nach \u2013 0:6. Trotz Timeout und einer hitzigen Szene mit Strafen auf beiden Seiten konnten wir das Spiel kaum beruhigen. Immerhin gelang Marco M\u00fcller nach Vorarbeit von Sascha Dick in der 10. Minute der erste Treffer f\u00fcr uns (1:6). Doch kaum Hoffnung aufkeimte, erh\u00f6hte Eggli (13:36, Assist Hirt) auf 1:7.<\/p><p data-start=\"1206\" data-end=\"1526\">Im Schlussdrittel zeigten wir nochmals Moral: Yvo Vuilleumier traf fr\u00fch (01:44, Assist Hofer) zum 2:7, ehe Marco Dick nach einem Zuspiel von Yanic Bichsel in der 9. Minute sogar auf 3:7 stellte. Doch erneut wurde jede kleine Nachl\u00e4ssigkeit bestraft \u2013 Oriental (09:34, Assist Donze) setzte mit dem 3:8 den Schlusspunkt.<\/p><p data-start=\"1528\" data-end=\"1960\">Trotz drei erzielten Treffern und einzelnen guten Phasen m\u00fcssen wir festhalten: Unsere Chancenverwertung war ungen\u00fcgend, oft spielten wir zu kompliziert und liessen die letzte Konsequenz vermissen. Bienne war in den entscheidenden Momenten abgekl\u00e4rter und nutzte unsere schwachen Phasen gnadenlos aus. Positiv bleibt, dass die Partie insgesamt fair gef\u00fchrt wurde und wir trotz der Niederlage k\u00e4mpferisch bis zum Schluss auftraten.<\/p><p data-start=\"1962\" data-end=\"2085\">Nun gilt es, die Lehren aus diesem Spiel mitzunehmen, um im n\u00e4chsten Duell wieder konstanter und effizienter aufzutreten.<\/p><p data-start=\"2087\" data-end=\"2219\"><strong data-start=\"2087\" data-end=\"2106\">N\u00e4chstes Spiel:<\/strong><br data-start=\"2106\" data-end=\"2109\" \/>Samstag, 23.08.2025, 17:00 Uhr<br data-start=\"2140\" data-end=\"2143\" \/>Ausw\u00e4rtsspiel gegen den<\/p><p data-start=\"2087\" data-end=\"2219\">SHC Novaggio Twins<br data-start=\"2185\" data-end=\"2188\" \/><br \/><\/p>\t\t\t\t\t\t\t\t<\/div>\n\t\t\t\t<\/div>\n\t\t\t\t\t<\/div>\n\t\t\t\t<\/div>\n\t\t\t\t<\/div>\n\t\t","protected":false},"excerpt":{"rendered":"<p>Endstand: IHC Grenchen 3:8 IHC Bienne Nach der Sommerpause wollten wir im Heimspiel gegen den IHC Bienne eine Reaktion zeigen und starteten eigentlich ordentlich in die Partie. Doch ein kurzer Moment der Unkonzentriertheit gen\u00fcgte, und die G\u00e4ste aus Bienne nutzten dies eiskalt aus: Innerhalb von nur 13 Sekunden trafen Hirt (06:41) und Kollros (06:54, Assist [&hellip;]<\/p>\n","protected":false},"author":1,"featured_media":0,"comment_status":"closed","ping_status":"closed","sticky":false,"template":"","format":"standard","meta":{"om_disable_all_campaigns":false,"_monsterinsights_skip_tracking":false,"footnotes":""},"categories":[75,73],"tags":[],"class_list":["post-2072","post","type-post","status-publish","format-standard","hentry","category-meisterschaft-saison-2025","category-saison-2025"],"yoast_head":"<!-- This site is optimized with the Yoast SEO plugin v28.3 - https:\/\/yoast.com\/product\/yoast-seo-wordpress\/ -->\n<title>NLB | Spieltag 13: IHC Grenchen vs. IHC Bienne - IHC Grenchen<\/title>\n<meta name=\"robots\" content=\"index, follow, max-snippet:-1, max-image-preview:large, max-video-preview:-1\" \/>\n<link rel=\"canonical\" href=\"https:\/\/ihc-grenchen.ch\/wordpress\/index.php\/2025\/08\/22\/nlb-spieltag-13-ihc-grenchen-vs-ihc-bienne\/\" \/>\n<meta property=\"og:locale\" content=\"de_DE\" \/>\n<meta property=\"og:type\" content=\"article\" \/>\n<meta property=\"og:title\" content=\"NLB | Spieltag 13: IHC Grenchen vs. IHC Bienne - IHC Grenchen\" \/>\n<meta property=\"og:description\" content=\"Endstand: IHC Grenchen 3:8 IHC Bienne Nach der Sommerpause wollten wir im Heimspiel gegen den IHC Bienne eine Reaktion zeigen und starteten eigentlich ordentlich in die Partie. Doch ein kurzer Moment der Unkonzentriertheit gen\u00fcgte, und die G\u00e4ste aus Bienne nutzten dies eiskalt aus: Innerhalb von nur 13 Sekunden trafen Hirt (06:41) und Kollros (06:54, Assist [&hellip;]\" \/>\n<meta property=\"og:url\" content=\"https:\/\/ihc-grenchen.ch\/wordpress\/index.php\/2025\/08\/22\/nlb-spieltag-13-ihc-grenchen-vs-ihc-bienne\/\" \/>\n<meta property=\"og:site_name\" content=\"IHC Grenchen\" \/>\n<meta property=\"article:publisher\" content=\"https:\/\/www.facebook.com\/ihcgrenchen\/\" \/>\n<meta property=\"article:published_time\" content=\"2025-08-22T11:10:01+00:00\" \/>\n<meta property=\"article:modified_time\" content=\"2025-08-30T22:56:14+00:00\" \/>\n<meta name=\"author\" content=\"Nils Sterchi\" \/>\n<meta name=\"twitter:card\" content=\"summary_large_image\" \/>\n<meta name=\"twitter:label1\" content=\"Verfasst von\" \/>\n\t<meta name=\"twitter:data1\" content=\"Nils Sterchi\" \/>\n\t<meta name=\"twitter:label2\" content=\"Gesch\u00e4tzte Lesezeit\" \/>\n\t<meta name=\"twitter:data2\" content=\"2\u00a0Minuten\" \/>\n<script type=\"application\/ld+json\" class=\"yoast-schema-graph\">{\"@context\":\"https:\\\/\\\/schema.org\",\"@graph\":[{\"@type\":\"Article\",\"@id\":\"https:\\\/\\\/ihc-grenchen.ch\\\/wordpress\\\/index.php\\\/2025\\\/08\\\/22\\\/nlb-spieltag-13-ihc-grenchen-vs-ihc-bienne\\\/#article\",\"isPartOf\":{\"@id\":\"https:\\\/\\\/ihc-grenchen.ch\\\/wordpress\\\/index.php\\\/2025\\\/08\\\/22\\\/nlb-spieltag-13-ihc-grenchen-vs-ihc-bienne\\\/\"},\"author\":{\"name\":\"Nils Sterchi\",\"@id\":\"https:\\\/\\\/ihc-grenchen.ch\\\/wordpress\\\/#\\\/schema\\\/person\\\/7506e61e7c8314d00626de5c2ad0c96c\"},\"headline\":\"NLB | Spieltag 13: IHC Grenchen vs. IHC Bienne\",\"datePublished\":\"2025-08-22T11:10:01+00:00\",\"dateModified\":\"2025-08-30T22:56:14+00:00\",\"mainEntityOfPage\":{\"@id\":\"https:\\\/\\\/ihc-grenchen.ch\\\/wordpress\\\/index.php\\\/2025\\\/08\\\/22\\\/nlb-spieltag-13-ihc-grenchen-vs-ihc-bienne\\\/\"},\"wordCount\":331,\"publisher\":{\"@id\":\"https:\\\/\\\/ihc-grenchen.ch\\\/wordpress\\\/#organization\"},\"articleSection\":[\"Meisterschaft\",\"Saison 2025\"],\"inLanguage\":\"de-CH\"},{\"@type\":\"WebPage\",\"@id\":\"https:\\\/\\\/ihc-grenchen.ch\\\/wordpress\\\/index.php\\\/2025\\\/08\\\/22\\\/nlb-spieltag-13-ihc-grenchen-vs-ihc-bienne\\\/\",\"url\":\"https:\\\/\\\/ihc-grenchen.ch\\\/wordpress\\\/index.php\\\/2025\\\/08\\\/22\\\/nlb-spieltag-13-ihc-grenchen-vs-ihc-bienne\\\/\",\"name\":\"NLB | Spieltag 13: IHC Grenchen vs. IHC Bienne - IHC Grenchen\",\"isPartOf\":{\"@id\":\"https:\\\/\\\/ihc-grenchen.ch\\\/wordpress\\\/#website\"},\"datePublished\":\"2025-08-22T11:10:01+00:00\",\"dateModified\":\"2025-08-30T22:56:14+00:00\",\"breadcrumb\":{\"@id\":\"https:\\\/\\\/ihc-grenchen.ch\\\/wordpress\\\/index.php\\\/2025\\\/08\\\/22\\\/nlb-spieltag-13-ihc-grenchen-vs-ihc-bienne\\\/#breadcrumb\"},\"inLanguage\":\"de-CH\",\"potentialAction\":[{\"@type\":\"ReadAction\",\"target\":[\"https:\\\/\\\/ihc-grenchen.ch\\\/wordpress\\\/index.php\\\/2025\\\/08\\\/22\\\/nlb-spieltag-13-ihc-grenchen-vs-ihc-bienne\\\/\"]}]},{\"@type\":\"BreadcrumbList\",\"@id\":\"https:\\\/\\\/ihc-grenchen.ch\\\/wordpress\\\/index.php\\\/2025\\\/08\\\/22\\\/nlb-spieltag-13-ihc-grenchen-vs-ihc-bienne\\\/#breadcrumb\",\"itemListElement\":[{\"@type\":\"ListItem\",\"position\":1,\"name\":\"Startseite\",\"item\":\"https:\\\/\\\/ihc-grenchen.ch\\\/wordpress\\\/\"},{\"@type\":\"ListItem\",\"position\":2,\"name\":\"NLB | Spieltag 13: IHC Grenchen vs. IHC Bienne\"}]},{\"@type\":\"WebSite\",\"@id\":\"https:\\\/\\\/ihc-grenchen.ch\\\/wordpress\\\/#website\",\"url\":\"https:\\\/\\\/ihc-grenchen.ch\\\/wordpress\\\/\",\"name\":\"IHC Grenchen\",\"description\":\"Inlinehockey Verein aus Grenchen\",\"publisher\":{\"@id\":\"https:\\\/\\\/ihc-grenchen.ch\\\/wordpress\\\/#organization\"},\"potentialAction\":[{\"@type\":\"SearchAction\",\"target\":{\"@type\":\"EntryPoint\",\"urlTemplate\":\"https:\\\/\\\/ihc-grenchen.ch\\\/wordpress\\\/?s={search_term_string}\"},\"query-input\":{\"@type\":\"PropertyValueSpecification\",\"valueRequired\":true,\"valueName\":\"search_term_string\"}}],\"inLanguage\":\"de-CH\"},{\"@type\":\"Organization\",\"@id\":\"https:\\\/\\\/ihc-grenchen.ch\\\/wordpress\\\/#organization\",\"name\":\"IHC Grenchen\",\"url\":\"https:\\\/\\\/ihc-grenchen.ch\\\/wordpress\\\/\",\"logo\":{\"@type\":\"ImageObject\",\"inLanguage\":\"de-CH\",\"@id\":\"https:\\\/\\\/ihc-grenchen.ch\\\/wordpress\\\/#\\\/schema\\\/logo\\\/image\\\/\",\"url\":\"https:\\\/\\\/ihc-grenchen.ch\\\/wordpress\\\/wp-content\\\/uploads\\\/2023\\\/12\\\/grenchen-58d05f5f593cf-1.jpg\",\"contentUrl\":\"https:\\\/\\\/ihc-grenchen.ch\\\/wordpress\\\/wp-content\\\/uploads\\\/2023\\\/12\\\/grenchen-58d05f5f593cf-1.jpg\",\"width\":200,\"height\":200,\"caption\":\"IHC Grenchen\"},\"image\":{\"@id\":\"https:\\\/\\\/ihc-grenchen.ch\\\/wordpress\\\/#\\\/schema\\\/logo\\\/image\\\/\"},\"sameAs\":[\"https:\\\/\\\/www.facebook.com\\\/ihcgrenchen\\\/\",\"https:\\\/\\\/www.instagram.com\\\/ihc_grenchen\\\/\"]},{\"@type\":\"Person\",\"@id\":\"https:\\\/\\\/ihc-grenchen.ch\\\/wordpress\\\/#\\\/schema\\\/person\\\/7506e61e7c8314d00626de5c2ad0c96c\",\"name\":\"Nils Sterchi\",\"image\":{\"@type\":\"ImageObject\",\"inLanguage\":\"de-CH\",\"@id\":\"https:\\\/\\\/secure.gravatar.com\\\/avatar\\\/9d2a4825f9663654cea9fa5415f0dbaa59575f8e1bc60c4b7ef45c473f56e9e3?s=96&d=mm&r=g\",\"url\":\"https:\\\/\\\/secure.gravatar.com\\\/avatar\\\/9d2a4825f9663654cea9fa5415f0dbaa59575f8e1bc60c4b7ef45c473f56e9e3?s=96&d=mm&r=g\",\"contentUrl\":\"https:\\\/\\\/secure.gravatar.com\\\/avatar\\\/9d2a4825f9663654cea9fa5415f0dbaa59575f8e1bc60c4b7ef45c473f56e9e3?s=96&d=mm&r=g\",\"caption\":\"Nils Sterchi\"},\"sameAs\":[\"https:\\\/\\\/ihc-grenchen.ch\\\/wordpress\"],\"url\":\"https:\\\/\\\/ihc-grenchen.ch\\\/wordpress\\\/index.php\\\/author\\\/nsterchi_lustzd0w\\\/\"}]}<\/script>\n<!-- \/ Yoast SEO plugin. -->","yoast_head_json":{"title":"NLB | Spieltag 13: IHC Grenchen vs. IHC Bienne - IHC Grenchen","robots":{"index":"index","follow":"follow","max-snippet":"max-snippet:-1","max-image-preview":"max-image-preview:large","max-video-preview":"max-video-preview:-1"},"canonical":"https:\/\/ihc-grenchen.ch\/wordpress\/index.php\/2025\/08\/22\/nlb-spieltag-13-ihc-grenchen-vs-ihc-bienne\/","og_locale":"de_DE","og_type":"article","og_title":"NLB | Spieltag 13: IHC Grenchen vs. IHC Bienne - IHC Grenchen","og_description":"Endstand: IHC Grenchen 3:8 IHC Bienne Nach der Sommerpause wollten wir im Heimspiel gegen den IHC Bienne eine Reaktion zeigen und starteten eigentlich ordentlich in die Partie. Doch ein kurzer Moment der Unkonzentriertheit gen\u00fcgte, und die G\u00e4ste aus Bienne nutzten dies eiskalt aus: Innerhalb von nur 13 Sekunden trafen Hirt (06:41) und Kollros (06:54, Assist [&hellip;]","og_url":"https:\/\/ihc-grenchen.ch\/wordpress\/index.php\/2025\/08\/22\/nlb-spieltag-13-ihc-grenchen-vs-ihc-bienne\/","og_site_name":"IHC Grenchen","article_publisher":"https:\/\/www.facebook.com\/ihcgrenchen\/","article_published_time":"2025-08-22T11:10:01+00:00","article_modified_time":"2025-08-30T22:56:14+00:00","author":"Nils Sterchi","twitter_card":"summary_large_image","twitter_misc":{"Verfasst von":"Nils Sterchi","Gesch\u00e4tzte Lesezeit":"2\u00a0Minuten"},"schema":{"@context":"https:\/\/schema.org","@graph":[{"@type":"Article","@id":"https:\/\/ihc-grenchen.ch\/wordpress\/index.php\/2025\/08\/22\/nlb-spieltag-13-ihc-grenchen-vs-ihc-bienne\/#article","isPartOf":{"@id":"https:\/\/ihc-grenchen.ch\/wordpress\/index.php\/2025\/08\/22\/nlb-spieltag-13-ihc-grenchen-vs-ihc-bienne\/"},"author":{"name":"Nils Sterchi","@id":"https:\/\/ihc-grenchen.ch\/wordpress\/#\/schema\/person\/7506e61e7c8314d00626de5c2ad0c96c"},"headline":"NLB | Spieltag 13: IHC Grenchen vs. IHC Bienne","datePublished":"2025-08-22T11:10:01+00:00","dateModified":"2025-08-30T22:56:14+00:00","mainEntityOfPage":{"@id":"https:\/\/ihc-grenchen.ch\/wordpress\/index.php\/2025\/08\/22\/nlb-spieltag-13-ihc-grenchen-vs-ihc-bienne\/"},"wordCount":331,"publisher":{"@id":"https:\/\/ihc-grenchen.ch\/wordpress\/#organization"},"articleSection":["Meisterschaft","Saison 2025"],"inLanguage":"de-CH"},{"@type":"WebPage","@id":"https:\/\/ihc-grenchen.ch\/wordpress\/index.php\/2025\/08\/22\/nlb-spieltag-13-ihc-grenchen-vs-ihc-bienne\/","url":"https:\/\/ihc-grenchen.ch\/wordpress\/index.php\/2025\/08\/22\/nlb-spieltag-13-ihc-grenchen-vs-ihc-bienne\/","name":"NLB | Spieltag 13: IHC Grenchen vs. IHC Bienne - IHC Grenchen","isPartOf":{"@id":"https:\/\/ihc-grenchen.ch\/wordpress\/#website"},"datePublished":"2025-08-22T11:10:01+00:00","dateModified":"2025-08-30T22:56:14+00:00","breadcrumb":{"@id":"https:\/\/ihc-grenchen.ch\/wordpress\/index.php\/2025\/08\/22\/nlb-spieltag-13-ihc-grenchen-vs-ihc-bienne\/#breadcrumb"},"inLanguage":"de-CH","potentialAction":[{"@type":"ReadAction","target":["https:\/\/ihc-grenchen.ch\/wordpress\/index.php\/2025\/08\/22\/nlb-spieltag-13-ihc-grenchen-vs-ihc-bienne\/"]}]},{"@type":"BreadcrumbList","@id":"https:\/\/ihc-grenchen.ch\/wordpress\/index.php\/2025\/08\/22\/nlb-spieltag-13-ihc-grenchen-vs-ihc-bienne\/#breadcrumb","itemListElement":[{"@type":"ListItem","position":1,"name":"Startseite","item":"https:\/\/ihc-grenchen.ch\/wordpress\/"},{"@type":"ListItem","position":2,"name":"NLB | Spieltag 13: IHC Grenchen vs. IHC Bienne"}]},{"@type":"WebSite","@id":"https:\/\/ihc-grenchen.ch\/wordpress\/#website","url":"https:\/\/ihc-grenchen.ch\/wordpress\/","name":"IHC Grenchen","description":"Inlinehockey Verein aus Grenchen","publisher":{"@id":"https:\/\/ihc-grenchen.ch\/wordpress\/#organization"},"potentialAction":[{"@type":"SearchAction","target":{"@type":"EntryPoint","urlTemplate":"https:\/\/ihc-grenchen.ch\/wordpress\/?s={search_term_string}"},"query-input":{"@type":"PropertyValueSpecification","valueRequired":true,"valueName":"search_term_string"}}],"inLanguage":"de-CH"},{"@type":"Organization","@id":"https:\/\/ihc-grenchen.ch\/wordpress\/#organization","name":"IHC Grenchen","url":"https:\/\/ihc-grenchen.ch\/wordpress\/","logo":{"@type":"ImageObject","inLanguage":"de-CH","@id":"https:\/\/ihc-grenchen.ch\/wordpress\/#\/schema\/logo\/image\/","url":"https:\/\/ihc-grenchen.ch\/wordpress\/wp-content\/uploads\/2023\/12\/grenchen-58d05f5f593cf-1.jpg","contentUrl":"https:\/\/ihc-grenchen.ch\/wordpress\/wp-content\/uploads\/2023\/12\/grenchen-58d05f5f593cf-1.jpg","width":200,"height":200,"caption":"IHC Grenchen"},"image":{"@id":"https:\/\/ihc-grenchen.ch\/wordpress\/#\/schema\/logo\/image\/"},"sameAs":["https:\/\/www.facebook.com\/ihcgrenchen\/","https:\/\/www.instagram.com\/ihc_grenchen\/"]},{"@type":"Person","@id":"https:\/\/ihc-grenchen.ch\/wordpress\/#\/schema\/person\/7506e61e7c8314d00626de5c2ad0c96c","name":"Nils Sterchi","image":{"@type":"ImageObject","inLanguage":"de-CH","@id":"https:\/\/secure.gravatar.com\/avatar\/9d2a4825f9663654cea9fa5415f0dbaa59575f8e1bc60c4b7ef45c473f56e9e3?s=96&d=mm&r=g","url":"https:\/\/secure.gravatar.com\/avatar\/9d2a4825f9663654cea9fa5415f0dbaa59575f8e1bc60c4b7ef45c473f56e9e3?s=96&d=mm&r=g","contentUrl":"https:\/\/secure.gravatar.com\/avatar\/9d2a4825f9663654cea9fa5415f0dbaa59575f8e1bc60c4b7ef45c473f56e9e3?s=96&d=mm&r=g","caption":"Nils Sterchi"},"sameAs":["https:\/\/ihc-grenchen.ch\/wordpress"],"url":"https:\/\/ihc-grenchen.ch\/wordpress\/index.php\/author\/nsterchi_lustzd0w\/"}]}},"jetpack_featured_media_url":"","_links":{"self":[{"href":"https:\/\/ihc-grenchen.ch\/wordpress\/index.php\/wp-json\/wp\/v2\/posts\/2072","targetHints":{"allow":["GET"]}}],"collection":[{"href":"https:\/\/ihc-grenchen.ch\/wordpress\/index.php\/wp-json\/wp\/v2\/posts"}],"about":[{"href":"https:\/\/ihc-grenchen.ch\/wordpress\/index.php\/wp-json\/wp\/v2\/types\/post"}],"author":[{"embeddable":true,"href":"https:\/\/ihc-grenchen.ch\/wordpress\/index.php\/wp-json\/wp\/v2\/users\/1"}],"replies":[{"embeddable":true,"href":"https:\/\/ihc-grenchen.ch\/wordpress\/index.php\/wp-json\/wp\/v2\/comments?post=2072"}],"version-history":[{"count":7,"href":"https:\/\/ihc-grenchen.ch\/wordpress\/index.php\/wp-json\/wp\/v2\/posts\/2072\/revisions"}],"predecessor-version":[{"id":2079,"href":"https:\/\/ihc-grenchen.ch\/wordpress\/index.php\/wp-json\/wp\/v2\/posts\/2072\/revisions\/2079"}],"wp:attachment":[{"href":"https:\/\/ihc-grenchen.ch\/wordpress\/index.php\/wp-json\/wp\/v2\/media?parent=2072"}],"wp:term":[{"taxonomy":"category","embeddable":true,"href":"https:\/\/ihc-grenchen.ch\/wordpress\/index.php\/wp-json\/wp\/v2\/categories?post=2072"},{"taxonomy":"post_tag","embeddable":true,"href":"https:\/\/ihc-grenchen.ch\/wordpress\/index.php\/wp-json\/wp\/v2\/tags?post=2072"}],"curies":[{"name":"wp","href":"https:\/\/api.w.org\/{rel}","templated":true}]}}