{"id":519,"date":"2022-09-26T19:57:40","date_gmt":"2022-09-26T18:57:40","guid":{"rendered":"https:\/\/ihc-grenchen.ch\/wordpress\/?p=519"},"modified":"2024-05-05T18:39:54","modified_gmt":"2024-05-05T17:39:54","slug":"spieltag-18-ihc-grenchen-vs-ihc-zofingen-black-panthers","status":"publish","type":"post","link":"https:\/\/ihc-grenchen.ch\/wordpress\/index.php\/2022\/09\/26\/spieltag-18-ihc-grenchen-vs-ihc-zofingen-black-panthers\/","title":{"rendered":"Spieltag 18: IHC Grenchen vs. IHC Zofingen Black Panthers"},"content":{"rendered":"\n<p class=\"wp-block-paragraph\">ZITTERN ANGESAGT<br>&#8212;&#8211;<br>Es war alles angerichtet. Da die\u00a0<a href=\"https:\/\/www.instagram.com\/ihc_langnau_stars_1996\/\">@ihc_langnau_stars_1996<\/a>\u00a0im Tessin unseren beiden Konkurrenten auf die Playoffs noch wichtige Punkte abnehmen konnten, h\u00e4tten wir am Sonntag gegen den\u00a0<a href=\"https:\/\/www.instagram.com\/ihczofingen\/\">@ihczofingen<\/a>\u00a0die definitive Playoffqualifikation schaffen k\u00f6nnen.<br>Am Ende kann man nun sagen &#171;h\u00e4tte, h\u00e4tte, Fahrradkette&#187;<br>&#8212;&#8211;<br>Der Start war sehr gut und wir konnten das 1. Drittel mit 3:0 gewinnen und wir dachten das Spiel sei gewonnen. Aber in der Oberen Tabellenh\u00e4lfte ist es sehr ausgeglichen und eine Spiel ist erst nach 60min zu ende und die Punkte werden erst dann verteilt. So liessen wir wieder unz\u00e4hlige Chancen liegen und liessen dem Gegner wieder zu viele Chancen gew\u00e4hren welche Sie eiskalt ausnutzten.<br>&#8212;&#8211;<br>Somit heisst es nun abwarten. Die Chancen sehen nun nicht sehr gut aus und wir m\u00fcssen nun hoffen das die beiden Tessiner Mannschaften gen\u00fcgend Punkte liegen lassen und wir unseren Vorsprung von 1 Punkt \u00fcber die Runden zu bringen.<br>Wir werden, wenn es feststeht n\u00e4chstes Wochenende, wieder informieren ob wir die Playoffs doch noch erreicht haben.<\/p>\n","protected":false},"excerpt":{"rendered":"<p>ZITTERN ANGESAGT&#8212;&#8211;Es war alles angerichtet. Da die\u00a0@ihc_langnau_stars_1996\u00a0im Tessin unseren beiden Konkurrenten auf die Playoffs noch wichtige Punkte abnehmen konnten, h\u00e4tten wir am Sonntag gegen den\u00a0@ihczofingen\u00a0die definitive Playoffqualifikation schaffen k\u00f6nnen.Am Ende kann man nun sagen &#171;h\u00e4tte, h\u00e4tte, Fahrradkette&#187;&#8212;&#8211;Der Start war sehr gut und wir konnten das 1. Drittel mit 3:0 gewinnen und wir dachten das Spiel [&hellip;]<\/p>\n","protected":false},"author":1,"featured_media":520,"comment_status":"closed","ping_status":"closed","sticky":false,"template":"","format":"standard","meta":{"om_disable_all_campaigns":false,"_monsterinsights_skip_tracking":false,"footnotes":""},"categories":[38,36],"tags":[],"class_list":["post-519","post","type-post","status-publish","format-standard","has-post-thumbnail","hentry","category-meisterschaft","category-saison-2022"],"yoast_head":"<!-- This site is optimized with the Yoast SEO plugin v28.3 - https:\/\/yoast.com\/product\/yoast-seo-wordpress\/ -->\n<title>Spieltag 18: IHC Grenchen vs. IHC Zofingen Black Panthers - IHC Grenchen<\/title>\n<meta name=\"robots\" content=\"index, follow, max-snippet:-1, max-image-preview:large, max-video-preview:-1\" \/>\n<link rel=\"canonical\" href=\"https:\/\/ihc-grenchen.ch\/wordpress\/index.php\/2022\/09\/26\/spieltag-18-ihc-grenchen-vs-ihc-zofingen-black-panthers\/\" \/>\n<meta property=\"og:locale\" content=\"de_DE\" \/>\n<meta property=\"og:type\" content=\"article\" \/>\n<meta property=\"og:title\" content=\"Spieltag 18: IHC Grenchen vs. IHC Zofingen Black Panthers - IHC Grenchen\" \/>\n<meta property=\"og:description\" content=\"ZITTERN ANGESAGT&#8212;&#8211;Es war alles angerichtet. Da die\u00a0@ihc_langnau_stars_1996\u00a0im Tessin unseren beiden Konkurrenten auf die Playoffs noch wichtige Punkte abnehmen konnten, h\u00e4tten wir am Sonntag gegen den\u00a0@ihczofingen\u00a0die definitive Playoffqualifikation schaffen k\u00f6nnen.Am Ende kann man nun sagen &#171;h\u00e4tte, h\u00e4tte, Fahrradkette&#187;&#8212;&#8211;Der Start war sehr gut und wir konnten das 1. Drittel mit 3:0 gewinnen und wir dachten das Spiel [&hellip;]\" \/>\n<meta property=\"og:url\" content=\"https:\/\/ihc-grenchen.ch\/wordpress\/index.php\/2022\/09\/26\/spieltag-18-ihc-grenchen-vs-ihc-zofingen-black-panthers\/\" \/>\n<meta property=\"og:site_name\" content=\"IHC Grenchen\" \/>\n<meta property=\"article:publisher\" content=\"https:\/\/www.facebook.com\/ihcgrenchen\/\" \/>\n<meta property=\"article:published_time\" content=\"2022-09-26T18:57:40+00:00\" \/>\n<meta property=\"article:modified_time\" content=\"2024-05-05T17:39:54+00:00\" \/>\n<meta property=\"og:image\" content=\"https:\/\/ihc-grenchen.ch\/wordpress\/wp-content\/uploads\/2022\/09\/Meisterschaft-2022.png\" \/>\n\t<meta property=\"og:image:width\" content=\"1080\" \/>\n\t<meta property=\"og:image:height\" content=\"1080\" \/>\n\t<meta property=\"og:image:type\" content=\"image\/png\" \/>\n<meta name=\"author\" content=\"Nils Sterchi\" \/>\n<meta name=\"twitter:card\" content=\"summary_large_image\" \/>\n<meta name=\"twitter:label1\" content=\"Verfasst von\" \/>\n\t<meta name=\"twitter:data1\" content=\"Nils Sterchi\" \/>\n\t<meta name=\"twitter:label2\" content=\"Gesch\u00e4tzte Lesezeit\" \/>\n\t<meta name=\"twitter:data2\" content=\"1\u00a0Minute\" \/>\n<script type=\"application\/ld+json\" class=\"yoast-schema-graph\">{\"@context\":\"https:\\\/\\\/schema.org\",\"@graph\":[{\"@type\":\"Article\",\"@id\":\"https:\\\/\\\/ihc-grenchen.ch\\\/wordpress\\\/index.php\\\/2022\\\/09\\\/26\\\/spieltag-18-ihc-grenchen-vs-ihc-zofingen-black-panthers\\\/#article\",\"isPartOf\":{\"@id\":\"https:\\\/\\\/ihc-grenchen.ch\\\/wordpress\\\/index.php\\\/2022\\\/09\\\/26\\\/spieltag-18-ihc-grenchen-vs-ihc-zofingen-black-panthers\\\/\"},\"author\":{\"name\":\"Nils Sterchi\",\"@id\":\"https:\\\/\\\/ihc-grenchen.ch\\\/wordpress\\\/#\\\/schema\\\/person\\\/7506e61e7c8314d00626de5c2ad0c96c\"},\"headline\":\"Spieltag 18: IHC Grenchen vs. IHC Zofingen Black Panthers\",\"datePublished\":\"2022-09-26T18:57:40+00:00\",\"dateModified\":\"2024-05-05T17:39:54+00:00\",\"mainEntityOfPage\":{\"@id\":\"https:\\\/\\\/ihc-grenchen.ch\\\/wordpress\\\/index.php\\\/2022\\\/09\\\/26\\\/spieltag-18-ihc-grenchen-vs-ihc-zofingen-black-panthers\\\/\"},\"wordCount\":181,\"publisher\":{\"@id\":\"https:\\\/\\\/ihc-grenchen.ch\\\/wordpress\\\/#organization\"},\"image\":{\"@id\":\"https:\\\/\\\/ihc-grenchen.ch\\\/wordpress\\\/index.php\\\/2022\\\/09\\\/26\\\/spieltag-18-ihc-grenchen-vs-ihc-zofingen-black-panthers\\\/#primaryimage\"},\"thumbnailUrl\":\"https:\\\/\\\/ihc-grenchen.ch\\\/wordpress\\\/wp-content\\\/uploads\\\/2022\\\/09\\\/Meisterschaft-2022.png\",\"articleSection\":[\"Meisterschaft\",\"Saison 2022\"],\"inLanguage\":\"de-CH\"},{\"@type\":\"WebPage\",\"@id\":\"https:\\\/\\\/ihc-grenchen.ch\\\/wordpress\\\/index.php\\\/2022\\\/09\\\/26\\\/spieltag-18-ihc-grenchen-vs-ihc-zofingen-black-panthers\\\/\",\"url\":\"https:\\\/\\\/ihc-grenchen.ch\\\/wordpress\\\/index.php\\\/2022\\\/09\\\/26\\\/spieltag-18-ihc-grenchen-vs-ihc-zofingen-black-panthers\\\/\",\"name\":\"Spieltag 18: IHC Grenchen vs. IHC Zofingen Black Panthers - IHC Grenchen\",\"isPartOf\":{\"@id\":\"https:\\\/\\\/ihc-grenchen.ch\\\/wordpress\\\/#website\"},\"primaryImageOfPage\":{\"@id\":\"https:\\\/\\\/ihc-grenchen.ch\\\/wordpress\\\/index.php\\\/2022\\\/09\\\/26\\\/spieltag-18-ihc-grenchen-vs-ihc-zofingen-black-panthers\\\/#primaryimage\"},\"image\":{\"@id\":\"https:\\\/\\\/ihc-grenchen.ch\\\/wordpress\\\/index.php\\\/2022\\\/09\\\/26\\\/spieltag-18-ihc-grenchen-vs-ihc-zofingen-black-panthers\\\/#primaryimage\"},\"thumbnailUrl\":\"https:\\\/\\\/ihc-grenchen.ch\\\/wordpress\\\/wp-content\\\/uploads\\\/2022\\\/09\\\/Meisterschaft-2022.png\",\"datePublished\":\"2022-09-26T18:57:40+00:00\",\"dateModified\":\"2024-05-05T17:39:54+00:00\",\"breadcrumb\":{\"@id\":\"https:\\\/\\\/ihc-grenchen.ch\\\/wordpress\\\/index.php\\\/2022\\\/09\\\/26\\\/spieltag-18-ihc-grenchen-vs-ihc-zofingen-black-panthers\\\/#breadcrumb\"},\"inLanguage\":\"de-CH\",\"potentialAction\":[{\"@type\":\"ReadAction\",\"target\":[\"https:\\\/\\\/ihc-grenchen.ch\\\/wordpress\\\/index.php\\\/2022\\\/09\\\/26\\\/spieltag-18-ihc-grenchen-vs-ihc-zofingen-black-panthers\\\/\"]}]},{\"@type\":\"ImageObject\",\"inLanguage\":\"de-CH\",\"@id\":\"https:\\\/\\\/ihc-grenchen.ch\\\/wordpress\\\/index.php\\\/2022\\\/09\\\/26\\\/spieltag-18-ihc-grenchen-vs-ihc-zofingen-black-panthers\\\/#primaryimage\",\"url\":\"https:\\\/\\\/ihc-grenchen.ch\\\/wordpress\\\/wp-content\\\/uploads\\\/2022\\\/09\\\/Meisterschaft-2022.png\",\"contentUrl\":\"https:\\\/\\\/ihc-grenchen.ch\\\/wordpress\\\/wp-content\\\/uploads\\\/2022\\\/09\\\/Meisterschaft-2022.png\",\"width\":1080,\"height\":1080},{\"@type\":\"BreadcrumbList\",\"@id\":\"https:\\\/\\\/ihc-grenchen.ch\\\/wordpress\\\/index.php\\\/2022\\\/09\\\/26\\\/spieltag-18-ihc-grenchen-vs-ihc-zofingen-black-panthers\\\/#breadcrumb\",\"itemListElement\":[{\"@type\":\"ListItem\",\"position\":1,\"name\":\"Startseite\",\"item\":\"https:\\\/\\\/ihc-grenchen.ch\\\/wordpress\\\/\"},{\"@type\":\"ListItem\",\"position\":2,\"name\":\"Spieltag 18: IHC Grenchen vs. IHC Zofingen Black Panthers\"}]},{\"@type\":\"WebSite\",\"@id\":\"https:\\\/\\\/ihc-grenchen.ch\\\/wordpress\\\/#website\",\"url\":\"https:\\\/\\\/ihc-grenchen.ch\\\/wordpress\\\/\",\"name\":\"IHC Grenchen\",\"description\":\"Inlinehockey Verein aus Grenchen\",\"publisher\":{\"@id\":\"https:\\\/\\\/ihc-grenchen.ch\\\/wordpress\\\/#organization\"},\"potentialAction\":[{\"@type\":\"SearchAction\",\"target\":{\"@type\":\"EntryPoint\",\"urlTemplate\":\"https:\\\/\\\/ihc-grenchen.ch\\\/wordpress\\\/?s={search_term_string}\"},\"query-input\":{\"@type\":\"PropertyValueSpecification\",\"valueRequired\":true,\"valueName\":\"search_term_string\"}}],\"inLanguage\":\"de-CH\"},{\"@type\":\"Organization\",\"@id\":\"https:\\\/\\\/ihc-grenchen.ch\\\/wordpress\\\/#organization\",\"name\":\"IHC Grenchen\",\"url\":\"https:\\\/\\\/ihc-grenchen.ch\\\/wordpress\\\/\",\"logo\":{\"@type\":\"ImageObject\",\"inLanguage\":\"de-CH\",\"@id\":\"https:\\\/\\\/ihc-grenchen.ch\\\/wordpress\\\/#\\\/schema\\\/logo\\\/image\\\/\",\"url\":\"https:\\\/\\\/ihc-grenchen.ch\\\/wordpress\\\/wp-content\\\/uploads\\\/2023\\\/12\\\/grenchen-58d05f5f593cf-1.jpg\",\"contentUrl\":\"https:\\\/\\\/ihc-grenchen.ch\\\/wordpress\\\/wp-content\\\/uploads\\\/2023\\\/12\\\/grenchen-58d05f5f593cf-1.jpg\",\"width\":200,\"height\":200,\"caption\":\"IHC Grenchen\"},\"image\":{\"@id\":\"https:\\\/\\\/ihc-grenchen.ch\\\/wordpress\\\/#\\\/schema\\\/logo\\\/image\\\/\"},\"sameAs\":[\"https:\\\/\\\/www.facebook.com\\\/ihcgrenchen\\\/\",\"https:\\\/\\\/www.instagram.com\\\/ihc_grenchen\\\/\"]},{\"@type\":\"Person\",\"@id\":\"https:\\\/\\\/ihc-grenchen.ch\\\/wordpress\\\/#\\\/schema\\\/person\\\/7506e61e7c8314d00626de5c2ad0c96c\",\"name\":\"Nils Sterchi\",\"image\":{\"@type\":\"ImageObject\",\"inLanguage\":\"de-CH\",\"@id\":\"https:\\\/\\\/secure.gravatar.com\\\/avatar\\\/9d2a4825f9663654cea9fa5415f0dbaa59575f8e1bc60c4b7ef45c473f56e9e3?s=96&d=mm&r=g\",\"url\":\"https:\\\/\\\/secure.gravatar.com\\\/avatar\\\/9d2a4825f9663654cea9fa5415f0dbaa59575f8e1bc60c4b7ef45c473f56e9e3?s=96&d=mm&r=g\",\"contentUrl\":\"https:\\\/\\\/secure.gravatar.com\\\/avatar\\\/9d2a4825f9663654cea9fa5415f0dbaa59575f8e1bc60c4b7ef45c473f56e9e3?s=96&d=mm&r=g\",\"caption\":\"Nils Sterchi\"},\"sameAs\":[\"https:\\\/\\\/ihc-grenchen.ch\\\/wordpress\"],\"url\":\"https:\\\/\\\/ihc-grenchen.ch\\\/wordpress\\\/index.php\\\/author\\\/nsterchi_lustzd0w\\\/\"}]}<\/script>\n<!-- \/ Yoast SEO plugin. -->","yoast_head_json":{"title":"Spieltag 18: IHC Grenchen vs. IHC Zofingen Black Panthers - IHC Grenchen","robots":{"index":"index","follow":"follow","max-snippet":"max-snippet:-1","max-image-preview":"max-image-preview:large","max-video-preview":"max-video-preview:-1"},"canonical":"https:\/\/ihc-grenchen.ch\/wordpress\/index.php\/2022\/09\/26\/spieltag-18-ihc-grenchen-vs-ihc-zofingen-black-panthers\/","og_locale":"de_DE","og_type":"article","og_title":"Spieltag 18: IHC Grenchen vs. IHC Zofingen Black Panthers - IHC Grenchen","og_description":"ZITTERN ANGESAGT&#8212;&#8211;Es war alles angerichtet. Da die\u00a0@ihc_langnau_stars_1996\u00a0im Tessin unseren beiden Konkurrenten auf die Playoffs noch wichtige Punkte abnehmen konnten, h\u00e4tten wir am Sonntag gegen den\u00a0@ihczofingen\u00a0die definitive Playoffqualifikation schaffen k\u00f6nnen.Am Ende kann man nun sagen &#171;h\u00e4tte, h\u00e4tte, Fahrradkette&#187;&#8212;&#8211;Der Start war sehr gut und wir konnten das 1. Drittel mit 3:0 gewinnen und wir dachten das Spiel [&hellip;]","og_url":"https:\/\/ihc-grenchen.ch\/wordpress\/index.php\/2022\/09\/26\/spieltag-18-ihc-grenchen-vs-ihc-zofingen-black-panthers\/","og_site_name":"IHC Grenchen","article_publisher":"https:\/\/www.facebook.com\/ihcgrenchen\/","article_published_time":"2022-09-26T18:57:40+00:00","article_modified_time":"2024-05-05T17:39:54+00:00","og_image":[{"width":1080,"height":1080,"url":"https:\/\/ihc-grenchen.ch\/wordpress\/wp-content\/uploads\/2022\/09\/Meisterschaft-2022.png","type":"image\/png"}],"author":"Nils Sterchi","twitter_card":"summary_large_image","twitter_misc":{"Verfasst von":"Nils Sterchi","Gesch\u00e4tzte Lesezeit":"1\u00a0Minute"},"schema":{"@context":"https:\/\/schema.org","@graph":[{"@type":"Article","@id":"https:\/\/ihc-grenchen.ch\/wordpress\/index.php\/2022\/09\/26\/spieltag-18-ihc-grenchen-vs-ihc-zofingen-black-panthers\/#article","isPartOf":{"@id":"https:\/\/ihc-grenchen.ch\/wordpress\/index.php\/2022\/09\/26\/spieltag-18-ihc-grenchen-vs-ihc-zofingen-black-panthers\/"},"author":{"name":"Nils Sterchi","@id":"https:\/\/ihc-grenchen.ch\/wordpress\/#\/schema\/person\/7506e61e7c8314d00626de5c2ad0c96c"},"headline":"Spieltag 18: IHC Grenchen vs. IHC Zofingen Black Panthers","datePublished":"2022-09-26T18:57:40+00:00","dateModified":"2024-05-05T17:39:54+00:00","mainEntityOfPage":{"@id":"https:\/\/ihc-grenchen.ch\/wordpress\/index.php\/2022\/09\/26\/spieltag-18-ihc-grenchen-vs-ihc-zofingen-black-panthers\/"},"wordCount":181,"publisher":{"@id":"https:\/\/ihc-grenchen.ch\/wordpress\/#organization"},"image":{"@id":"https:\/\/ihc-grenchen.ch\/wordpress\/index.php\/2022\/09\/26\/spieltag-18-ihc-grenchen-vs-ihc-zofingen-black-panthers\/#primaryimage"},"thumbnailUrl":"https:\/\/ihc-grenchen.ch\/wordpress\/wp-content\/uploads\/2022\/09\/Meisterschaft-2022.png","articleSection":["Meisterschaft","Saison 2022"],"inLanguage":"de-CH"},{"@type":"WebPage","@id":"https:\/\/ihc-grenchen.ch\/wordpress\/index.php\/2022\/09\/26\/spieltag-18-ihc-grenchen-vs-ihc-zofingen-black-panthers\/","url":"https:\/\/ihc-grenchen.ch\/wordpress\/index.php\/2022\/09\/26\/spieltag-18-ihc-grenchen-vs-ihc-zofingen-black-panthers\/","name":"Spieltag 18: IHC Grenchen vs. IHC Zofingen Black Panthers - IHC Grenchen","isPartOf":{"@id":"https:\/\/ihc-grenchen.ch\/wordpress\/#website"},"primaryImageOfPage":{"@id":"https:\/\/ihc-grenchen.ch\/wordpress\/index.php\/2022\/09\/26\/spieltag-18-ihc-grenchen-vs-ihc-zofingen-black-panthers\/#primaryimage"},"image":{"@id":"https:\/\/ihc-grenchen.ch\/wordpress\/index.php\/2022\/09\/26\/spieltag-18-ihc-grenchen-vs-ihc-zofingen-black-panthers\/#primaryimage"},"thumbnailUrl":"https:\/\/ihc-grenchen.ch\/wordpress\/wp-content\/uploads\/2022\/09\/Meisterschaft-2022.png","datePublished":"2022-09-26T18:57:40+00:00","dateModified":"2024-05-05T17:39:54+00:00","breadcrumb":{"@id":"https:\/\/ihc-grenchen.ch\/wordpress\/index.php\/2022\/09\/26\/spieltag-18-ihc-grenchen-vs-ihc-zofingen-black-panthers\/#breadcrumb"},"inLanguage":"de-CH","potentialAction":[{"@type":"ReadAction","target":["https:\/\/ihc-grenchen.ch\/wordpress\/index.php\/2022\/09\/26\/spieltag-18-ihc-grenchen-vs-ihc-zofingen-black-panthers\/"]}]},{"@type":"ImageObject","inLanguage":"de-CH","@id":"https:\/\/ihc-grenchen.ch\/wordpress\/index.php\/2022\/09\/26\/spieltag-18-ihc-grenchen-vs-ihc-zofingen-black-panthers\/#primaryimage","url":"https:\/\/ihc-grenchen.ch\/wordpress\/wp-content\/uploads\/2022\/09\/Meisterschaft-2022.png","contentUrl":"https:\/\/ihc-grenchen.ch\/wordpress\/wp-content\/uploads\/2022\/09\/Meisterschaft-2022.png","width":1080,"height":1080},{"@type":"BreadcrumbList","@id":"https:\/\/ihc-grenchen.ch\/wordpress\/index.php\/2022\/09\/26\/spieltag-18-ihc-grenchen-vs-ihc-zofingen-black-panthers\/#breadcrumb","itemListElement":[{"@type":"ListItem","position":1,"name":"Startseite","item":"https:\/\/ihc-grenchen.ch\/wordpress\/"},{"@type":"ListItem","position":2,"name":"Spieltag 18: IHC Grenchen vs. IHC Zofingen Black Panthers"}]},{"@type":"WebSite","@id":"https:\/\/ihc-grenchen.ch\/wordpress\/#website","url":"https:\/\/ihc-grenchen.ch\/wordpress\/","name":"IHC Grenchen","description":"Inlinehockey Verein aus Grenchen","publisher":{"@id":"https:\/\/ihc-grenchen.ch\/wordpress\/#organization"},"potentialAction":[{"@type":"SearchAction","target":{"@type":"EntryPoint","urlTemplate":"https:\/\/ihc-grenchen.ch\/wordpress\/?s={search_term_string}"},"query-input":{"@type":"PropertyValueSpecification","valueRequired":true,"valueName":"search_term_string"}}],"inLanguage":"de-CH"},{"@type":"Organization","@id":"https:\/\/ihc-grenchen.ch\/wordpress\/#organization","name":"IHC Grenchen","url":"https:\/\/ihc-grenchen.ch\/wordpress\/","logo":{"@type":"ImageObject","inLanguage":"de-CH","@id":"https:\/\/ihc-grenchen.ch\/wordpress\/#\/schema\/logo\/image\/","url":"https:\/\/ihc-grenchen.ch\/wordpress\/wp-content\/uploads\/2023\/12\/grenchen-58d05f5f593cf-1.jpg","contentUrl":"https:\/\/ihc-grenchen.ch\/wordpress\/wp-content\/uploads\/2023\/12\/grenchen-58d05f5f593cf-1.jpg","width":200,"height":200,"caption":"IHC Grenchen"},"image":{"@id":"https:\/\/ihc-grenchen.ch\/wordpress\/#\/schema\/logo\/image\/"},"sameAs":["https:\/\/www.facebook.com\/ihcgrenchen\/","https:\/\/www.instagram.com\/ihc_grenchen\/"]},{"@type":"Person","@id":"https:\/\/ihc-grenchen.ch\/wordpress\/#\/schema\/person\/7506e61e7c8314d00626de5c2ad0c96c","name":"Nils Sterchi","image":{"@type":"ImageObject","inLanguage":"de-CH","@id":"https:\/\/secure.gravatar.com\/avatar\/9d2a4825f9663654cea9fa5415f0dbaa59575f8e1bc60c4b7ef45c473f56e9e3?s=96&d=mm&r=g","url":"https:\/\/secure.gravatar.com\/avatar\/9d2a4825f9663654cea9fa5415f0dbaa59575f8e1bc60c4b7ef45c473f56e9e3?s=96&d=mm&r=g","contentUrl":"https:\/\/secure.gravatar.com\/avatar\/9d2a4825f9663654cea9fa5415f0dbaa59575f8e1bc60c4b7ef45c473f56e9e3?s=96&d=mm&r=g","caption":"Nils Sterchi"},"sameAs":["https:\/\/ihc-grenchen.ch\/wordpress"],"url":"https:\/\/ihc-grenchen.ch\/wordpress\/index.php\/author\/nsterchi_lustzd0w\/"}]}},"jetpack_featured_media_url":"https:\/\/ihc-grenchen.ch\/wordpress\/wp-content\/uploads\/2022\/09\/Meisterschaft-2022.png","_links":{"self":[{"href":"https:\/\/ihc-grenchen.ch\/wordpress\/index.php\/wp-json\/wp\/v2\/posts\/519","targetHints":{"allow":["GET"]}}],"collection":[{"href":"https:\/\/ihc-grenchen.ch\/wordpress\/index.php\/wp-json\/wp\/v2\/posts"}],"about":[{"href":"https:\/\/ihc-grenchen.ch\/wordpress\/index.php\/wp-json\/wp\/v2\/types\/post"}],"author":[{"embeddable":true,"href":"https:\/\/ihc-grenchen.ch\/wordpress\/index.php\/wp-json\/wp\/v2\/users\/1"}],"replies":[{"embeddable":true,"href":"https:\/\/ihc-grenchen.ch\/wordpress\/index.php\/wp-json\/wp\/v2\/comments?post=519"}],"version-history":[{"count":1,"href":"https:\/\/ihc-grenchen.ch\/wordpress\/index.php\/wp-json\/wp\/v2\/posts\/519\/revisions"}],"predecessor-version":[{"id":1455,"href":"https:\/\/ihc-grenchen.ch\/wordpress\/index.php\/wp-json\/wp\/v2\/posts\/519\/revisions\/1455"}],"wp:featuredmedia":[{"embeddable":true,"href":"https:\/\/ihc-grenchen.ch\/wordpress\/index.php\/wp-json\/wp\/v2\/media\/520"}],"wp:attachment":[{"href":"https:\/\/ihc-grenchen.ch\/wordpress\/index.php\/wp-json\/wp\/v2\/media?parent=519"}],"wp:term":[{"taxonomy":"category","embeddable":true,"href":"https:\/\/ihc-grenchen.ch\/wordpress\/index.php\/wp-json\/wp\/v2\/categories?post=519"},{"taxonomy":"post_tag","embeddable":true,"href":"https:\/\/ihc-grenchen.ch\/wordpress\/index.php\/wp-json\/wp\/v2\/tags?post=519"}],"curies":[{"name":"wp","href":"https:\/\/api.w.org\/{rel}","templated":true}]}}