{"id":569,"date":"2023-04-02T17:14:57","date_gmt":"2023-04-02T16:14:57","guid":{"rendered":"https:\/\/ihc-grenchen.ch\/wordpress\/?p=569"},"modified":"2024-05-05T18:39:54","modified_gmt":"2024-05-05T17:39:54","slug":"cup-2-runde-ihc-grenchen-vs-ihc-langnau-stars","status":"publish","type":"post","link":"https:\/\/ihc-grenchen.ch\/wordpress\/index.php\/2023\/04\/02\/cup-2-runde-ihc-grenchen-vs-ihc-langnau-stars\/","title":{"rendered":"CUP 2. Runde IHC Grenchen vs. IHC Langnau Stars"},"content":{"rendered":"\n<p class=\"wp-block-paragraph\">EFFIZIENTE CHANCENAUSWERTUNG<br>&#8212;&#8211;<br>Wir starteten unsere Saison im CUP zuhause gegen die&nbsp;<a href=\"https:\/\/www.instagram.com\/ihc_langnau_stars_1996\/\">@ihc_langnau_stars_1996<\/a>&nbsp;welche wir dann noch 2x in der Liga haben werden.<br>In einem Spiel das durch den Regen gebr\u00e4gt war konnten wir uns am Ende mit 5:2 durchsetzten und somit in die n\u00e4chste Runde einziehen.<br>&#8212;&#8211;<br>Der Unterschied in diesem Spiel machte definitiv die hervorragende Chancenauswertung im Powerplay. Im 1. Drittel konnten wir gl\u00fccklich 1:0 in F\u00fchrung gehen. Durch diverse Strafen welche wir uns einhandelte wurde es auch nicht einfacher. Jedoch konnten wir jede Powerplaym\u00f6glichkeit von Langnau zu nichte machen. Im 2. Drittel konnte dann kurz vor Ende Langnau das spiel zuerst ausgleichen und dann auch kurz darauf in F\u00fchrung gehen. Bei diesen 2 Toren sollte es dann f\u00fcr Langnau bleiben. Im 3. Drittel machten dann auch die Langnauer Strafen und diese konnten wir eiskalt ausn\u00fctzen und so den Ausgleich und die erneute F\u00fchrung schiessen und direkt mit 2 Toren wegziehen.<br>Das 5. Tor war dann noch ein Empty Netter zum am Ende verdienten Sieg.<br>&#8212;&#8211;<br>Wir konnten unsere Chancen effizient nutzen und alle Powerplaym\u00f6glichkeiten welche uns Langnau bot ausn\u00fctzen, so kann man auch in die Saison starten.<br>&#8212;&#8211;<br>Weiter geht es f\u00fcr uns am Dienstag, 04.04.2023 in einem weiteren Testspiel gegen die&nbsp;<a href=\"https:\/\/www.instagram.com\/gekkosinlinehockey\/\">@gekkosinlinehockey<\/a>&nbsp;welche bereits mitten in der Saison stehen und nach 3 Spielen mit einer Bilanz von 2 Siegen zu einer Niederlage da stehen. Da werden wir sicher wieder sehr stark gefordert sein.<\/p>\n","protected":false},"excerpt":{"rendered":"<p>EFFIZIENTE CHANCENAUSWERTUNG&#8212;&#8211;Wir starteten unsere Saison im CUP zuhause gegen die&nbsp;@ihc_langnau_stars_1996&nbsp;welche wir dann noch 2x in der Liga haben werden.In einem Spiel das durch den Regen gebr\u00e4gt war konnten wir uns am Ende mit 5:2 durchsetzten und somit in die n\u00e4chste Runde einziehen.&#8212;&#8211;Der Unterschied in diesem Spiel machte definitiv die hervorragende Chancenauswertung im Powerplay. Im 1. [&hellip;]<\/p>\n","protected":false},"author":1,"featured_media":570,"comment_status":"closed","ping_status":"closed","sticky":false,"template":"","format":"standard","meta":{"om_disable_all_campaigns":false,"_monsterinsights_skip_tracking":false,"footnotes":""},"categories":[45,44],"tags":[],"class_list":["post-569","post","type-post","status-publish","format-standard","has-post-thumbnail","hentry","category-cup-saison-2023","category-saison-2023"],"yoast_head":"<!-- This site is optimized with the Yoast SEO plugin v28.3 - https:\/\/yoast.com\/product\/yoast-seo-wordpress\/ -->\n<title>CUP 2. Runde IHC Grenchen vs. IHC Langnau Stars - IHC Grenchen<\/title>\n<meta name=\"robots\" content=\"index, follow, max-snippet:-1, max-image-preview:large, max-video-preview:-1\" \/>\n<link rel=\"canonical\" href=\"https:\/\/ihc-grenchen.ch\/wordpress\/index.php\/2023\/04\/02\/cup-2-runde-ihc-grenchen-vs-ihc-langnau-stars\/\" \/>\n<meta property=\"og:locale\" content=\"de_DE\" \/>\n<meta property=\"og:type\" content=\"article\" \/>\n<meta property=\"og:title\" content=\"CUP 2. Runde IHC Grenchen vs. IHC Langnau Stars - IHC Grenchen\" \/>\n<meta property=\"og:description\" content=\"EFFIZIENTE CHANCENAUSWERTUNG&#8212;&#8211;Wir starteten unsere Saison im CUP zuhause gegen die&nbsp;@ihc_langnau_stars_1996&nbsp;welche wir dann noch 2x in der Liga haben werden.In einem Spiel das durch den Regen gebr\u00e4gt war konnten wir uns am Ende mit 5:2 durchsetzten und somit in die n\u00e4chste Runde einziehen.&#8212;&#8211;Der Unterschied in diesem Spiel machte definitiv die hervorragende Chancenauswertung im Powerplay. Im 1. [&hellip;]\" \/>\n<meta property=\"og:url\" content=\"https:\/\/ihc-grenchen.ch\/wordpress\/index.php\/2023\/04\/02\/cup-2-runde-ihc-grenchen-vs-ihc-langnau-stars\/\" \/>\n<meta property=\"og:site_name\" content=\"IHC Grenchen\" \/>\n<meta property=\"article:publisher\" content=\"https:\/\/www.facebook.com\/ihcgrenchen\/\" \/>\n<meta property=\"article:published_time\" content=\"2023-04-02T16:14:57+00:00\" \/>\n<meta property=\"article:modified_time\" content=\"2024-05-05T17:39:54+00:00\" \/>\n<meta property=\"og:image\" content=\"https:\/\/ihc-grenchen.ch\/wordpress\/wp-content\/uploads\/2023\/04\/CUP_HEIM_LANGNAU_RESULTAT.png\" \/>\n\t<meta property=\"og:image:width\" content=\"1080\" \/>\n\t<meta property=\"og:image:height\" content=\"1080\" \/>\n\t<meta property=\"og:image:type\" content=\"image\/png\" \/>\n<meta name=\"author\" content=\"Nils Sterchi\" \/>\n<meta name=\"twitter:card\" content=\"summary_large_image\" \/>\n<meta name=\"twitter:label1\" content=\"Verfasst von\" \/>\n\t<meta name=\"twitter:data1\" content=\"Nils Sterchi\" \/>\n\t<meta name=\"twitter:label2\" content=\"Gesch\u00e4tzte Lesezeit\" \/>\n\t<meta name=\"twitter:data2\" content=\"1\u00a0Minute\" \/>\n<script type=\"application\/ld+json\" class=\"yoast-schema-graph\">{\"@context\":\"https:\\\/\\\/schema.org\",\"@graph\":[{\"@type\":\"Article\",\"@id\":\"https:\\\/\\\/ihc-grenchen.ch\\\/wordpress\\\/index.php\\\/2023\\\/04\\\/02\\\/cup-2-runde-ihc-grenchen-vs-ihc-langnau-stars\\\/#article\",\"isPartOf\":{\"@id\":\"https:\\\/\\\/ihc-grenchen.ch\\\/wordpress\\\/index.php\\\/2023\\\/04\\\/02\\\/cup-2-runde-ihc-grenchen-vs-ihc-langnau-stars\\\/\"},\"author\":{\"name\":\"Nils Sterchi\",\"@id\":\"https:\\\/\\\/ihc-grenchen.ch\\\/wordpress\\\/#\\\/schema\\\/person\\\/7506e61e7c8314d00626de5c2ad0c96c\"},\"headline\":\"CUP 2. Runde IHC Grenchen vs. IHC Langnau Stars\",\"datePublished\":\"2023-04-02T16:14:57+00:00\",\"dateModified\":\"2024-05-05T17:39:54+00:00\",\"mainEntityOfPage\":{\"@id\":\"https:\\\/\\\/ihc-grenchen.ch\\\/wordpress\\\/index.php\\\/2023\\\/04\\\/02\\\/cup-2-runde-ihc-grenchen-vs-ihc-langnau-stars\\\/\"},\"wordCount\":247,\"publisher\":{\"@id\":\"https:\\\/\\\/ihc-grenchen.ch\\\/wordpress\\\/#organization\"},\"image\":{\"@id\":\"https:\\\/\\\/ihc-grenchen.ch\\\/wordpress\\\/index.php\\\/2023\\\/04\\\/02\\\/cup-2-runde-ihc-grenchen-vs-ihc-langnau-stars\\\/#primaryimage\"},\"thumbnailUrl\":\"https:\\\/\\\/ihc-grenchen.ch\\\/wordpress\\\/wp-content\\\/uploads\\\/2023\\\/04\\\/CUP_HEIM_LANGNAU_RESULTAT.png\",\"articleSection\":[\"CUP\",\"Saison 2023\"],\"inLanguage\":\"de-CH\"},{\"@type\":\"WebPage\",\"@id\":\"https:\\\/\\\/ihc-grenchen.ch\\\/wordpress\\\/index.php\\\/2023\\\/04\\\/02\\\/cup-2-runde-ihc-grenchen-vs-ihc-langnau-stars\\\/\",\"url\":\"https:\\\/\\\/ihc-grenchen.ch\\\/wordpress\\\/index.php\\\/2023\\\/04\\\/02\\\/cup-2-runde-ihc-grenchen-vs-ihc-langnau-stars\\\/\",\"name\":\"CUP 2. Runde IHC Grenchen vs. IHC Langnau Stars - IHC Grenchen\",\"isPartOf\":{\"@id\":\"https:\\\/\\\/ihc-grenchen.ch\\\/wordpress\\\/#website\"},\"primaryImageOfPage\":{\"@id\":\"https:\\\/\\\/ihc-grenchen.ch\\\/wordpress\\\/index.php\\\/2023\\\/04\\\/02\\\/cup-2-runde-ihc-grenchen-vs-ihc-langnau-stars\\\/#primaryimage\"},\"image\":{\"@id\":\"https:\\\/\\\/ihc-grenchen.ch\\\/wordpress\\\/index.php\\\/2023\\\/04\\\/02\\\/cup-2-runde-ihc-grenchen-vs-ihc-langnau-stars\\\/#primaryimage\"},\"thumbnailUrl\":\"https:\\\/\\\/ihc-grenchen.ch\\\/wordpress\\\/wp-content\\\/uploads\\\/2023\\\/04\\\/CUP_HEIM_LANGNAU_RESULTAT.png\",\"datePublished\":\"2023-04-02T16:14:57+00:00\",\"dateModified\":\"2024-05-05T17:39:54+00:00\",\"breadcrumb\":{\"@id\":\"https:\\\/\\\/ihc-grenchen.ch\\\/wordpress\\\/index.php\\\/2023\\\/04\\\/02\\\/cup-2-runde-ihc-grenchen-vs-ihc-langnau-stars\\\/#breadcrumb\"},\"inLanguage\":\"de-CH\",\"potentialAction\":[{\"@type\":\"ReadAction\",\"target\":[\"https:\\\/\\\/ihc-grenchen.ch\\\/wordpress\\\/index.php\\\/2023\\\/04\\\/02\\\/cup-2-runde-ihc-grenchen-vs-ihc-langnau-stars\\\/\"]}]},{\"@type\":\"ImageObject\",\"inLanguage\":\"de-CH\",\"@id\":\"https:\\\/\\\/ihc-grenchen.ch\\\/wordpress\\\/index.php\\\/2023\\\/04\\\/02\\\/cup-2-runde-ihc-grenchen-vs-ihc-langnau-stars\\\/#primaryimage\",\"url\":\"https:\\\/\\\/ihc-grenchen.ch\\\/wordpress\\\/wp-content\\\/uploads\\\/2023\\\/04\\\/CUP_HEIM_LANGNAU_RESULTAT.png\",\"contentUrl\":\"https:\\\/\\\/ihc-grenchen.ch\\\/wordpress\\\/wp-content\\\/uploads\\\/2023\\\/04\\\/CUP_HEIM_LANGNAU_RESULTAT.png\",\"width\":1080,\"height\":1080},{\"@type\":\"BreadcrumbList\",\"@id\":\"https:\\\/\\\/ihc-grenchen.ch\\\/wordpress\\\/index.php\\\/2023\\\/04\\\/02\\\/cup-2-runde-ihc-grenchen-vs-ihc-langnau-stars\\\/#breadcrumb\",\"itemListElement\":[{\"@type\":\"ListItem\",\"position\":1,\"name\":\"Startseite\",\"item\":\"https:\\\/\\\/ihc-grenchen.ch\\\/wordpress\\\/\"},{\"@type\":\"ListItem\",\"position\":2,\"name\":\"CUP 2. Runde IHC Grenchen vs. IHC Langnau Stars\"}]},{\"@type\":\"WebSite\",\"@id\":\"https:\\\/\\\/ihc-grenchen.ch\\\/wordpress\\\/#website\",\"url\":\"https:\\\/\\\/ihc-grenchen.ch\\\/wordpress\\\/\",\"name\":\"IHC Grenchen\",\"description\":\"Inlinehockey Verein aus Grenchen\",\"publisher\":{\"@id\":\"https:\\\/\\\/ihc-grenchen.ch\\\/wordpress\\\/#organization\"},\"potentialAction\":[{\"@type\":\"SearchAction\",\"target\":{\"@type\":\"EntryPoint\",\"urlTemplate\":\"https:\\\/\\\/ihc-grenchen.ch\\\/wordpress\\\/?s={search_term_string}\"},\"query-input\":{\"@type\":\"PropertyValueSpecification\",\"valueRequired\":true,\"valueName\":\"search_term_string\"}}],\"inLanguage\":\"de-CH\"},{\"@type\":\"Organization\",\"@id\":\"https:\\\/\\\/ihc-grenchen.ch\\\/wordpress\\\/#organization\",\"name\":\"IHC Grenchen\",\"url\":\"https:\\\/\\\/ihc-grenchen.ch\\\/wordpress\\\/\",\"logo\":{\"@type\":\"ImageObject\",\"inLanguage\":\"de-CH\",\"@id\":\"https:\\\/\\\/ihc-grenchen.ch\\\/wordpress\\\/#\\\/schema\\\/logo\\\/image\\\/\",\"url\":\"https:\\\/\\\/ihc-grenchen.ch\\\/wordpress\\\/wp-content\\\/uploads\\\/2023\\\/12\\\/grenchen-58d05f5f593cf-1.jpg\",\"contentUrl\":\"https:\\\/\\\/ihc-grenchen.ch\\\/wordpress\\\/wp-content\\\/uploads\\\/2023\\\/12\\\/grenchen-58d05f5f593cf-1.jpg\",\"width\":200,\"height\":200,\"caption\":\"IHC Grenchen\"},\"image\":{\"@id\":\"https:\\\/\\\/ihc-grenchen.ch\\\/wordpress\\\/#\\\/schema\\\/logo\\\/image\\\/\"},\"sameAs\":[\"https:\\\/\\\/www.facebook.com\\\/ihcgrenchen\\\/\",\"https:\\\/\\\/www.instagram.com\\\/ihc_grenchen\\\/\"]},{\"@type\":\"Person\",\"@id\":\"https:\\\/\\\/ihc-grenchen.ch\\\/wordpress\\\/#\\\/schema\\\/person\\\/7506e61e7c8314d00626de5c2ad0c96c\",\"name\":\"Nils Sterchi\",\"image\":{\"@type\":\"ImageObject\",\"inLanguage\":\"de-CH\",\"@id\":\"https:\\\/\\\/secure.gravatar.com\\\/avatar\\\/9d2a4825f9663654cea9fa5415f0dbaa59575f8e1bc60c4b7ef45c473f56e9e3?s=96&d=mm&r=g\",\"url\":\"https:\\\/\\\/secure.gravatar.com\\\/avatar\\\/9d2a4825f9663654cea9fa5415f0dbaa59575f8e1bc60c4b7ef45c473f56e9e3?s=96&d=mm&r=g\",\"contentUrl\":\"https:\\\/\\\/secure.gravatar.com\\\/avatar\\\/9d2a4825f9663654cea9fa5415f0dbaa59575f8e1bc60c4b7ef45c473f56e9e3?s=96&d=mm&r=g\",\"caption\":\"Nils Sterchi\"},\"sameAs\":[\"https:\\\/\\\/ihc-grenchen.ch\\\/wordpress\"],\"url\":\"https:\\\/\\\/ihc-grenchen.ch\\\/wordpress\\\/index.php\\\/author\\\/nsterchi_lustzd0w\\\/\"}]}<\/script>\n<!-- \/ Yoast SEO plugin. -->","yoast_head_json":{"title":"CUP 2. Runde IHC Grenchen vs. IHC Langnau Stars - IHC Grenchen","robots":{"index":"index","follow":"follow","max-snippet":"max-snippet:-1","max-image-preview":"max-image-preview:large","max-video-preview":"max-video-preview:-1"},"canonical":"https:\/\/ihc-grenchen.ch\/wordpress\/index.php\/2023\/04\/02\/cup-2-runde-ihc-grenchen-vs-ihc-langnau-stars\/","og_locale":"de_DE","og_type":"article","og_title":"CUP 2. Runde IHC Grenchen vs. IHC Langnau Stars - IHC Grenchen","og_description":"EFFIZIENTE CHANCENAUSWERTUNG&#8212;&#8211;Wir starteten unsere Saison im CUP zuhause gegen die&nbsp;@ihc_langnau_stars_1996&nbsp;welche wir dann noch 2x in der Liga haben werden.In einem Spiel das durch den Regen gebr\u00e4gt war konnten wir uns am Ende mit 5:2 durchsetzten und somit in die n\u00e4chste Runde einziehen.&#8212;&#8211;Der Unterschied in diesem Spiel machte definitiv die hervorragende Chancenauswertung im Powerplay. Im 1. [&hellip;]","og_url":"https:\/\/ihc-grenchen.ch\/wordpress\/index.php\/2023\/04\/02\/cup-2-runde-ihc-grenchen-vs-ihc-langnau-stars\/","og_site_name":"IHC Grenchen","article_publisher":"https:\/\/www.facebook.com\/ihcgrenchen\/","article_published_time":"2023-04-02T16:14:57+00:00","article_modified_time":"2024-05-05T17:39:54+00:00","og_image":[{"width":1080,"height":1080,"url":"https:\/\/ihc-grenchen.ch\/wordpress\/wp-content\/uploads\/2023\/04\/CUP_HEIM_LANGNAU_RESULTAT.png","type":"image\/png"}],"author":"Nils Sterchi","twitter_card":"summary_large_image","twitter_misc":{"Verfasst von":"Nils Sterchi","Gesch\u00e4tzte Lesezeit":"1\u00a0Minute"},"schema":{"@context":"https:\/\/schema.org","@graph":[{"@type":"Article","@id":"https:\/\/ihc-grenchen.ch\/wordpress\/index.php\/2023\/04\/02\/cup-2-runde-ihc-grenchen-vs-ihc-langnau-stars\/#article","isPartOf":{"@id":"https:\/\/ihc-grenchen.ch\/wordpress\/index.php\/2023\/04\/02\/cup-2-runde-ihc-grenchen-vs-ihc-langnau-stars\/"},"author":{"name":"Nils Sterchi","@id":"https:\/\/ihc-grenchen.ch\/wordpress\/#\/schema\/person\/7506e61e7c8314d00626de5c2ad0c96c"},"headline":"CUP 2. Runde IHC Grenchen vs. IHC Langnau Stars","datePublished":"2023-04-02T16:14:57+00:00","dateModified":"2024-05-05T17:39:54+00:00","mainEntityOfPage":{"@id":"https:\/\/ihc-grenchen.ch\/wordpress\/index.php\/2023\/04\/02\/cup-2-runde-ihc-grenchen-vs-ihc-langnau-stars\/"},"wordCount":247,"publisher":{"@id":"https:\/\/ihc-grenchen.ch\/wordpress\/#organization"},"image":{"@id":"https:\/\/ihc-grenchen.ch\/wordpress\/index.php\/2023\/04\/02\/cup-2-runde-ihc-grenchen-vs-ihc-langnau-stars\/#primaryimage"},"thumbnailUrl":"https:\/\/ihc-grenchen.ch\/wordpress\/wp-content\/uploads\/2023\/04\/CUP_HEIM_LANGNAU_RESULTAT.png","articleSection":["CUP","Saison 2023"],"inLanguage":"de-CH"},{"@type":"WebPage","@id":"https:\/\/ihc-grenchen.ch\/wordpress\/index.php\/2023\/04\/02\/cup-2-runde-ihc-grenchen-vs-ihc-langnau-stars\/","url":"https:\/\/ihc-grenchen.ch\/wordpress\/index.php\/2023\/04\/02\/cup-2-runde-ihc-grenchen-vs-ihc-langnau-stars\/","name":"CUP 2. Runde IHC Grenchen vs. IHC Langnau Stars - IHC Grenchen","isPartOf":{"@id":"https:\/\/ihc-grenchen.ch\/wordpress\/#website"},"primaryImageOfPage":{"@id":"https:\/\/ihc-grenchen.ch\/wordpress\/index.php\/2023\/04\/02\/cup-2-runde-ihc-grenchen-vs-ihc-langnau-stars\/#primaryimage"},"image":{"@id":"https:\/\/ihc-grenchen.ch\/wordpress\/index.php\/2023\/04\/02\/cup-2-runde-ihc-grenchen-vs-ihc-langnau-stars\/#primaryimage"},"thumbnailUrl":"https:\/\/ihc-grenchen.ch\/wordpress\/wp-content\/uploads\/2023\/04\/CUP_HEIM_LANGNAU_RESULTAT.png","datePublished":"2023-04-02T16:14:57+00:00","dateModified":"2024-05-05T17:39:54+00:00","breadcrumb":{"@id":"https:\/\/ihc-grenchen.ch\/wordpress\/index.php\/2023\/04\/02\/cup-2-runde-ihc-grenchen-vs-ihc-langnau-stars\/#breadcrumb"},"inLanguage":"de-CH","potentialAction":[{"@type":"ReadAction","target":["https:\/\/ihc-grenchen.ch\/wordpress\/index.php\/2023\/04\/02\/cup-2-runde-ihc-grenchen-vs-ihc-langnau-stars\/"]}]},{"@type":"ImageObject","inLanguage":"de-CH","@id":"https:\/\/ihc-grenchen.ch\/wordpress\/index.php\/2023\/04\/02\/cup-2-runde-ihc-grenchen-vs-ihc-langnau-stars\/#primaryimage","url":"https:\/\/ihc-grenchen.ch\/wordpress\/wp-content\/uploads\/2023\/04\/CUP_HEIM_LANGNAU_RESULTAT.png","contentUrl":"https:\/\/ihc-grenchen.ch\/wordpress\/wp-content\/uploads\/2023\/04\/CUP_HEIM_LANGNAU_RESULTAT.png","width":1080,"height":1080},{"@type":"BreadcrumbList","@id":"https:\/\/ihc-grenchen.ch\/wordpress\/index.php\/2023\/04\/02\/cup-2-runde-ihc-grenchen-vs-ihc-langnau-stars\/#breadcrumb","itemListElement":[{"@type":"ListItem","position":1,"name":"Startseite","item":"https:\/\/ihc-grenchen.ch\/wordpress\/"},{"@type":"ListItem","position":2,"name":"CUP 2. Runde IHC Grenchen vs. IHC Langnau Stars"}]},{"@type":"WebSite","@id":"https:\/\/ihc-grenchen.ch\/wordpress\/#website","url":"https:\/\/ihc-grenchen.ch\/wordpress\/","name":"IHC Grenchen","description":"Inlinehockey Verein aus Grenchen","publisher":{"@id":"https:\/\/ihc-grenchen.ch\/wordpress\/#organization"},"potentialAction":[{"@type":"SearchAction","target":{"@type":"EntryPoint","urlTemplate":"https:\/\/ihc-grenchen.ch\/wordpress\/?s={search_term_string}"},"query-input":{"@type":"PropertyValueSpecification","valueRequired":true,"valueName":"search_term_string"}}],"inLanguage":"de-CH"},{"@type":"Organization","@id":"https:\/\/ihc-grenchen.ch\/wordpress\/#organization","name":"IHC Grenchen","url":"https:\/\/ihc-grenchen.ch\/wordpress\/","logo":{"@type":"ImageObject","inLanguage":"de-CH","@id":"https:\/\/ihc-grenchen.ch\/wordpress\/#\/schema\/logo\/image\/","url":"https:\/\/ihc-grenchen.ch\/wordpress\/wp-content\/uploads\/2023\/12\/grenchen-58d05f5f593cf-1.jpg","contentUrl":"https:\/\/ihc-grenchen.ch\/wordpress\/wp-content\/uploads\/2023\/12\/grenchen-58d05f5f593cf-1.jpg","width":200,"height":200,"caption":"IHC Grenchen"},"image":{"@id":"https:\/\/ihc-grenchen.ch\/wordpress\/#\/schema\/logo\/image\/"},"sameAs":["https:\/\/www.facebook.com\/ihcgrenchen\/","https:\/\/www.instagram.com\/ihc_grenchen\/"]},{"@type":"Person","@id":"https:\/\/ihc-grenchen.ch\/wordpress\/#\/schema\/person\/7506e61e7c8314d00626de5c2ad0c96c","name":"Nils Sterchi","image":{"@type":"ImageObject","inLanguage":"de-CH","@id":"https:\/\/secure.gravatar.com\/avatar\/9d2a4825f9663654cea9fa5415f0dbaa59575f8e1bc60c4b7ef45c473f56e9e3?s=96&d=mm&r=g","url":"https:\/\/secure.gravatar.com\/avatar\/9d2a4825f9663654cea9fa5415f0dbaa59575f8e1bc60c4b7ef45c473f56e9e3?s=96&d=mm&r=g","contentUrl":"https:\/\/secure.gravatar.com\/avatar\/9d2a4825f9663654cea9fa5415f0dbaa59575f8e1bc60c4b7ef45c473f56e9e3?s=96&d=mm&r=g","caption":"Nils Sterchi"},"sameAs":["https:\/\/ihc-grenchen.ch\/wordpress"],"url":"https:\/\/ihc-grenchen.ch\/wordpress\/index.php\/author\/nsterchi_lustzd0w\/"}]}},"jetpack_featured_media_url":"https:\/\/ihc-grenchen.ch\/wordpress\/wp-content\/uploads\/2023\/04\/CUP_HEIM_LANGNAU_RESULTAT.png","_links":{"self":[{"href":"https:\/\/ihc-grenchen.ch\/wordpress\/index.php\/wp-json\/wp\/v2\/posts\/569","targetHints":{"allow":["GET"]}}],"collection":[{"href":"https:\/\/ihc-grenchen.ch\/wordpress\/index.php\/wp-json\/wp\/v2\/posts"}],"about":[{"href":"https:\/\/ihc-grenchen.ch\/wordpress\/index.php\/wp-json\/wp\/v2\/types\/post"}],"author":[{"embeddable":true,"href":"https:\/\/ihc-grenchen.ch\/wordpress\/index.php\/wp-json\/wp\/v2\/users\/1"}],"replies":[{"embeddable":true,"href":"https:\/\/ihc-grenchen.ch\/wordpress\/index.php\/wp-json\/wp\/v2\/comments?post=569"}],"version-history":[{"count":1,"href":"https:\/\/ihc-grenchen.ch\/wordpress\/index.php\/wp-json\/wp\/v2\/posts\/569\/revisions"}],"predecessor-version":[{"id":1454,"href":"https:\/\/ihc-grenchen.ch\/wordpress\/index.php\/wp-json\/wp\/v2\/posts\/569\/revisions\/1454"}],"wp:featuredmedia":[{"embeddable":true,"href":"https:\/\/ihc-grenchen.ch\/wordpress\/index.php\/wp-json\/wp\/v2\/media\/570"}],"wp:attachment":[{"href":"https:\/\/ihc-grenchen.ch\/wordpress\/index.php\/wp-json\/wp\/v2\/media?parent=569"}],"wp:term":[{"taxonomy":"category","embeddable":true,"href":"https:\/\/ihc-grenchen.ch\/wordpress\/index.php\/wp-json\/wp\/v2\/categories?post=569"},{"taxonomy":"post_tag","embeddable":true,"href":"https:\/\/ihc-grenchen.ch\/wordpress\/index.php\/wp-json\/wp\/v2\/tags?post=569"}],"curies":[{"name":"wp","href":"https:\/\/api.w.org\/{rel}","templated":true}]}}