{"id":580,"date":"2023-05-18T13:46:43","date_gmt":"2023-05-18T12:46:43","guid":{"rendered":"https:\/\/ihc-grenchen.ch\/wordpress\/?p=580"},"modified":"2024-05-05T18:39:54","modified_gmt":"2024-05-05T17:39:54","slug":"spieltag-2-ihc-langnau-stars-vs-ihc-grenchen","status":"publish","type":"post","link":"https:\/\/ihc-grenchen.ch\/wordpress\/index.php\/2023\/05\/18\/spieltag-2-ihc-langnau-stars-vs-ihc-grenchen\/","title":{"rendered":"Spieltag 2: IHC Langnau Stars vs. IHC Grenchen"},"content":{"rendered":"\n<p class=\"wp-block-paragraph\">Bei warmem Wetter, in einem eher langsamen Spiel, konnten wir uns am Schluss durchsetzen. Mit einem dezimierten Kader fiel es uns schwer, mit Tempo zu spielen. Die Kr\u00e4fte schienen zu schwinden. Wir konnten immer wieder ausgleichen. In Unterzahl gelang es uns paar Minuten vor Schluss, den F\u00fchrungstreffer zu erzielen. Die letzten 4 Minuten gelang uns ein starkes Unterzahlspiel, welches uns 3 Punkte sicherte.<br>&#8212;&#8211;<br>Somit sind wir nun in der Liga immer noch ungeschlagen mit 6 Punkten aus 2 Spielen.<br>Dies m\u00f6chten wir auch in unserem n\u00e4chsten Ausw\u00e4rtsspiel gegen die\u00a0<a href=\"https:\/\/www.instagram.com\/fightpigsgersau\/\">@fightpigsgersau<\/a>\u00a0am Samstag 13.05.2023 um 14:00 Uhr weiter so durchziehen und somit weiterhin als lachender Sieger vom Feld gehen.<\/p>\n","protected":false},"excerpt":{"rendered":"<p>Bei warmem Wetter, in einem eher langsamen Spiel, konnten wir uns am Schluss durchsetzen. Mit einem dezimierten Kader fiel es uns schwer, mit Tempo zu spielen. Die Kr\u00e4fte schienen zu schwinden. Wir konnten immer wieder ausgleichen. In Unterzahl gelang es uns paar Minuten vor Schluss, den F\u00fchrungstreffer zu erzielen. Die letzten 4 Minuten gelang uns [&hellip;]<\/p>\n","protected":false},"author":1,"featured_media":581,"comment_status":"closed","ping_status":"closed","sticky":false,"template":"","format":"standard","meta":{"om_disable_all_campaigns":false,"_monsterinsights_skip_tracking":false,"footnotes":""},"categories":[46,44],"tags":[],"class_list":["post-580","post","type-post","status-publish","format-standard","has-post-thumbnail","hentry","category-meisterschaft-saison-2023","category-saison-2023"],"yoast_head":"<!-- This site is optimized with the Yoast SEO plugin v28.3 - https:\/\/yoast.com\/product\/yoast-seo-wordpress\/ -->\n<title>Spieltag 2: IHC Langnau Stars vs. IHC Grenchen - IHC Grenchen<\/title>\n<meta name=\"robots\" content=\"index, follow, max-snippet:-1, max-image-preview:large, max-video-preview:-1\" \/>\n<link rel=\"canonical\" href=\"https:\/\/ihc-grenchen.ch\/wordpress\/index.php\/2023\/05\/18\/spieltag-2-ihc-langnau-stars-vs-ihc-grenchen\/\" \/>\n<meta property=\"og:locale\" content=\"de_DE\" \/>\n<meta property=\"og:type\" content=\"article\" \/>\n<meta property=\"og:title\" content=\"Spieltag 2: IHC Langnau Stars vs. IHC Grenchen - IHC Grenchen\" \/>\n<meta property=\"og:description\" content=\"Bei warmem Wetter, in einem eher langsamen Spiel, konnten wir uns am Schluss durchsetzen. Mit einem dezimierten Kader fiel es uns schwer, mit Tempo zu spielen. Die Kr\u00e4fte schienen zu schwinden. Wir konnten immer wieder ausgleichen. In Unterzahl gelang es uns paar Minuten vor Schluss, den F\u00fchrungstreffer zu erzielen. Die letzten 4 Minuten gelang uns [&hellip;]\" \/>\n<meta property=\"og:url\" content=\"https:\/\/ihc-grenchen.ch\/wordpress\/index.php\/2023\/05\/18\/spieltag-2-ihc-langnau-stars-vs-ihc-grenchen\/\" \/>\n<meta property=\"og:site_name\" content=\"IHC Grenchen\" \/>\n<meta property=\"article:publisher\" content=\"https:\/\/www.facebook.com\/ihcgrenchen\/\" \/>\n<meta property=\"article:published_time\" content=\"2023-05-18T12:46:43+00:00\" \/>\n<meta property=\"article:modified_time\" content=\"2024-05-05T17:39:54+00:00\" \/>\n<meta property=\"og:image\" content=\"https:\/\/ihc-grenchen.ch\/wordpress\/wp-content\/uploads\/2023\/05\/SPIEL02_AUSWAeRTS_LANGNAU_RESULTAT.png\" \/>\n\t<meta property=\"og:image:width\" content=\"1080\" \/>\n\t<meta property=\"og:image:height\" content=\"1080\" \/>\n\t<meta property=\"og:image:type\" content=\"image\/png\" \/>\n<meta name=\"author\" content=\"Nils Sterchi\" \/>\n<meta name=\"twitter:card\" content=\"summary_large_image\" \/>\n<meta name=\"twitter:label1\" content=\"Verfasst von\" \/>\n\t<meta name=\"twitter:data1\" content=\"Nils Sterchi\" \/>\n\t<meta name=\"twitter:label2\" content=\"Gesch\u00e4tzte Lesezeit\" \/>\n\t<meta name=\"twitter:data2\" content=\"1\u00a0Minute\" \/>\n<script type=\"application\/ld+json\" class=\"yoast-schema-graph\">{\"@context\":\"https:\\\/\\\/schema.org\",\"@graph\":[{\"@type\":\"Article\",\"@id\":\"https:\\\/\\\/ihc-grenchen.ch\\\/wordpress\\\/index.php\\\/2023\\\/05\\\/18\\\/spieltag-2-ihc-langnau-stars-vs-ihc-grenchen\\\/#article\",\"isPartOf\":{\"@id\":\"https:\\\/\\\/ihc-grenchen.ch\\\/wordpress\\\/index.php\\\/2023\\\/05\\\/18\\\/spieltag-2-ihc-langnau-stars-vs-ihc-grenchen\\\/\"},\"author\":{\"name\":\"Nils Sterchi\",\"@id\":\"https:\\\/\\\/ihc-grenchen.ch\\\/wordpress\\\/#\\\/schema\\\/person\\\/7506e61e7c8314d00626de5c2ad0c96c\"},\"headline\":\"Spieltag 2: IHC Langnau Stars vs. IHC Grenchen\",\"datePublished\":\"2023-05-18T12:46:43+00:00\",\"dateModified\":\"2024-05-05T17:39:54+00:00\",\"mainEntityOfPage\":{\"@id\":\"https:\\\/\\\/ihc-grenchen.ch\\\/wordpress\\\/index.php\\\/2023\\\/05\\\/18\\\/spieltag-2-ihc-langnau-stars-vs-ihc-grenchen\\\/\"},\"wordCount\":114,\"publisher\":{\"@id\":\"https:\\\/\\\/ihc-grenchen.ch\\\/wordpress\\\/#organization\"},\"image\":{\"@id\":\"https:\\\/\\\/ihc-grenchen.ch\\\/wordpress\\\/index.php\\\/2023\\\/05\\\/18\\\/spieltag-2-ihc-langnau-stars-vs-ihc-grenchen\\\/#primaryimage\"},\"thumbnailUrl\":\"https:\\\/\\\/ihc-grenchen.ch\\\/wordpress\\\/wp-content\\\/uploads\\\/2023\\\/05\\\/SPIEL02_AUSWAeRTS_LANGNAU_RESULTAT.png\",\"articleSection\":[\"Meisterschaft\",\"Saison 2023\"],\"inLanguage\":\"de-CH\"},{\"@type\":\"WebPage\",\"@id\":\"https:\\\/\\\/ihc-grenchen.ch\\\/wordpress\\\/index.php\\\/2023\\\/05\\\/18\\\/spieltag-2-ihc-langnau-stars-vs-ihc-grenchen\\\/\",\"url\":\"https:\\\/\\\/ihc-grenchen.ch\\\/wordpress\\\/index.php\\\/2023\\\/05\\\/18\\\/spieltag-2-ihc-langnau-stars-vs-ihc-grenchen\\\/\",\"name\":\"Spieltag 2: IHC Langnau Stars vs. IHC Grenchen - IHC Grenchen\",\"isPartOf\":{\"@id\":\"https:\\\/\\\/ihc-grenchen.ch\\\/wordpress\\\/#website\"},\"primaryImageOfPage\":{\"@id\":\"https:\\\/\\\/ihc-grenchen.ch\\\/wordpress\\\/index.php\\\/2023\\\/05\\\/18\\\/spieltag-2-ihc-langnau-stars-vs-ihc-grenchen\\\/#primaryimage\"},\"image\":{\"@id\":\"https:\\\/\\\/ihc-grenchen.ch\\\/wordpress\\\/index.php\\\/2023\\\/05\\\/18\\\/spieltag-2-ihc-langnau-stars-vs-ihc-grenchen\\\/#primaryimage\"},\"thumbnailUrl\":\"https:\\\/\\\/ihc-grenchen.ch\\\/wordpress\\\/wp-content\\\/uploads\\\/2023\\\/05\\\/SPIEL02_AUSWAeRTS_LANGNAU_RESULTAT.png\",\"datePublished\":\"2023-05-18T12:46:43+00:00\",\"dateModified\":\"2024-05-05T17:39:54+00:00\",\"breadcrumb\":{\"@id\":\"https:\\\/\\\/ihc-grenchen.ch\\\/wordpress\\\/index.php\\\/2023\\\/05\\\/18\\\/spieltag-2-ihc-langnau-stars-vs-ihc-grenchen\\\/#breadcrumb\"},\"inLanguage\":\"de-CH\",\"potentialAction\":[{\"@type\":\"ReadAction\",\"target\":[\"https:\\\/\\\/ihc-grenchen.ch\\\/wordpress\\\/index.php\\\/2023\\\/05\\\/18\\\/spieltag-2-ihc-langnau-stars-vs-ihc-grenchen\\\/\"]}]},{\"@type\":\"ImageObject\",\"inLanguage\":\"de-CH\",\"@id\":\"https:\\\/\\\/ihc-grenchen.ch\\\/wordpress\\\/index.php\\\/2023\\\/05\\\/18\\\/spieltag-2-ihc-langnau-stars-vs-ihc-grenchen\\\/#primaryimage\",\"url\":\"https:\\\/\\\/ihc-grenchen.ch\\\/wordpress\\\/wp-content\\\/uploads\\\/2023\\\/05\\\/SPIEL02_AUSWAeRTS_LANGNAU_RESULTAT.png\",\"contentUrl\":\"https:\\\/\\\/ihc-grenchen.ch\\\/wordpress\\\/wp-content\\\/uploads\\\/2023\\\/05\\\/SPIEL02_AUSWAeRTS_LANGNAU_RESULTAT.png\",\"width\":1080,\"height\":1080},{\"@type\":\"BreadcrumbList\",\"@id\":\"https:\\\/\\\/ihc-grenchen.ch\\\/wordpress\\\/index.php\\\/2023\\\/05\\\/18\\\/spieltag-2-ihc-langnau-stars-vs-ihc-grenchen\\\/#breadcrumb\",\"itemListElement\":[{\"@type\":\"ListItem\",\"position\":1,\"name\":\"Startseite\",\"item\":\"https:\\\/\\\/ihc-grenchen.ch\\\/wordpress\\\/\"},{\"@type\":\"ListItem\",\"position\":2,\"name\":\"Spieltag 2: IHC Langnau Stars vs. IHC Grenchen\"}]},{\"@type\":\"WebSite\",\"@id\":\"https:\\\/\\\/ihc-grenchen.ch\\\/wordpress\\\/#website\",\"url\":\"https:\\\/\\\/ihc-grenchen.ch\\\/wordpress\\\/\",\"name\":\"IHC Grenchen\",\"description\":\"Inlinehockey Verein aus Grenchen\",\"publisher\":{\"@id\":\"https:\\\/\\\/ihc-grenchen.ch\\\/wordpress\\\/#organization\"},\"potentialAction\":[{\"@type\":\"SearchAction\",\"target\":{\"@type\":\"EntryPoint\",\"urlTemplate\":\"https:\\\/\\\/ihc-grenchen.ch\\\/wordpress\\\/?s={search_term_string}\"},\"query-input\":{\"@type\":\"PropertyValueSpecification\",\"valueRequired\":true,\"valueName\":\"search_term_string\"}}],\"inLanguage\":\"de-CH\"},{\"@type\":\"Organization\",\"@id\":\"https:\\\/\\\/ihc-grenchen.ch\\\/wordpress\\\/#organization\",\"name\":\"IHC Grenchen\",\"url\":\"https:\\\/\\\/ihc-grenchen.ch\\\/wordpress\\\/\",\"logo\":{\"@type\":\"ImageObject\",\"inLanguage\":\"de-CH\",\"@id\":\"https:\\\/\\\/ihc-grenchen.ch\\\/wordpress\\\/#\\\/schema\\\/logo\\\/image\\\/\",\"url\":\"https:\\\/\\\/ihc-grenchen.ch\\\/wordpress\\\/wp-content\\\/uploads\\\/2023\\\/12\\\/grenchen-58d05f5f593cf-1.jpg\",\"contentUrl\":\"https:\\\/\\\/ihc-grenchen.ch\\\/wordpress\\\/wp-content\\\/uploads\\\/2023\\\/12\\\/grenchen-58d05f5f593cf-1.jpg\",\"width\":200,\"height\":200,\"caption\":\"IHC Grenchen\"},\"image\":{\"@id\":\"https:\\\/\\\/ihc-grenchen.ch\\\/wordpress\\\/#\\\/schema\\\/logo\\\/image\\\/\"},\"sameAs\":[\"https:\\\/\\\/www.facebook.com\\\/ihcgrenchen\\\/\",\"https:\\\/\\\/www.instagram.com\\\/ihc_grenchen\\\/\"]},{\"@type\":\"Person\",\"@id\":\"https:\\\/\\\/ihc-grenchen.ch\\\/wordpress\\\/#\\\/schema\\\/person\\\/7506e61e7c8314d00626de5c2ad0c96c\",\"name\":\"Nils Sterchi\",\"image\":{\"@type\":\"ImageObject\",\"inLanguage\":\"de-CH\",\"@id\":\"https:\\\/\\\/secure.gravatar.com\\\/avatar\\\/9d2a4825f9663654cea9fa5415f0dbaa59575f8e1bc60c4b7ef45c473f56e9e3?s=96&d=mm&r=g\",\"url\":\"https:\\\/\\\/secure.gravatar.com\\\/avatar\\\/9d2a4825f9663654cea9fa5415f0dbaa59575f8e1bc60c4b7ef45c473f56e9e3?s=96&d=mm&r=g\",\"contentUrl\":\"https:\\\/\\\/secure.gravatar.com\\\/avatar\\\/9d2a4825f9663654cea9fa5415f0dbaa59575f8e1bc60c4b7ef45c473f56e9e3?s=96&d=mm&r=g\",\"caption\":\"Nils Sterchi\"},\"sameAs\":[\"https:\\\/\\\/ihc-grenchen.ch\\\/wordpress\"],\"url\":\"https:\\\/\\\/ihc-grenchen.ch\\\/wordpress\\\/index.php\\\/author\\\/nsterchi_lustzd0w\\\/\"}]}<\/script>\n<!-- \/ Yoast SEO plugin. -->","yoast_head_json":{"title":"Spieltag 2: IHC Langnau Stars vs. IHC Grenchen - IHC Grenchen","robots":{"index":"index","follow":"follow","max-snippet":"max-snippet:-1","max-image-preview":"max-image-preview:large","max-video-preview":"max-video-preview:-1"},"canonical":"https:\/\/ihc-grenchen.ch\/wordpress\/index.php\/2023\/05\/18\/spieltag-2-ihc-langnau-stars-vs-ihc-grenchen\/","og_locale":"de_DE","og_type":"article","og_title":"Spieltag 2: IHC Langnau Stars vs. IHC Grenchen - IHC Grenchen","og_description":"Bei warmem Wetter, in einem eher langsamen Spiel, konnten wir uns am Schluss durchsetzen. Mit einem dezimierten Kader fiel es uns schwer, mit Tempo zu spielen. Die Kr\u00e4fte schienen zu schwinden. Wir konnten immer wieder ausgleichen. In Unterzahl gelang es uns paar Minuten vor Schluss, den F\u00fchrungstreffer zu erzielen. Die letzten 4 Minuten gelang uns [&hellip;]","og_url":"https:\/\/ihc-grenchen.ch\/wordpress\/index.php\/2023\/05\/18\/spieltag-2-ihc-langnau-stars-vs-ihc-grenchen\/","og_site_name":"IHC Grenchen","article_publisher":"https:\/\/www.facebook.com\/ihcgrenchen\/","article_published_time":"2023-05-18T12:46:43+00:00","article_modified_time":"2024-05-05T17:39:54+00:00","og_image":[{"width":1080,"height":1080,"url":"https:\/\/ihc-grenchen.ch\/wordpress\/wp-content\/uploads\/2023\/05\/SPIEL02_AUSWAeRTS_LANGNAU_RESULTAT.png","type":"image\/png"}],"author":"Nils Sterchi","twitter_card":"summary_large_image","twitter_misc":{"Verfasst von":"Nils Sterchi","Gesch\u00e4tzte Lesezeit":"1\u00a0Minute"},"schema":{"@context":"https:\/\/schema.org","@graph":[{"@type":"Article","@id":"https:\/\/ihc-grenchen.ch\/wordpress\/index.php\/2023\/05\/18\/spieltag-2-ihc-langnau-stars-vs-ihc-grenchen\/#article","isPartOf":{"@id":"https:\/\/ihc-grenchen.ch\/wordpress\/index.php\/2023\/05\/18\/spieltag-2-ihc-langnau-stars-vs-ihc-grenchen\/"},"author":{"name":"Nils Sterchi","@id":"https:\/\/ihc-grenchen.ch\/wordpress\/#\/schema\/person\/7506e61e7c8314d00626de5c2ad0c96c"},"headline":"Spieltag 2: IHC Langnau Stars vs. IHC Grenchen","datePublished":"2023-05-18T12:46:43+00:00","dateModified":"2024-05-05T17:39:54+00:00","mainEntityOfPage":{"@id":"https:\/\/ihc-grenchen.ch\/wordpress\/index.php\/2023\/05\/18\/spieltag-2-ihc-langnau-stars-vs-ihc-grenchen\/"},"wordCount":114,"publisher":{"@id":"https:\/\/ihc-grenchen.ch\/wordpress\/#organization"},"image":{"@id":"https:\/\/ihc-grenchen.ch\/wordpress\/index.php\/2023\/05\/18\/spieltag-2-ihc-langnau-stars-vs-ihc-grenchen\/#primaryimage"},"thumbnailUrl":"https:\/\/ihc-grenchen.ch\/wordpress\/wp-content\/uploads\/2023\/05\/SPIEL02_AUSWAeRTS_LANGNAU_RESULTAT.png","articleSection":["Meisterschaft","Saison 2023"],"inLanguage":"de-CH"},{"@type":"WebPage","@id":"https:\/\/ihc-grenchen.ch\/wordpress\/index.php\/2023\/05\/18\/spieltag-2-ihc-langnau-stars-vs-ihc-grenchen\/","url":"https:\/\/ihc-grenchen.ch\/wordpress\/index.php\/2023\/05\/18\/spieltag-2-ihc-langnau-stars-vs-ihc-grenchen\/","name":"Spieltag 2: IHC Langnau Stars vs. IHC Grenchen - IHC Grenchen","isPartOf":{"@id":"https:\/\/ihc-grenchen.ch\/wordpress\/#website"},"primaryImageOfPage":{"@id":"https:\/\/ihc-grenchen.ch\/wordpress\/index.php\/2023\/05\/18\/spieltag-2-ihc-langnau-stars-vs-ihc-grenchen\/#primaryimage"},"image":{"@id":"https:\/\/ihc-grenchen.ch\/wordpress\/index.php\/2023\/05\/18\/spieltag-2-ihc-langnau-stars-vs-ihc-grenchen\/#primaryimage"},"thumbnailUrl":"https:\/\/ihc-grenchen.ch\/wordpress\/wp-content\/uploads\/2023\/05\/SPIEL02_AUSWAeRTS_LANGNAU_RESULTAT.png","datePublished":"2023-05-18T12:46:43+00:00","dateModified":"2024-05-05T17:39:54+00:00","breadcrumb":{"@id":"https:\/\/ihc-grenchen.ch\/wordpress\/index.php\/2023\/05\/18\/spieltag-2-ihc-langnau-stars-vs-ihc-grenchen\/#breadcrumb"},"inLanguage":"de-CH","potentialAction":[{"@type":"ReadAction","target":["https:\/\/ihc-grenchen.ch\/wordpress\/index.php\/2023\/05\/18\/spieltag-2-ihc-langnau-stars-vs-ihc-grenchen\/"]}]},{"@type":"ImageObject","inLanguage":"de-CH","@id":"https:\/\/ihc-grenchen.ch\/wordpress\/index.php\/2023\/05\/18\/spieltag-2-ihc-langnau-stars-vs-ihc-grenchen\/#primaryimage","url":"https:\/\/ihc-grenchen.ch\/wordpress\/wp-content\/uploads\/2023\/05\/SPIEL02_AUSWAeRTS_LANGNAU_RESULTAT.png","contentUrl":"https:\/\/ihc-grenchen.ch\/wordpress\/wp-content\/uploads\/2023\/05\/SPIEL02_AUSWAeRTS_LANGNAU_RESULTAT.png","width":1080,"height":1080},{"@type":"BreadcrumbList","@id":"https:\/\/ihc-grenchen.ch\/wordpress\/index.php\/2023\/05\/18\/spieltag-2-ihc-langnau-stars-vs-ihc-grenchen\/#breadcrumb","itemListElement":[{"@type":"ListItem","position":1,"name":"Startseite","item":"https:\/\/ihc-grenchen.ch\/wordpress\/"},{"@type":"ListItem","position":2,"name":"Spieltag 2: IHC Langnau Stars vs. IHC Grenchen"}]},{"@type":"WebSite","@id":"https:\/\/ihc-grenchen.ch\/wordpress\/#website","url":"https:\/\/ihc-grenchen.ch\/wordpress\/","name":"IHC Grenchen","description":"Inlinehockey Verein aus Grenchen","publisher":{"@id":"https:\/\/ihc-grenchen.ch\/wordpress\/#organization"},"potentialAction":[{"@type":"SearchAction","target":{"@type":"EntryPoint","urlTemplate":"https:\/\/ihc-grenchen.ch\/wordpress\/?s={search_term_string}"},"query-input":{"@type":"PropertyValueSpecification","valueRequired":true,"valueName":"search_term_string"}}],"inLanguage":"de-CH"},{"@type":"Organization","@id":"https:\/\/ihc-grenchen.ch\/wordpress\/#organization","name":"IHC Grenchen","url":"https:\/\/ihc-grenchen.ch\/wordpress\/","logo":{"@type":"ImageObject","inLanguage":"de-CH","@id":"https:\/\/ihc-grenchen.ch\/wordpress\/#\/schema\/logo\/image\/","url":"https:\/\/ihc-grenchen.ch\/wordpress\/wp-content\/uploads\/2023\/12\/grenchen-58d05f5f593cf-1.jpg","contentUrl":"https:\/\/ihc-grenchen.ch\/wordpress\/wp-content\/uploads\/2023\/12\/grenchen-58d05f5f593cf-1.jpg","width":200,"height":200,"caption":"IHC Grenchen"},"image":{"@id":"https:\/\/ihc-grenchen.ch\/wordpress\/#\/schema\/logo\/image\/"},"sameAs":["https:\/\/www.facebook.com\/ihcgrenchen\/","https:\/\/www.instagram.com\/ihc_grenchen\/"]},{"@type":"Person","@id":"https:\/\/ihc-grenchen.ch\/wordpress\/#\/schema\/person\/7506e61e7c8314d00626de5c2ad0c96c","name":"Nils Sterchi","image":{"@type":"ImageObject","inLanguage":"de-CH","@id":"https:\/\/secure.gravatar.com\/avatar\/9d2a4825f9663654cea9fa5415f0dbaa59575f8e1bc60c4b7ef45c473f56e9e3?s=96&d=mm&r=g","url":"https:\/\/secure.gravatar.com\/avatar\/9d2a4825f9663654cea9fa5415f0dbaa59575f8e1bc60c4b7ef45c473f56e9e3?s=96&d=mm&r=g","contentUrl":"https:\/\/secure.gravatar.com\/avatar\/9d2a4825f9663654cea9fa5415f0dbaa59575f8e1bc60c4b7ef45c473f56e9e3?s=96&d=mm&r=g","caption":"Nils Sterchi"},"sameAs":["https:\/\/ihc-grenchen.ch\/wordpress"],"url":"https:\/\/ihc-grenchen.ch\/wordpress\/index.php\/author\/nsterchi_lustzd0w\/"}]}},"jetpack_featured_media_url":"https:\/\/ihc-grenchen.ch\/wordpress\/wp-content\/uploads\/2023\/05\/SPIEL02_AUSWAeRTS_LANGNAU_RESULTAT.png","_links":{"self":[{"href":"https:\/\/ihc-grenchen.ch\/wordpress\/index.php\/wp-json\/wp\/v2\/posts\/580","targetHints":{"allow":["GET"]}}],"collection":[{"href":"https:\/\/ihc-grenchen.ch\/wordpress\/index.php\/wp-json\/wp\/v2\/posts"}],"about":[{"href":"https:\/\/ihc-grenchen.ch\/wordpress\/index.php\/wp-json\/wp\/v2\/types\/post"}],"author":[{"embeddable":true,"href":"https:\/\/ihc-grenchen.ch\/wordpress\/index.php\/wp-json\/wp\/v2\/users\/1"}],"replies":[{"embeddable":true,"href":"https:\/\/ihc-grenchen.ch\/wordpress\/index.php\/wp-json\/wp\/v2\/comments?post=580"}],"version-history":[{"count":1,"href":"https:\/\/ihc-grenchen.ch\/wordpress\/index.php\/wp-json\/wp\/v2\/posts\/580\/revisions"}],"predecessor-version":[{"id":1451,"href":"https:\/\/ihc-grenchen.ch\/wordpress\/index.php\/wp-json\/wp\/v2\/posts\/580\/revisions\/1451"}],"wp:featuredmedia":[{"embeddable":true,"href":"https:\/\/ihc-grenchen.ch\/wordpress\/index.php\/wp-json\/wp\/v2\/media\/581"}],"wp:attachment":[{"href":"https:\/\/ihc-grenchen.ch\/wordpress\/index.php\/wp-json\/wp\/v2\/media?parent=580"}],"wp:term":[{"taxonomy":"category","embeddable":true,"href":"https:\/\/ihc-grenchen.ch\/wordpress\/index.php\/wp-json\/wp\/v2\/categories?post=580"},{"taxonomy":"post_tag","embeddable":true,"href":"https:\/\/ihc-grenchen.ch\/wordpress\/index.php\/wp-json\/wp\/v2\/tags?post=580"}],"curies":[{"name":"wp","href":"https:\/\/api.w.org\/{rel}","templated":true}]}}