{"id":623,"date":"2023-06-25T19:32:37","date_gmt":"2023-06-25T18:32:37","guid":{"rendered":"https:\/\/ihc-grenchen.ch\/wordpress\/?p=623"},"modified":"2024-05-05T18:39:38","modified_gmt":"2024-05-05T17:39:38","slug":"spieltag-11-ihc-grenchen-vs-ihc-langnau-stars","status":"publish","type":"post","link":"https:\/\/ihc-grenchen.ch\/wordpress\/index.php\/2023\/06\/25\/spieltag-11-ihc-grenchen-vs-ihc-langnau-stars\/","title":{"rendered":"Spieltag 11: IHC Grenchen vs. IHC Langnau Stars"},"content":{"rendered":"\n<p class=\"wp-block-paragraph\">TABELLENF\u00dcHRER ZUR SOMMERPAUSE<br>&#8212;&#8211;<br>Wir gewinnen, das Spiel gegen die\u00a0<a href=\"https:\/\/www.instagram.com\/ihc_langnau_stars_1996\/\">@ihc_langnau_stars_1996<\/a>\u00a0mit 7:4 und gehen somit als TABELLENF\u00dcHRER in die Sommerpause.<br>&#8212;&#8211;<br>Das Spiel bei sehr heissen Temperaturen war die ganze Zeit sehr ausgeglichen. Wieder spielten wir ein sehr starkes 1. Drittel und hatten dann im 2. Drittel einige Chancen liegen gelassen. Der Gegner konnte dies jedoch nicht effizient ausnutzen und das Spiel ausgleichen. Im 3. Drittel gelang und dann der Start gar nicht und die Stars wurden immer st\u00e4rker. Nach 10 Minuten konnten wir uns aber fangen und das Spiel sauber runterspielen.<br>&#8212;&#8211;<br>Somit beenden wir die Hinrunde auf dem sensationellen 1. Platz und die Chancen auf die Playoffs stehen nun sehr gut.<br>Wir spielen nun in ca. 2 Monaten wieder zuhause gegen die\u00a0<a href=\"https:\/\/www.instagram.com\/fightpigsgersau\/\">@fightpigsgersau<\/a>\u00a0am 27.08.2023 um 14:00 Uhr und wollen nat\u00fcrlich weitere 3 Punkte holen. Danach spielen wir direkt einen Tag sp\u00e4ter am Montag 28.08.2023 ausw\u00e4rts gegen die\u00a0<a href=\"https:\/\/www.instagram.com\/alligatorsruswil\/\">@alligatorsruswil<\/a><br>Somit geht es f\u00fcr uns dann direkt wieder Vollgas weiter.<br>&#8212;&#8211;<br>Nat\u00fcrlich kann das heutige Spiel auch wieder auf Youtube noch nachgeschaut werden.<\/p>\n","protected":false},"excerpt":{"rendered":"<p>TABELLENF\u00dcHRER ZUR SOMMERPAUSE&#8212;&#8211;Wir gewinnen, das Spiel gegen die\u00a0@ihc_langnau_stars_1996\u00a0mit 7:4 und gehen somit als TABELLENF\u00dcHRER in die Sommerpause.&#8212;&#8211;Das Spiel bei sehr heissen Temperaturen war die ganze Zeit sehr ausgeglichen. Wieder spielten wir ein sehr starkes 1. Drittel und hatten dann im 2. Drittel einige Chancen liegen gelassen. Der Gegner konnte dies jedoch nicht effizient ausnutzen und [&hellip;]<\/p>\n","protected":false},"author":1,"featured_media":624,"comment_status":"closed","ping_status":"closed","sticky":false,"template":"","format":"standard","meta":{"om_disable_all_campaigns":false,"_monsterinsights_skip_tracking":false,"footnotes":""},"categories":[46,44],"tags":[],"class_list":["post-623","post","type-post","status-publish","format-standard","has-post-thumbnail","hentry","category-meisterschaft-saison-2023","category-saison-2023"],"yoast_head":"<!-- This site is optimized with the Yoast SEO plugin v28.3 - https:\/\/yoast.com\/product\/yoast-seo-wordpress\/ -->\n<title>Spieltag 11: IHC Grenchen vs. IHC Langnau Stars - IHC Grenchen<\/title>\n<meta name=\"robots\" content=\"index, follow, max-snippet:-1, max-image-preview:large, max-video-preview:-1\" \/>\n<link rel=\"canonical\" href=\"https:\/\/ihc-grenchen.ch\/wordpress\/index.php\/2023\/06\/25\/spieltag-11-ihc-grenchen-vs-ihc-langnau-stars\/\" \/>\n<meta property=\"og:locale\" content=\"de_DE\" \/>\n<meta property=\"og:type\" content=\"article\" \/>\n<meta property=\"og:title\" content=\"Spieltag 11: IHC Grenchen vs. IHC Langnau Stars - IHC Grenchen\" \/>\n<meta property=\"og:description\" content=\"TABELLENF\u00dcHRER ZUR SOMMERPAUSE&#8212;&#8211;Wir gewinnen, das Spiel gegen die\u00a0@ihc_langnau_stars_1996\u00a0mit 7:4 und gehen somit als TABELLENF\u00dcHRER in die Sommerpause.&#8212;&#8211;Das Spiel bei sehr heissen Temperaturen war die ganze Zeit sehr ausgeglichen. Wieder spielten wir ein sehr starkes 1. Drittel und hatten dann im 2. Drittel einige Chancen liegen gelassen. Der Gegner konnte dies jedoch nicht effizient ausnutzen und [&hellip;]\" \/>\n<meta property=\"og:url\" content=\"https:\/\/ihc-grenchen.ch\/wordpress\/index.php\/2023\/06\/25\/spieltag-11-ihc-grenchen-vs-ihc-langnau-stars\/\" \/>\n<meta property=\"og:site_name\" content=\"IHC Grenchen\" \/>\n<meta property=\"article:publisher\" content=\"https:\/\/www.facebook.com\/ihcgrenchen\/\" \/>\n<meta property=\"article:published_time\" content=\"2023-06-25T18:32:37+00:00\" \/>\n<meta property=\"article:modified_time\" content=\"2024-05-05T17:39:38+00:00\" \/>\n<meta property=\"og:image\" content=\"https:\/\/ihc-grenchen.ch\/wordpress\/wp-content\/uploads\/2023\/06\/SPIEL11_HEIM_LANGNAU_RESULTAT.png\" \/>\n\t<meta property=\"og:image:width\" content=\"1080\" \/>\n\t<meta property=\"og:image:height\" content=\"1080\" \/>\n\t<meta property=\"og:image:type\" content=\"image\/png\" \/>\n<meta name=\"author\" content=\"Nils Sterchi\" \/>\n<meta name=\"twitter:card\" content=\"summary_large_image\" \/>\n<meta name=\"twitter:label1\" content=\"Verfasst von\" \/>\n\t<meta name=\"twitter:data1\" content=\"Nils Sterchi\" \/>\n\t<meta name=\"twitter:label2\" content=\"Gesch\u00e4tzte Lesezeit\" \/>\n\t<meta name=\"twitter:data2\" content=\"1\u00a0Minute\" \/>\n<script type=\"application\/ld+json\" class=\"yoast-schema-graph\">{\"@context\":\"https:\\\/\\\/schema.org\",\"@graph\":[{\"@type\":\"Article\",\"@id\":\"https:\\\/\\\/ihc-grenchen.ch\\\/wordpress\\\/index.php\\\/2023\\\/06\\\/25\\\/spieltag-11-ihc-grenchen-vs-ihc-langnau-stars\\\/#article\",\"isPartOf\":{\"@id\":\"https:\\\/\\\/ihc-grenchen.ch\\\/wordpress\\\/index.php\\\/2023\\\/06\\\/25\\\/spieltag-11-ihc-grenchen-vs-ihc-langnau-stars\\\/\"},\"author\":{\"name\":\"Nils Sterchi\",\"@id\":\"https:\\\/\\\/ihc-grenchen.ch\\\/wordpress\\\/#\\\/schema\\\/person\\\/7506e61e7c8314d00626de5c2ad0c96c\"},\"headline\":\"Spieltag 11: IHC Grenchen vs. IHC Langnau Stars\",\"datePublished\":\"2023-06-25T18:32:37+00:00\",\"dateModified\":\"2024-05-05T17:39:38+00:00\",\"mainEntityOfPage\":{\"@id\":\"https:\\\/\\\/ihc-grenchen.ch\\\/wordpress\\\/index.php\\\/2023\\\/06\\\/25\\\/spieltag-11-ihc-grenchen-vs-ihc-langnau-stars\\\/\"},\"wordCount\":176,\"publisher\":{\"@id\":\"https:\\\/\\\/ihc-grenchen.ch\\\/wordpress\\\/#organization\"},\"image\":{\"@id\":\"https:\\\/\\\/ihc-grenchen.ch\\\/wordpress\\\/index.php\\\/2023\\\/06\\\/25\\\/spieltag-11-ihc-grenchen-vs-ihc-langnau-stars\\\/#primaryimage\"},\"thumbnailUrl\":\"https:\\\/\\\/ihc-grenchen.ch\\\/wordpress\\\/wp-content\\\/uploads\\\/2023\\\/06\\\/SPIEL11_HEIM_LANGNAU_RESULTAT.png\",\"articleSection\":[\"Meisterschaft\",\"Saison 2023\"],\"inLanguage\":\"de-CH\"},{\"@type\":\"WebPage\",\"@id\":\"https:\\\/\\\/ihc-grenchen.ch\\\/wordpress\\\/index.php\\\/2023\\\/06\\\/25\\\/spieltag-11-ihc-grenchen-vs-ihc-langnau-stars\\\/\",\"url\":\"https:\\\/\\\/ihc-grenchen.ch\\\/wordpress\\\/index.php\\\/2023\\\/06\\\/25\\\/spieltag-11-ihc-grenchen-vs-ihc-langnau-stars\\\/\",\"name\":\"Spieltag 11: IHC Grenchen vs. IHC Langnau Stars - IHC Grenchen\",\"isPartOf\":{\"@id\":\"https:\\\/\\\/ihc-grenchen.ch\\\/wordpress\\\/#website\"},\"primaryImageOfPage\":{\"@id\":\"https:\\\/\\\/ihc-grenchen.ch\\\/wordpress\\\/index.php\\\/2023\\\/06\\\/25\\\/spieltag-11-ihc-grenchen-vs-ihc-langnau-stars\\\/#primaryimage\"},\"image\":{\"@id\":\"https:\\\/\\\/ihc-grenchen.ch\\\/wordpress\\\/index.php\\\/2023\\\/06\\\/25\\\/spieltag-11-ihc-grenchen-vs-ihc-langnau-stars\\\/#primaryimage\"},\"thumbnailUrl\":\"https:\\\/\\\/ihc-grenchen.ch\\\/wordpress\\\/wp-content\\\/uploads\\\/2023\\\/06\\\/SPIEL11_HEIM_LANGNAU_RESULTAT.png\",\"datePublished\":\"2023-06-25T18:32:37+00:00\",\"dateModified\":\"2024-05-05T17:39:38+00:00\",\"breadcrumb\":{\"@id\":\"https:\\\/\\\/ihc-grenchen.ch\\\/wordpress\\\/index.php\\\/2023\\\/06\\\/25\\\/spieltag-11-ihc-grenchen-vs-ihc-langnau-stars\\\/#breadcrumb\"},\"inLanguage\":\"de-CH\",\"potentialAction\":[{\"@type\":\"ReadAction\",\"target\":[\"https:\\\/\\\/ihc-grenchen.ch\\\/wordpress\\\/index.php\\\/2023\\\/06\\\/25\\\/spieltag-11-ihc-grenchen-vs-ihc-langnau-stars\\\/\"]}]},{\"@type\":\"ImageObject\",\"inLanguage\":\"de-CH\",\"@id\":\"https:\\\/\\\/ihc-grenchen.ch\\\/wordpress\\\/index.php\\\/2023\\\/06\\\/25\\\/spieltag-11-ihc-grenchen-vs-ihc-langnau-stars\\\/#primaryimage\",\"url\":\"https:\\\/\\\/ihc-grenchen.ch\\\/wordpress\\\/wp-content\\\/uploads\\\/2023\\\/06\\\/SPIEL11_HEIM_LANGNAU_RESULTAT.png\",\"contentUrl\":\"https:\\\/\\\/ihc-grenchen.ch\\\/wordpress\\\/wp-content\\\/uploads\\\/2023\\\/06\\\/SPIEL11_HEIM_LANGNAU_RESULTAT.png\",\"width\":1080,\"height\":1080},{\"@type\":\"BreadcrumbList\",\"@id\":\"https:\\\/\\\/ihc-grenchen.ch\\\/wordpress\\\/index.php\\\/2023\\\/06\\\/25\\\/spieltag-11-ihc-grenchen-vs-ihc-langnau-stars\\\/#breadcrumb\",\"itemListElement\":[{\"@type\":\"ListItem\",\"position\":1,\"name\":\"Startseite\",\"item\":\"https:\\\/\\\/ihc-grenchen.ch\\\/wordpress\\\/\"},{\"@type\":\"ListItem\",\"position\":2,\"name\":\"Spieltag 11: IHC Grenchen vs. IHC Langnau Stars\"}]},{\"@type\":\"WebSite\",\"@id\":\"https:\\\/\\\/ihc-grenchen.ch\\\/wordpress\\\/#website\",\"url\":\"https:\\\/\\\/ihc-grenchen.ch\\\/wordpress\\\/\",\"name\":\"IHC Grenchen\",\"description\":\"Inlinehockey Verein aus Grenchen\",\"publisher\":{\"@id\":\"https:\\\/\\\/ihc-grenchen.ch\\\/wordpress\\\/#organization\"},\"potentialAction\":[{\"@type\":\"SearchAction\",\"target\":{\"@type\":\"EntryPoint\",\"urlTemplate\":\"https:\\\/\\\/ihc-grenchen.ch\\\/wordpress\\\/?s={search_term_string}\"},\"query-input\":{\"@type\":\"PropertyValueSpecification\",\"valueRequired\":true,\"valueName\":\"search_term_string\"}}],\"inLanguage\":\"de-CH\"},{\"@type\":\"Organization\",\"@id\":\"https:\\\/\\\/ihc-grenchen.ch\\\/wordpress\\\/#organization\",\"name\":\"IHC Grenchen\",\"url\":\"https:\\\/\\\/ihc-grenchen.ch\\\/wordpress\\\/\",\"logo\":{\"@type\":\"ImageObject\",\"inLanguage\":\"de-CH\",\"@id\":\"https:\\\/\\\/ihc-grenchen.ch\\\/wordpress\\\/#\\\/schema\\\/logo\\\/image\\\/\",\"url\":\"https:\\\/\\\/ihc-grenchen.ch\\\/wordpress\\\/wp-content\\\/uploads\\\/2023\\\/12\\\/grenchen-58d05f5f593cf-1.jpg\",\"contentUrl\":\"https:\\\/\\\/ihc-grenchen.ch\\\/wordpress\\\/wp-content\\\/uploads\\\/2023\\\/12\\\/grenchen-58d05f5f593cf-1.jpg\",\"width\":200,\"height\":200,\"caption\":\"IHC Grenchen\"},\"image\":{\"@id\":\"https:\\\/\\\/ihc-grenchen.ch\\\/wordpress\\\/#\\\/schema\\\/logo\\\/image\\\/\"},\"sameAs\":[\"https:\\\/\\\/www.facebook.com\\\/ihcgrenchen\\\/\",\"https:\\\/\\\/www.instagram.com\\\/ihc_grenchen\\\/\"]},{\"@type\":\"Person\",\"@id\":\"https:\\\/\\\/ihc-grenchen.ch\\\/wordpress\\\/#\\\/schema\\\/person\\\/7506e61e7c8314d00626de5c2ad0c96c\",\"name\":\"Nils Sterchi\",\"image\":{\"@type\":\"ImageObject\",\"inLanguage\":\"de-CH\",\"@id\":\"https:\\\/\\\/secure.gravatar.com\\\/avatar\\\/9d2a4825f9663654cea9fa5415f0dbaa59575f8e1bc60c4b7ef45c473f56e9e3?s=96&d=mm&r=g\",\"url\":\"https:\\\/\\\/secure.gravatar.com\\\/avatar\\\/9d2a4825f9663654cea9fa5415f0dbaa59575f8e1bc60c4b7ef45c473f56e9e3?s=96&d=mm&r=g\",\"contentUrl\":\"https:\\\/\\\/secure.gravatar.com\\\/avatar\\\/9d2a4825f9663654cea9fa5415f0dbaa59575f8e1bc60c4b7ef45c473f56e9e3?s=96&d=mm&r=g\",\"caption\":\"Nils Sterchi\"},\"sameAs\":[\"https:\\\/\\\/ihc-grenchen.ch\\\/wordpress\"],\"url\":\"https:\\\/\\\/ihc-grenchen.ch\\\/wordpress\\\/index.php\\\/author\\\/nsterchi_lustzd0w\\\/\"}]}<\/script>\n<!-- \/ Yoast SEO plugin. -->","yoast_head_json":{"title":"Spieltag 11: IHC Grenchen vs. IHC Langnau Stars - IHC Grenchen","robots":{"index":"index","follow":"follow","max-snippet":"max-snippet:-1","max-image-preview":"max-image-preview:large","max-video-preview":"max-video-preview:-1"},"canonical":"https:\/\/ihc-grenchen.ch\/wordpress\/index.php\/2023\/06\/25\/spieltag-11-ihc-grenchen-vs-ihc-langnau-stars\/","og_locale":"de_DE","og_type":"article","og_title":"Spieltag 11: IHC Grenchen vs. IHC Langnau Stars - IHC Grenchen","og_description":"TABELLENF\u00dcHRER ZUR SOMMERPAUSE&#8212;&#8211;Wir gewinnen, das Spiel gegen die\u00a0@ihc_langnau_stars_1996\u00a0mit 7:4 und gehen somit als TABELLENF\u00dcHRER in die Sommerpause.&#8212;&#8211;Das Spiel bei sehr heissen Temperaturen war die ganze Zeit sehr ausgeglichen. Wieder spielten wir ein sehr starkes 1. Drittel und hatten dann im 2. Drittel einige Chancen liegen gelassen. Der Gegner konnte dies jedoch nicht effizient ausnutzen und [&hellip;]","og_url":"https:\/\/ihc-grenchen.ch\/wordpress\/index.php\/2023\/06\/25\/spieltag-11-ihc-grenchen-vs-ihc-langnau-stars\/","og_site_name":"IHC Grenchen","article_publisher":"https:\/\/www.facebook.com\/ihcgrenchen\/","article_published_time":"2023-06-25T18:32:37+00:00","article_modified_time":"2024-05-05T17:39:38+00:00","og_image":[{"width":1080,"height":1080,"url":"https:\/\/ihc-grenchen.ch\/wordpress\/wp-content\/uploads\/2023\/06\/SPIEL11_HEIM_LANGNAU_RESULTAT.png","type":"image\/png"}],"author":"Nils Sterchi","twitter_card":"summary_large_image","twitter_misc":{"Verfasst von":"Nils Sterchi","Gesch\u00e4tzte Lesezeit":"1\u00a0Minute"},"schema":{"@context":"https:\/\/schema.org","@graph":[{"@type":"Article","@id":"https:\/\/ihc-grenchen.ch\/wordpress\/index.php\/2023\/06\/25\/spieltag-11-ihc-grenchen-vs-ihc-langnau-stars\/#article","isPartOf":{"@id":"https:\/\/ihc-grenchen.ch\/wordpress\/index.php\/2023\/06\/25\/spieltag-11-ihc-grenchen-vs-ihc-langnau-stars\/"},"author":{"name":"Nils Sterchi","@id":"https:\/\/ihc-grenchen.ch\/wordpress\/#\/schema\/person\/7506e61e7c8314d00626de5c2ad0c96c"},"headline":"Spieltag 11: IHC Grenchen vs. IHC Langnau Stars","datePublished":"2023-06-25T18:32:37+00:00","dateModified":"2024-05-05T17:39:38+00:00","mainEntityOfPage":{"@id":"https:\/\/ihc-grenchen.ch\/wordpress\/index.php\/2023\/06\/25\/spieltag-11-ihc-grenchen-vs-ihc-langnau-stars\/"},"wordCount":176,"publisher":{"@id":"https:\/\/ihc-grenchen.ch\/wordpress\/#organization"},"image":{"@id":"https:\/\/ihc-grenchen.ch\/wordpress\/index.php\/2023\/06\/25\/spieltag-11-ihc-grenchen-vs-ihc-langnau-stars\/#primaryimage"},"thumbnailUrl":"https:\/\/ihc-grenchen.ch\/wordpress\/wp-content\/uploads\/2023\/06\/SPIEL11_HEIM_LANGNAU_RESULTAT.png","articleSection":["Meisterschaft","Saison 2023"],"inLanguage":"de-CH"},{"@type":"WebPage","@id":"https:\/\/ihc-grenchen.ch\/wordpress\/index.php\/2023\/06\/25\/spieltag-11-ihc-grenchen-vs-ihc-langnau-stars\/","url":"https:\/\/ihc-grenchen.ch\/wordpress\/index.php\/2023\/06\/25\/spieltag-11-ihc-grenchen-vs-ihc-langnau-stars\/","name":"Spieltag 11: IHC Grenchen vs. IHC Langnau Stars - IHC Grenchen","isPartOf":{"@id":"https:\/\/ihc-grenchen.ch\/wordpress\/#website"},"primaryImageOfPage":{"@id":"https:\/\/ihc-grenchen.ch\/wordpress\/index.php\/2023\/06\/25\/spieltag-11-ihc-grenchen-vs-ihc-langnau-stars\/#primaryimage"},"image":{"@id":"https:\/\/ihc-grenchen.ch\/wordpress\/index.php\/2023\/06\/25\/spieltag-11-ihc-grenchen-vs-ihc-langnau-stars\/#primaryimage"},"thumbnailUrl":"https:\/\/ihc-grenchen.ch\/wordpress\/wp-content\/uploads\/2023\/06\/SPIEL11_HEIM_LANGNAU_RESULTAT.png","datePublished":"2023-06-25T18:32:37+00:00","dateModified":"2024-05-05T17:39:38+00:00","breadcrumb":{"@id":"https:\/\/ihc-grenchen.ch\/wordpress\/index.php\/2023\/06\/25\/spieltag-11-ihc-grenchen-vs-ihc-langnau-stars\/#breadcrumb"},"inLanguage":"de-CH","potentialAction":[{"@type":"ReadAction","target":["https:\/\/ihc-grenchen.ch\/wordpress\/index.php\/2023\/06\/25\/spieltag-11-ihc-grenchen-vs-ihc-langnau-stars\/"]}]},{"@type":"ImageObject","inLanguage":"de-CH","@id":"https:\/\/ihc-grenchen.ch\/wordpress\/index.php\/2023\/06\/25\/spieltag-11-ihc-grenchen-vs-ihc-langnau-stars\/#primaryimage","url":"https:\/\/ihc-grenchen.ch\/wordpress\/wp-content\/uploads\/2023\/06\/SPIEL11_HEIM_LANGNAU_RESULTAT.png","contentUrl":"https:\/\/ihc-grenchen.ch\/wordpress\/wp-content\/uploads\/2023\/06\/SPIEL11_HEIM_LANGNAU_RESULTAT.png","width":1080,"height":1080},{"@type":"BreadcrumbList","@id":"https:\/\/ihc-grenchen.ch\/wordpress\/index.php\/2023\/06\/25\/spieltag-11-ihc-grenchen-vs-ihc-langnau-stars\/#breadcrumb","itemListElement":[{"@type":"ListItem","position":1,"name":"Startseite","item":"https:\/\/ihc-grenchen.ch\/wordpress\/"},{"@type":"ListItem","position":2,"name":"Spieltag 11: IHC Grenchen vs. IHC Langnau Stars"}]},{"@type":"WebSite","@id":"https:\/\/ihc-grenchen.ch\/wordpress\/#website","url":"https:\/\/ihc-grenchen.ch\/wordpress\/","name":"IHC Grenchen","description":"Inlinehockey Verein aus Grenchen","publisher":{"@id":"https:\/\/ihc-grenchen.ch\/wordpress\/#organization"},"potentialAction":[{"@type":"SearchAction","target":{"@type":"EntryPoint","urlTemplate":"https:\/\/ihc-grenchen.ch\/wordpress\/?s={search_term_string}"},"query-input":{"@type":"PropertyValueSpecification","valueRequired":true,"valueName":"search_term_string"}}],"inLanguage":"de-CH"},{"@type":"Organization","@id":"https:\/\/ihc-grenchen.ch\/wordpress\/#organization","name":"IHC Grenchen","url":"https:\/\/ihc-grenchen.ch\/wordpress\/","logo":{"@type":"ImageObject","inLanguage":"de-CH","@id":"https:\/\/ihc-grenchen.ch\/wordpress\/#\/schema\/logo\/image\/","url":"https:\/\/ihc-grenchen.ch\/wordpress\/wp-content\/uploads\/2023\/12\/grenchen-58d05f5f593cf-1.jpg","contentUrl":"https:\/\/ihc-grenchen.ch\/wordpress\/wp-content\/uploads\/2023\/12\/grenchen-58d05f5f593cf-1.jpg","width":200,"height":200,"caption":"IHC Grenchen"},"image":{"@id":"https:\/\/ihc-grenchen.ch\/wordpress\/#\/schema\/logo\/image\/"},"sameAs":["https:\/\/www.facebook.com\/ihcgrenchen\/","https:\/\/www.instagram.com\/ihc_grenchen\/"]},{"@type":"Person","@id":"https:\/\/ihc-grenchen.ch\/wordpress\/#\/schema\/person\/7506e61e7c8314d00626de5c2ad0c96c","name":"Nils Sterchi","image":{"@type":"ImageObject","inLanguage":"de-CH","@id":"https:\/\/secure.gravatar.com\/avatar\/9d2a4825f9663654cea9fa5415f0dbaa59575f8e1bc60c4b7ef45c473f56e9e3?s=96&d=mm&r=g","url":"https:\/\/secure.gravatar.com\/avatar\/9d2a4825f9663654cea9fa5415f0dbaa59575f8e1bc60c4b7ef45c473f56e9e3?s=96&d=mm&r=g","contentUrl":"https:\/\/secure.gravatar.com\/avatar\/9d2a4825f9663654cea9fa5415f0dbaa59575f8e1bc60c4b7ef45c473f56e9e3?s=96&d=mm&r=g","caption":"Nils Sterchi"},"sameAs":["https:\/\/ihc-grenchen.ch\/wordpress"],"url":"https:\/\/ihc-grenchen.ch\/wordpress\/index.php\/author\/nsterchi_lustzd0w\/"}]}},"jetpack_featured_media_url":"https:\/\/ihc-grenchen.ch\/wordpress\/wp-content\/uploads\/2023\/06\/SPIEL11_HEIM_LANGNAU_RESULTAT.png","_links":{"self":[{"href":"https:\/\/ihc-grenchen.ch\/wordpress\/index.php\/wp-json\/wp\/v2\/posts\/623","targetHints":{"allow":["GET"]}}],"collection":[{"href":"https:\/\/ihc-grenchen.ch\/wordpress\/index.php\/wp-json\/wp\/v2\/posts"}],"about":[{"href":"https:\/\/ihc-grenchen.ch\/wordpress\/index.php\/wp-json\/wp\/v2\/types\/post"}],"author":[{"embeddable":true,"href":"https:\/\/ihc-grenchen.ch\/wordpress\/index.php\/wp-json\/wp\/v2\/users\/1"}],"replies":[{"embeddable":true,"href":"https:\/\/ihc-grenchen.ch\/wordpress\/index.php\/wp-json\/wp\/v2\/comments?post=623"}],"version-history":[{"count":1,"href":"https:\/\/ihc-grenchen.ch\/wordpress\/index.php\/wp-json\/wp\/v2\/posts\/623\/revisions"}],"predecessor-version":[{"id":1442,"href":"https:\/\/ihc-grenchen.ch\/wordpress\/index.php\/wp-json\/wp\/v2\/posts\/623\/revisions\/1442"}],"wp:featuredmedia":[{"embeddable":true,"href":"https:\/\/ihc-grenchen.ch\/wordpress\/index.php\/wp-json\/wp\/v2\/media\/624"}],"wp:attachment":[{"href":"https:\/\/ihc-grenchen.ch\/wordpress\/index.php\/wp-json\/wp\/v2\/media?parent=623"}],"wp:term":[{"taxonomy":"category","embeddable":true,"href":"https:\/\/ihc-grenchen.ch\/wordpress\/index.php\/wp-json\/wp\/v2\/categories?post=623"},{"taxonomy":"post_tag","embeddable":true,"href":"https:\/\/ihc-grenchen.ch\/wordpress\/index.php\/wp-json\/wp\/v2\/tags?post=623"}],"curies":[{"name":"wp","href":"https:\/\/api.w.org\/{rel}","templated":true}]}}